{"id":13803,"date":"2022-11-15T11:38:11","date_gmt":"2022-11-15T11:38:11","guid":{"rendered":"https:\/\/periodismodigital.mx\/?p=13803"},"modified":"2022-11-15T11:38:12","modified_gmt":"2022-11-15T11:38:12","slug":"detenciones-armas-y-vehiculos-asegurados-resultados-de-las-instituciones-de-procuracion-de-justicia-y-seguridad-publica-en-guerrero","status":"publish","type":"post","link":"https:\/\/periodismodigital.mx\/?p=13803","title":{"rendered":"Detenciones, armas y veh\u00edculos asegurados, resultados de las instituciones de procuraci\u00f3n de justicia y seguridad p\u00fablica en Guerrero"},"content":{"rendered":"\n<p>*En el municipio de Apaxtla, hay presencia de elementos de seguridad de los tres niveles de gobierno y las actividades de la poblaci\u00f3n son de manera normal.<\/p>\n\n\n\n<p>Chilpancingo, Gro., 15 de noviembre de 2022.- Personas detenidas, armas y veh\u00edculos decomisados, as\u00ed como la localizaci\u00f3n de mujeres y ni\u00f1os reportados como desaparecidos, son los resultados que arrojaron los trabajos permanentes de las instituciones responsables de la seguridad y la procuraci\u00f3n de justicia, fue lo informado en la sesi\u00f3n semanal de los integrantes de la Mesa para la Construcci\u00f3n de la paz, adem\u00e1s del seguimiento a la denuncia de personas armadas en la cabecera de Apaxtla de Castrej\u00f3n.<\/p>\n\n\n\n<p>En la sesi\u00f3n realizada desde Casa Guerrero, el director de gobernaci\u00f3n Francisco Rodr\u00edguez Cisneros v\u00eda zoom, asegur\u00f3 que en Apaxtla los ciudadanos realizan sus actividades de manera normal y existe presencia de las corporaciones polic\u00edacas y desminti\u00f3 los rumores de presuntas balaceras en el poblado.<\/p>\n\n\n\n<p>A su vez, el jefe de la polic\u00eda cibern\u00e9tica Antonio Carlos Herrera Justo, inform\u00f3 que la polic\u00eda del estado detuvo a 21 personas que fueron puestas a disposici\u00f3n de autoridades del fuero com\u00fan y federal, as\u00ed como 30 veh\u00edculos y cuatro armas decomisadas, por estar involucradas en actividades delictivas.<\/p>\n\n\n\n<p>Los elementos de la SSP, participaron en Acapulco la detenci\u00f3n del feminicida Jes\u00fas N, reclamado por la fiscal\u00eda de Chiapas por privar de la vida a su esposa Claudia N; adem\u00e1s de capacitar y participar en actividades para prevenir la violencia feminicida, como la localizaci\u00f3n de 113 mujeres y ocho ni\u00f1os gracias a la alerta Violeta, quedando pendientes de localizar a 10 mujeres con alertas recientes.<\/p>\n\n\n\n<p>A su vez, el director de comunicaci\u00f3n social de la Fiscal\u00eda, Carlos Alberto Hern\u00e1ndez Monje inform\u00f3 sobre la designaci\u00f3n de Jos\u00e9 Torres Rodr\u00edguez como nuevo fiscal regional en Tierra Caliente, as\u00ed como la obtenci\u00f3n de sentencias favorables en contra de personas responsables de cometer homicidio, violaci\u00f3n, robo o violencia familiar; adem\u00e1s, habl\u00f3 de la detenci\u00f3n de 13 personas con \u00f3rdenes de aprehensi\u00f3n y cuatro en flagrancia, as\u00ed como la recuperaci\u00f3n de 10 veh\u00edculos y la obtenci\u00f3n de 35 acuerdos reparatorios.<\/p>\n\n\n\n<p>Finalmente, el representante de la secretaria de salud Jes\u00fas Ulises Adame, inform\u00f3 que en Guerrero se tienen detectados nueve casos de viruela s\u00edmica, en los municipios de Acapulco, Coyuca de Catal\u00e1n y Pungarabato, pero que los pacientes se encuentran con tratamiento m\u00e9dico; por lo cual llam\u00f3 a la poblaci\u00f3n a continuar con el lavado de manos y el uso de cubrebocas para evitar la propagaci\u00f3n de esa enfermedad.<\/p>\n\n\n\n<p>En la sesi\u00f3n estuvo presente el director de comunicaci\u00f3n Social del gobierno Ren\u00e9 Posselt Aguirre y el vocero de la Mesa de Seguridad, Randy Su\u00e1stegui Cebrero.<\/p>\n","protected":false},"excerpt":{"rendered":"<p>*La Secretar\u00eda de Salud Guerrero, llama a la poblaci\u00f3n a tomar medidas preventivas ante el registro de casos de viruela s\u00edmica en el estado<\/p>\n","protected":false},"author":2,"featured_media":13804,"comment_status":"open","ping_status":"closed","sticky":false,"template":"","format":"standard","meta":{"footnotes":""},"categories":[4],"tags":[6012,5377,6013],"class_list":["post-13803","post","type-post","status-publish","format-standard","has-post-thumbnail","hentry","category-policiaca","tag-armas-y-carros-asegurados","tag-hay-detenciones","tag-resultados-de-la-procuracion-de-justicia"],"_links":{"self":[{"href":"https:\/\/periodismodigital.mx\/index.php?rest_route=\/wp\/v2\/posts\/13803","targetHints":{"allow":["GET"]}}],"collection":[{"href":"https:\/\/periodismodigital.mx\/index.php?rest_route=\/wp\/v2\/posts"}],"about":[{"href":"https:\/\/periodismodigital.mx\/index.php?rest_route=\/wp\/v2\/types\/post"}],"author":[{"embeddable":true,"href":"https:\/\/periodismodigital.mx\/index.php?rest_route=\/wp\/v2\/users\/2"}],"replies":[{"embeddable":true,"href":"https:\/\/periodismodigital.mx\/index.php?rest_route=%2Fwp%2Fv2%2Fcomments&post=13803"}],"version-history":[{"count":1,"href":"https:\/\/periodismodigital.mx\/index.php?rest_route=\/wp\/v2\/posts\/13803\/revisions"}],"predecessor-version":[{"id":13805,"href":"https:\/\/periodismodigital.mx\/index.php?rest_route=\/wp\/v2\/posts\/13803\/revisions\/13805"}],"wp:featuredmedia":[{"embeddable":true,"href":"https:\/\/periodismodigital.mx\/index.php?rest_route=\/wp\/v2\/media\/13804"}],"wp:attachment":[{"href":"https:\/\/periodismodigital.mx\/index.php?rest_route=%2Fwp%2Fv2%2Fmedia&parent=13803"}],"wp:term":[{"taxonomy":"category","embeddable":true,"href":"https:\/\/periodismodigital.mx\/index.php?rest_route=%2Fwp%2Fv2%2Fcategories&post=13803"},{"taxonomy":"post_tag","embeddable":true,"href":"https:\/\/periodismodigital.mx\/index.php?rest_route=%2Fwp%2Fv2%2Ftags&post=13803"}],"curies":[{"name":"wp","href":"https:\/\/api.w.org\/{rel}","templated":true}]}}