{"id":16468,"date":"2023-01-17T16:11:11","date_gmt":"2023-01-17T16:11:11","guid":{"rendered":"https:\/\/periodismodigital.mx\/?p=16468"},"modified":"2023-01-17T16:11:13","modified_gmt":"2023-01-17T16:11:13","slug":"historia-de-reporteros-autosabotaje","status":"publish","type":"post","link":"https:\/\/periodismodigital.mx\/?p=16468","title":{"rendered":"Historia de reporteros: Autosabotaje"},"content":{"rendered":"\n<p>Por Carlos Loret de Mola.     cortes\u00eda del peri\u00f3dico el Universal el Gran Diario Independiente de M\u00e9xico<\/p>\n\n\n\n<p>\u00bfPor qu\u00e9 desde que entr\u00f3 la&nbsp;<strong>Guardia Nacional al Metro<\/strong>&nbsp;se multiplicaron los \u201cincidentes at\u00edpicos\u201d? \u00bfPor qu\u00e9 el primer detenido es un joven que protestaba por la militarizaci\u00f3n? \u00bfEl Metro choc\u00f3 por una lata de bebida vac\u00eda? \u00bfEl Metro se parti\u00f3 en dos porque a una se\u00f1ora se le cay\u00f3 un aspa de lavadora de pl\u00e1stico en las v\u00edas? \u00bfNo se considera autosabotaje pol\u00edtico hacer una fiesta por la reapertura de un tramo de la L\u00ednea 12 que cerr\u00f3 porque murieron 26 personas?<\/p>\n\n\n\n<p>\u00bfQui\u00e9n es verdaderamente responsable de que despache en la&nbsp;<strong>Suprema Corte<\/strong>&nbsp;una ministra que plagi\u00f3 su tesis? \u00bfEs culpa de la UNAM por querer zafarse de retirarle el t\u00edtulo de Licenciatura, o es culpa de quien la postul\u00f3 y no asume la responsabilidad de haber encumbrado a alguien sin las credenciales que marca la ley? \u00bfNo basta una llamada del presidente a su amiga ministra para terminar con esta verg\u00fcenza? \u00bfNo se considera autosabotaje pol\u00edtico defender a una ministra plagiaria, insistir en hacerla presidenta de la Suprema Corte y evitar retirarle el t\u00edtulo?<\/p>\n\n\n\n<p>\u00bfQui\u00e9n tiene la culpa de la ruptura: el subsecretario que se fue sin despedirse o el presidente que lo ilusion\u00f3 con ser su candidato en Coahuila y lo dej\u00f3 hacer todas las trampas para ver si lo consegu\u00eda? Si&nbsp;<strong>Mej\u00eda Berdeja<\/strong>&nbsp;fue operador electoral de&nbsp;<strong>Ricardo Anaya<\/strong>&nbsp;apenas en 2018, \u00bfqu\u00e9 le hizo pensar a&nbsp;<strong>L\u00f3pez Obrador&nbsp;<\/strong>que le ser\u00eda leal? \u00bfO ya hab\u00eda \u201cvendido\u201d esa gubernatura al PRI a cambio de su voto en la militarizaci\u00f3n? \u00bfNo se considera autosabotaje pol\u00edtico dividir los votos del obradorismo en Coahuila, lanzando a un senador de candidato por Morena y a un subsecretario por el PT?<\/p>\n\n\n\n<p>\u00bfCu\u00e1ntos m\u00e1s van a sentirse traicionados al intentar acercarse al presidente? \u00bfUn dirigente de partido que decidi\u00f3 vender una alianza? \u00bfUn ministro de la Corte que quiso escalar coqueteando con Palacio y se llev\u00f3 la descalificaci\u00f3n p\u00fablica? \u00bfLos empresarios que buscaron tender puentes para que a la ma\u00f1anera siguiente los llamaran rateros? \u00bfEl del Indep que le crey\u00f3 hasta que lo quer\u00edan volver corrupto? \u00bfEl del Medio Ambiente que le crey\u00f3 hasta que descubri\u00f3 los negocios sucios de adentro? \u00bfEl de Hacienda al que le prometieron el Banco de M\u00e9xico para despu\u00e9s darle una patada? \u00bfA los que les dieron una patada por organizar una boda que no le gust\u00f3 al se\u00f1or? \u00bfNo es autosabotaje pol\u00edtico generar que tantos se arrepientan de haberse acercado?&nbsp;<\/p>\n\n\n\n<p><strong>SACIAMORBOS&nbsp;<\/strong><br>Sorprendi\u00f3 que el fiscal&nbsp;<strong>Gertz Manero<\/strong>&nbsp;no estuviera en la reuni\u00f3n con el gabinete de Biden. Sorprendi\u00f3 m\u00e1s la \u201cexplicaci\u00f3n\u201d poco cre\u00edble del canciller ante la ausencia de Gertz: le avisamos tarde y ya no pudo.&nbsp;<br>Nos llegan versiones de que el fiscal tuvo que ser hospitalizado de emergencia en Baltimore, casi en a\u00f1o nuevo. Que se puso muy grave, que est\u00e1 ya de regreso en el pa\u00eds y que se encuentra mejor. Ojal\u00e1 recupere su salud y ojal\u00e1 se transparente lo que sucedi\u00f3.<\/p>\n\n\n\n<p><a href=\"mailto:historiasreportero@gmail.com\">historiasreportero@gmail.com<\/a><\/p>\n","protected":false},"excerpt":{"rendered":"<p>\u00bfQui\u00e9n es verdaderamente responsable de que despache en la\u00a0Suprema Corte\u00a0una ministra que plagi\u00f3 su tesis? \u00bfEs culpa de la UNAM por querer zafarse de retirarle el t\u00edtulo de Licenciatura, o es culpa de quien la postul\u00f3 y no asume la responsabilidad de haber encumbrado a alguien sin las credenciales que marca la ley? \u00bfNo basta una llamada del presidente a su amiga ministra para terminar con esta verg\u00fcenza? \u00bfNo se considera autosabotaje pol\u00edtico defender a una ministra plagiaria, insistir en hacerla presidenta de la Suprema Corte y evitar retirarle el t\u00edtulo?<\/p>\n","protected":false},"author":1,"featured_media":16469,"comment_status":"open","ping_status":"closed","sticky":false,"template":"","format":"standard","meta":{"footnotes":""},"categories":[7],"tags":[7209,7208],"class_list":["post-16468","post","type-post","status-publish","format-standard","has-post-thumbnail","hentry","category-opinion","tag-carlos-loret-de-mola","tag-historias-de-reporteros"],"_links":{"self":[{"href":"https:\/\/periodismodigital.mx\/index.php?rest_route=\/wp\/v2\/posts\/16468","targetHints":{"allow":["GET"]}}],"collection":[{"href":"https:\/\/periodismodigital.mx\/index.php?rest_route=\/wp\/v2\/posts"}],"about":[{"href":"https:\/\/periodismodigital.mx\/index.php?rest_route=\/wp\/v2\/types\/post"}],"author":[{"embeddable":true,"href":"https:\/\/periodismodigital.mx\/index.php?rest_route=\/wp\/v2\/users\/1"}],"replies":[{"embeddable":true,"href":"https:\/\/periodismodigital.mx\/index.php?rest_route=%2Fwp%2Fv2%2Fcomments&post=16468"}],"version-history":[{"count":1,"href":"https:\/\/periodismodigital.mx\/index.php?rest_route=\/wp\/v2\/posts\/16468\/revisions"}],"predecessor-version":[{"id":16470,"href":"https:\/\/periodismodigital.mx\/index.php?rest_route=\/wp\/v2\/posts\/16468\/revisions\/16470"}],"wp:featuredmedia":[{"embeddable":true,"href":"https:\/\/periodismodigital.mx\/index.php?rest_route=\/wp\/v2\/media\/16469"}],"wp:attachment":[{"href":"https:\/\/periodismodigital.mx\/index.php?rest_route=%2Fwp%2Fv2%2Fmedia&parent=16468"}],"wp:term":[{"taxonomy":"category","embeddable":true,"href":"https:\/\/periodismodigital.mx\/index.php?rest_route=%2Fwp%2Fv2%2Fcategories&post=16468"},{"taxonomy":"post_tag","embeddable":true,"href":"https:\/\/periodismodigital.mx\/index.php?rest_route=%2Fwp%2Fv2%2Ftags&post=16468"}],"curies":[{"name":"wp","href":"https:\/\/api.w.org\/{rel}","templated":true}]}}