{"id":17446,"date":"2023-02-03T10:00:48","date_gmt":"2023-02-03T10:00:48","guid":{"rendered":"https:\/\/periodismodigital.mx\/?p=17446"},"modified":"2023-02-03T10:00:49","modified_gmt":"2023-02-03T10:00:49","slug":"se-registran-231-casos-activos-de-covid-19-en-todo-el-estado","status":"publish","type":"post","link":"https:\/\/periodismodigital.mx\/?p=17446","title":{"rendered":"Se registran 231 casos activos de Covid-19 en todo el Estado"},"content":{"rendered":"\n<p>*Se pide a la poblaci\u00f3n acudir a sus centros de salud en caso de presentar s\u00edntomas<\/p>\n\n\n\n<p>Chilpancingo, Gro., 03 de febrero de 2023.-Ante el constante llamado a la poblaci\u00f3n por parte del gobierno del estado a preservar las medidas sanitarias para evitar contagios por Covid-19, la Secretar\u00eda de Salud Guerrero (SSG) inform\u00f3 que al 01 de febrero se reportan 231 casos activos, lo que significa una disminuci\u00f3n paulatina del virus.<\/p>\n\n\n\n<p>La dependencia estatal confirm\u00f3 36 casos positivos en las \u00faltimas 24 horas en diferentes regiones del estado, por lo que reiter\u00f3 el llamado a la poblaci\u00f3n a mantener las medidas preventivas.<\/p>\n\n\n\n<p>La SSG detall\u00f3 que Guerrero registra casos activos en 19 municipios, siendo los principales: Chilpancingo, con 88; Acapulco, 81; Iguala, 11; Zihuatanejo, 11; Chilapa, 10; Tlapa, 9; Taxco, 5; Arcelia, 2; Eduardo Neri, 2; y Mochitl\u00e1n, 2.<\/p>\n\n\n\n<p>Al presentar el informe t\u00e9cnico diario sobre el estado de la pandemia en Guerrero, la SSG inform\u00f3 que la entidad acumula 118,384 casos confirmados y 6,873 defunciones, e insisti\u00f3 en el llamado a mantener las medidas preventivas para evitar el aumento de contagios del virus SARS-CoV-2.<\/p>\n\n\n\n<p>Se pide a todas las personas que en el caso de presentar alg\u00fan s\u00edntoma acudan a sus centros de salud para realizarse la prueba y en caso de resultar positivo darle seguimiento m\u00e9dico para salvaguardar su salud, as\u00ed mismo se pide el aislamiento para evitar contagios a sus familiares.<\/p>\n\n\n\n<p>Se sigue destacando que entre las medidas preventivas se encuentran el uso correcto de cubrebocas en espacios cerrados y abiertos, sana distancia de 1.5 metros, lavado de manos constante con agua y jab\u00f3n y\/o desinfecci\u00f3n con alcohol en gel al 70%, adem\u00e1s de evitar aglomeraciones.<\/p>\n","protected":false},"excerpt":{"rendered":"<p>La SSG detall\u00f3 que Guerrero registra casos activos en 19 municipios, siendo los principales: Chilpancingo, con 88; Acapulco, 81; Iguala, 11; Zihuatanejo, 11; Chilapa, 10; Tlapa, 9; Taxco, 5; Arcelia, 2; Eduardo Neri, 2; y Mochitl\u00e1n, 2.<\/p>\n","protected":false},"author":2,"featured_media":17447,"comment_status":"open","ping_status":"closed","sticky":false,"template":"","format":"standard","meta":{"footnotes":""},"categories":[2],"tags":[7544],"class_list":["post-17446","post","type-post","status-publish","format-standard","has-post-thumbnail","hentry","category-noticias","tag-ya-son-231-casos-de-contagios-de-coronavirus"],"_links":{"self":[{"href":"https:\/\/periodismodigital.mx\/index.php?rest_route=\/wp\/v2\/posts\/17446","targetHints":{"allow":["GET"]}}],"collection":[{"href":"https:\/\/periodismodigital.mx\/index.php?rest_route=\/wp\/v2\/posts"}],"about":[{"href":"https:\/\/periodismodigital.mx\/index.php?rest_route=\/wp\/v2\/types\/post"}],"author":[{"embeddable":true,"href":"https:\/\/periodismodigital.mx\/index.php?rest_route=\/wp\/v2\/users\/2"}],"replies":[{"embeddable":true,"href":"https:\/\/periodismodigital.mx\/index.php?rest_route=%2Fwp%2Fv2%2Fcomments&post=17446"}],"version-history":[{"count":1,"href":"https:\/\/periodismodigital.mx\/index.php?rest_route=\/wp\/v2\/posts\/17446\/revisions"}],"predecessor-version":[{"id":17448,"href":"https:\/\/periodismodigital.mx\/index.php?rest_route=\/wp\/v2\/posts\/17446\/revisions\/17448"}],"wp:featuredmedia":[{"embeddable":true,"href":"https:\/\/periodismodigital.mx\/index.php?rest_route=\/wp\/v2\/media\/17447"}],"wp:attachment":[{"href":"https:\/\/periodismodigital.mx\/index.php?rest_route=%2Fwp%2Fv2%2Fmedia&parent=17446"}],"wp:term":[{"taxonomy":"category","embeddable":true,"href":"https:\/\/periodismodigital.mx\/index.php?rest_route=%2Fwp%2Fv2%2Fcategories&post=17446"},{"taxonomy":"post_tag","embeddable":true,"href":"https:\/\/periodismodigital.mx\/index.php?rest_route=%2Fwp%2Fv2%2Ftags&post=17446"}],"curies":[{"name":"wp","href":"https:\/\/api.w.org\/{rel}","templated":true}]}}