{"id":19167,"date":"2023-03-01T12:00:25","date_gmt":"2023-03-01T12:00:25","guid":{"rendered":"https:\/\/periodismodigital.mx\/?p=19167"},"modified":"2023-03-01T12:00:26","modified_gmt":"2023-03-01T12:00:26","slug":"epistolas-surianas-oropeza-el-candidato-de-los-trabajadores","status":"publish","type":"post","link":"https:\/\/periodismodigital.mx\/?p=19167","title":{"rendered":"Ep\u00edstolas Surianas: Oropeza, el candidato de los trabajadores."},"content":{"rendered":"\n<p>De Julio Ayala Carlos<\/p>\n\n\n\n<p>\u2022 Oropeza, el candidato de los trabajadores<\/p>\n\n\n\n<p>ES SEGURO, POR EL RESPALDO QUE TIENE de sus compa\u00f1eros trabajadores, que el candidato de la Planilla Roja a secretario de la secci\u00f3n VII del Suspeg, Juan Carlos Oropeza Mart\u00ednez, no s\u00f3lo gane la elecci\u00f3n el 27 de mayo pr\u00f3ximo, sino que se convierta en su dirigente, siempre y cuando no haya fraude y mano negra por parte de la secretaria general de ese sindicato, Adela Hern\u00e1ndez Angelito, quien ahora ha dejado de ser imparcial para apoyar sin recato a uno de los aspirantes.<\/p>\n\n\n\n<p>As\u00ed es. Este martes, acompa\u00f1ado de un numeroso contingente de sus compa\u00f1eros, en su mayor\u00eda de oficinas del Poder Ejecutivo, y de los diversos organismos p\u00fablicos descentralizados y aut\u00f3nomos, como la Fiscal\u00eda General del Estado, se registr\u00f3 como candidato independiente Oropeza Mart\u00ednez, pues como \u00e9l, cientos y cientos de bur\u00f3cratas, ya est\u00e1n cansados y asqueados de tantos seudol\u00edderes que a trav\u00e9s de los a\u00f1os, y desde la secci\u00f3n VII, se han amafiado con los gobernantes en turno para saciar intereses personales, mientras la base trabajadora sigue en el olvido.<\/p>\n\n\n\n<p>Precisamente por eso, porque la gran mayor\u00eda de los casi tres mil sindicalizados que integran la secci\u00f3n VII del Suspeg, ya est\u00e1n cansados de que se les utilice como trampol\u00edn, o para que sus dirigentes obtengan canonj\u00edas, mientras ellos permanecen en las mismas, es que sus compa\u00f1eros sindicalistas lo convencieran para que se registrara y sea el pr\u00f3ximo secretario general de la citada secci\u00f3n, \u201cpara tener un verdadero representante, un verdadero l\u00edder que vele por nosotros, por todos, y no por unos cuantos\u201d.<\/p>\n\n\n\n<p>En este sentido, es pues la base trabajadora la que lo apoya, y no los que han vivido de la secci\u00f3n de referencia, o los que viven de la secretar\u00eda general del Suspeg, quien lejos de ser imparcial, y de generar un piso parejo para todos los aspirantes, tiene desde antes su gallo, o gallina, generando malestar entre los sindicalizados, as\u00ed como se\u00f1alamientos de que Angela Hern\u00e1ndez tiene las mismas ma\u00f1as de los dirigentes que le han antecedido.<\/p>\n\n\n\n<p>Por eso, dicen en el Suspeg, y concretamente en la secci\u00f3n VII, hoy van con alguien diferente. Que ha dado muestras de compa\u00f1erismo, de lealtad, de responsabilidad y honradez, pero tambi\u00e9n de sencillez y humildad, o lo que es lo mismo, uno como ellos, que los entiende y los comprende, precisamente porque conoce su situaci\u00f3n y las penurias que viven.<\/p>\n\n\n\n<p>En consecuencia, como dec\u00edamos al principio, no hay duda de que Juan Carlos Oropeza Mart\u00ednez ser\u00e1 el pr\u00f3ximo secretario seccional, que integra el sector Central y los organismos p\u00fablicos descentralizados y aut\u00f3nomos, si es que la elecci\u00f3n es limpia y votan todos los trabajadores agremiados, aunque claro, est\u00e1 latente el fraude y los intereses perversos que mueven sus hilos desde la secretar\u00eda general del Suspeg.<\/p>\n\n\n\n<p>Hay que decir, a prop\u00f3sito del abanderado de la Planilla Roja, que es Maestro en G\u00e9nero, Derecho y Proceso Penal, y con una antig\u00fcedad de 23 a\u00f1os en el gobierno del estado como servidor p\u00fablico. Su aspiraci\u00f3n a la dirigencia seccional es a invitaci\u00f3n de sus propios compa\u00f1eros, como hombre solidario y de bien, con el fin de generar mejores condiciones laborales de los trabajadores, a trav\u00e9s del di\u00e1logo, los acuerdos y la negociaci\u00f3n con la parte patronal.<\/p>\n\n\n\n<figure class=\"wp-block-image size-large\"><img loading=\"lazy\" decoding=\"async\" width=\"1024\" height=\"464\" src=\"https:\/\/periodismodigital.mx\/wp-content\/uploads\/2023\/03\/WhatsApp-Image-2023-03-01-at-5.55.24-AM-1024x464.jpeg\" alt=\"\" class=\"wp-image-19169\" srcset=\"https:\/\/periodismodigital.mx\/wp-content\/uploads\/2023\/03\/WhatsApp-Image-2023-03-01-at-5.55.24-AM-1024x464.jpeg 1024w, https:\/\/periodismodigital.mx\/wp-content\/uploads\/2023\/03\/WhatsApp-Image-2023-03-01-at-5.55.24-AM-300x136.jpeg 300w, https:\/\/periodismodigital.mx\/wp-content\/uploads\/2023\/03\/WhatsApp-Image-2023-03-01-at-5.55.24-AM-768x348.jpeg 768w, https:\/\/periodismodigital.mx\/wp-content\/uploads\/2023\/03\/WhatsApp-Image-2023-03-01-at-5.55.24-AM.jpeg 1080w\" sizes=\"auto, (max-width: 1024px) 100vw, 1024px\" \/><\/figure>\n\n\n\n<p>Cabe se\u00f1alar, por cierto, que el hoy candidato a secretario de la Secci\u00f3n VII, no tiene ligas con la c\u00fapula del Suspeg o de otro poder, de tal forma que es un aspirante ajeno a intereses de grupo e incluso de partido pol\u00edtico, lo que lo hace el mejor para dirigir a sus compa\u00f1eros sindicalizados.<\/p>\n\n\n\n<p>En fin. As\u00ed est\u00e1n hoy por hoy las cosas en el Suspeg y en la secci\u00f3n VII. Ojal\u00e1 y haya una elecci\u00f3n tranquila, pues los trabajadores ya no est\u00e1n dispuestos a soportar m\u00e1s imposiciones en favor de sujetos que se han enriquecido con la dirigencia.<\/p>\n\n\n\n<p>EN OTRO ASUNTO, Mientras el PAN demanda al INE investigar a Morena, el partido del presidente de la Rep\u00fablica \u201cpor ser una organizaci\u00f3n criminal, no un partido\u201d, Morena por su parte exige al mismo INE quitarle al PAN el registro, por un supuesto nexo con Genaro Garc\u00eda Luna, procesado en los Estado Unidos por narcotr\u00e1fico.<\/p>\n\n\n\n<p>MIENTRAS TANTO, EN IGUALA, contin\u00faa la Feria de la Bandera, y por supuesto, los muertos que se suceden d\u00eda tras d\u00eda, como tambi\u00e9n ocurre en Acapulco.<\/p>\n\n\n\n<p>Comentarios: Ayala.jc30@gmail.com<\/p>\n","protected":false},"excerpt":{"rendered":"<p>As\u00ed es. Este martes, acompa\u00f1ado de un numeroso contingente de sus compa\u00f1eros, en su mayor\u00eda de oficinas del Poder Ejecutivo, y de los diversos organismos p\u00fablicos descentralizados y aut\u00f3nomos, como la Fiscal\u00eda General del Estado, se registr\u00f3 como candidato independiente Oropeza Mart\u00ednez, pues como \u00e9l, cientos y cientos de bur\u00f3cratas, ya est\u00e1n cansados y asqueados de tantos seudol\u00edderes que a trav\u00e9s de los a\u00f1os, y desde la secci\u00f3n VII, se han amafiado con los gobernantes en turno para saciar intereses personales, mientras la base trabajadora sigue en el olvido.<\/p>\n","protected":false},"author":1,"featured_media":19168,"comment_status":"open","ping_status":"closed","sticky":false,"template":"","format":"standard","meta":{"footnotes":""},"categories":[7],"tags":[4027],"class_list":["post-19167","post","type-post","status-publish","format-standard","has-post-thumbnail","hentry","category-opinion","tag-epistolas-surianas-opinion-de-julio-ayala-carlos"],"_links":{"self":[{"href":"https:\/\/periodismodigital.mx\/index.php?rest_route=\/wp\/v2\/posts\/19167","targetHints":{"allow":["GET"]}}],"collection":[{"href":"https:\/\/periodismodigital.mx\/index.php?rest_route=\/wp\/v2\/posts"}],"about":[{"href":"https:\/\/periodismodigital.mx\/index.php?rest_route=\/wp\/v2\/types\/post"}],"author":[{"embeddable":true,"href":"https:\/\/periodismodigital.mx\/index.php?rest_route=\/wp\/v2\/users\/1"}],"replies":[{"embeddable":true,"href":"https:\/\/periodismodigital.mx\/index.php?rest_route=%2Fwp%2Fv2%2Fcomments&post=19167"}],"version-history":[{"count":1,"href":"https:\/\/periodismodigital.mx\/index.php?rest_route=\/wp\/v2\/posts\/19167\/revisions"}],"predecessor-version":[{"id":19170,"href":"https:\/\/periodismodigital.mx\/index.php?rest_route=\/wp\/v2\/posts\/19167\/revisions\/19170"}],"wp:featuredmedia":[{"embeddable":true,"href":"https:\/\/periodismodigital.mx\/index.php?rest_route=\/wp\/v2\/media\/19168"}],"wp:attachment":[{"href":"https:\/\/periodismodigital.mx\/index.php?rest_route=%2Fwp%2Fv2%2Fmedia&parent=19167"}],"wp:term":[{"taxonomy":"category","embeddable":true,"href":"https:\/\/periodismodigital.mx\/index.php?rest_route=%2Fwp%2Fv2%2Fcategories&post=19167"},{"taxonomy":"post_tag","embeddable":true,"href":"https:\/\/periodismodigital.mx\/index.php?rest_route=%2Fwp%2Fv2%2Ftags&post=19167"}],"curies":[{"name":"wp","href":"https:\/\/api.w.org\/{rel}","templated":true}]}}