{"id":29626,"date":"2023-07-17T02:08:08","date_gmt":"2023-07-17T02:08:08","guid":{"rendered":"https:\/\/periodismodigital.mx\/?p=29626"},"modified":"2023-07-17T02:08:09","modified_gmt":"2023-07-17T02:08:09","slug":"apertura-gobernadora-evelyn-y-felix-salgado-refugio-de-perritos-felices-en-chilpancingo","status":"publish","type":"post","link":"https:\/\/periodismodigital.mx\/?p=29626","title":{"rendered":"Apertura gobernadora Evelyn y F\u00e9lix Salgado refugio de &#8220;Perritos Felices&#8221; en Chilpancingo"},"content":{"rendered":"\n<p>*Fomenta Evelyn Salgado el cuidado y la adopci\u00f3n responsable de los caninos en Guerrero<\/p>\n\n\n\n<p>*Inculcar e imponer a la sociedad el cuidado del medio ambiente y protecci\u00f3n de los animales, plantea F\u00e9lix Salgado<\/p>\n\n\n\n<p>Chilpancingo, Gro., 17 de julio del 2023. &#8211; En un ambiente de alegr\u00eda y de convivencia familiar, la gobernadora Evelyn Salgado Pineda y el senador F\u00e9lix Salgado Macedonio inauguraron en Chilpancingo el Refugio &#8220;Perritos Felices&#8221;, el primero de su tipo en el estado para la atenci\u00f3n, cuidado y adopci\u00f3n responsable, con el objetivo de brindarles una vida digna a los caninos.<\/p>\n\n\n\n<p>&#8220;Es un sue\u00f1o hecho realidad de mi padre, estoy contenta por eso, y faltan muchos m\u00e1s, en todos y cada uno de tus sue\u00f1os tu familia te va estar acompa\u00f1ando siempre. Formalmente estamos inaugurando este espacio ecol\u00f3gico, ambientalistas, de amor para todos nuestros animalitos Perritos Felices&#8221;, expres\u00f3 Evelyn Salgado.<\/p>\n\n\n\n<figure class=\"wp-block-image size-full\"><img loading=\"lazy\" decoding=\"async\" width=\"1024\" height=\"683\" src=\"https:\/\/periodismodigital.mx\/wp-content\/uploads\/2023\/07\/WhatsApp-Image-2023-07-16-at-1.48.48-PM.jpeg\" alt=\"\" class=\"wp-image-29629\" srcset=\"https:\/\/periodismodigital.mx\/wp-content\/uploads\/2023\/07\/WhatsApp-Image-2023-07-16-at-1.48.48-PM.jpeg 1024w, https:\/\/periodismodigital.mx\/wp-content\/uploads\/2023\/07\/WhatsApp-Image-2023-07-16-at-1.48.48-PM-300x200.jpeg 300w, https:\/\/periodismodigital.mx\/wp-content\/uploads\/2023\/07\/WhatsApp-Image-2023-07-16-at-1.48.48-PM-768x512.jpeg 768w\" sizes=\"auto, (max-width: 1024px) 100vw, 1024px\" \/><\/figure>\n\n\n\n<p>Este espacio perruno ubicado en la parte alta de la capital del estado, es un proyecto ecosustentable y cultural, de fomento al cuidado de los animales, creado por iniciativa del Senador de la Rep\u00fablica F\u00e9lix Salgado Macedonio, con el respaldo de la gobernadora Evelyn Salgado Pineda.<\/p>\n\n\n\n<p>Ni\u00f1as, ni\u00f1os y j\u00f3venes, as\u00ed como padres de familia acudieron a la apertura de este refugio de perritos felices, siendo el primero en la entidad, cuyo modelo ser\u00e1 replicado por la gobernadora Evelyn Salgado en diversas partes de Guerrero, fomentado la adopci\u00f3n responsable de los canes.<\/p>\n\n\n\n<figure class=\"wp-block-image size-full\"><img loading=\"lazy\" decoding=\"async\" width=\"1024\" height=\"683\" src=\"https:\/\/periodismodigital.mx\/wp-content\/uploads\/2023\/07\/WhatsApp-Image-2023-07-16-at-1.48.48-PM-1.jpeg\" alt=\"\" class=\"wp-image-29628\" srcset=\"https:\/\/periodismodigital.mx\/wp-content\/uploads\/2023\/07\/WhatsApp-Image-2023-07-16-at-1.48.48-PM-1.jpeg 1024w, https:\/\/periodismodigital.mx\/wp-content\/uploads\/2023\/07\/WhatsApp-Image-2023-07-16-at-1.48.48-PM-1-300x200.jpeg 300w, https:\/\/periodismodigital.mx\/wp-content\/uploads\/2023\/07\/WhatsApp-Image-2023-07-16-at-1.48.48-PM-1-768x512.jpeg 768w\" sizes=\"auto, (max-width: 1024px) 100vw, 1024px\" \/><\/figure>\n\n\n\n<p>La mandataria estatal puntualiz\u00f3 que este es un espacio de amor, armon\u00eda, donde los animalitos est\u00e1n en libertad, son bien cuidados y son tratados con mucho amor, y donde se podr\u00e1n realizar donaciones en especie para la manutenci\u00f3n de los perritos.<\/p>\n\n\n\n<p>El senador F\u00e9lix Salgado Macedonio invit\u00f3 a la poblaci\u00f3n de Chilpancingo y de Guerrero, visitar y conocer este nuevo lugar ecol\u00f3gico que cuenta con personal especializado multidisciplinario y que estar\u00e1 abierto al p\u00fablico de 8 de la ma\u00f1ana a 10 de la noche.<\/p>\n\n\n\n<figure class=\"wp-block-image size-full\"><img loading=\"lazy\" decoding=\"async\" width=\"1024\" height=\"683\" src=\"https:\/\/periodismodigital.mx\/wp-content\/uploads\/2023\/07\/WhatsApp-Image-2023-07-16-at-1.48.48-PM-2.jpeg\" alt=\"\" class=\"wp-image-29630\" srcset=\"https:\/\/periodismodigital.mx\/wp-content\/uploads\/2023\/07\/WhatsApp-Image-2023-07-16-at-1.48.48-PM-2.jpeg 1024w, https:\/\/periodismodigital.mx\/wp-content\/uploads\/2023\/07\/WhatsApp-Image-2023-07-16-at-1.48.48-PM-2-300x200.jpeg 300w, https:\/\/periodismodigital.mx\/wp-content\/uploads\/2023\/07\/WhatsApp-Image-2023-07-16-at-1.48.48-PM-2-768x512.jpeg 768w\" sizes=\"auto, (max-width: 1024px) 100vw, 1024px\" \/><\/figure>\n\n\n\n<p>Salgado Macedonio, dijo este lugar es del pueblo y para el pueblo, abierto, ecol\u00f3gico, cultural y animalistas, que tiene que ver con la pedagog\u00eda, en este contexto se pronunci\u00f3 por inculcar, ense\u00f1ar e imponer a la sociedad el cuidado del medio ambiente y la protecci\u00f3n de los animales.<\/p>\n\n\n\n<p>La gobernadora Evelyn Salgado y F\u00e9lix Salgado, fueron acompa\u00f1ados por como la presidenta del DIF Guerrero, Liz Salgado Pineda y funcionarios estatales, as\u00ed como de familias, ni\u00f1as, ni\u00f1os y j\u00f3venes de Chilpancingo.<\/p>\n","protected":false},"excerpt":{"rendered":"<p>&#8220;Es un sue\u00f1o hecho realidad de mi padre, estoy contenta por eso, y faltan muchos m\u00e1s, en todos y cada uno de tus sue\u00f1os tu familia te va estar acompa\u00f1ando siempre. Formalmente estamos inaugurando este espacio ecol\u00f3gico, ambientalistas, de amor para todos nuestros animalitos Perritos Felices&#8221;, expres\u00f3 Evelyn Salgado.<\/p>\n","protected":false},"author":2,"featured_media":29627,"comment_status":"open","ping_status":"closed","sticky":false,"template":"","format":"standard","meta":{"footnotes":""},"categories":[2],"tags":[13095,13096],"class_list":["post-29626","post","type-post","status-publish","format-standard","has-post-thumbnail","hentry","category-noticias","tag-apertura-gobernadora-evelyn-y-felix-salgado","tag-refugio-de-perritos-felices-en-chilpancingo"],"_links":{"self":[{"href":"https:\/\/periodismodigital.mx\/index.php?rest_route=\/wp\/v2\/posts\/29626","targetHints":{"allow":["GET"]}}],"collection":[{"href":"https:\/\/periodismodigital.mx\/index.php?rest_route=\/wp\/v2\/posts"}],"about":[{"href":"https:\/\/periodismodigital.mx\/index.php?rest_route=\/wp\/v2\/types\/post"}],"author":[{"embeddable":true,"href":"https:\/\/periodismodigital.mx\/index.php?rest_route=\/wp\/v2\/users\/2"}],"replies":[{"embeddable":true,"href":"https:\/\/periodismodigital.mx\/index.php?rest_route=%2Fwp%2Fv2%2Fcomments&post=29626"}],"version-history":[{"count":1,"href":"https:\/\/periodismodigital.mx\/index.php?rest_route=\/wp\/v2\/posts\/29626\/revisions"}],"predecessor-version":[{"id":29631,"href":"https:\/\/periodismodigital.mx\/index.php?rest_route=\/wp\/v2\/posts\/29626\/revisions\/29631"}],"wp:featuredmedia":[{"embeddable":true,"href":"https:\/\/periodismodigital.mx\/index.php?rest_route=\/wp\/v2\/media\/29627"}],"wp:attachment":[{"href":"https:\/\/periodismodigital.mx\/index.php?rest_route=%2Fwp%2Fv2%2Fmedia&parent=29626"}],"wp:term":[{"taxonomy":"category","embeddable":true,"href":"https:\/\/periodismodigital.mx\/index.php?rest_route=%2Fwp%2Fv2%2Fcategories&post=29626"},{"taxonomy":"post_tag","embeddable":true,"href":"https:\/\/periodismodigital.mx\/index.php?rest_route=%2Fwp%2Fv2%2Ftags&post=29626"}],"curies":[{"name":"wp","href":"https:\/\/api.w.org\/{rel}","templated":true}]}}