{"id":33577,"date":"2023-10-06T10:27:48","date_gmt":"2023-10-06T10:27:48","guid":{"rendered":"https:\/\/periodismodigital.mx\/?p=33577"},"modified":"2023-10-06T10:27:49","modified_gmt":"2023-10-06T10:27:49","slug":"capacitan-la-ssg-y-cdheg-mas-de-mil-800-trabajadores-de-salud-en-materia-de-derechos-humanos-del-paciente","status":"publish","type":"post","link":"https:\/\/periodismodigital.mx\/?p=33577","title":{"rendered":"Capacitan la SSG y CDHEG m\u00e1s de mil 800 trabajadores de salud en materia de Derechos Humanos del Paciente"},"content":{"rendered":"\n<p>*Destaca la titular de salud estatal la estrecha coordinaci\u00f3n con la CDHEG en favor de las y los guerrerenses<\/p>\n\n\n\n<p>Chilpancingo, Gro., 06 de octubre de 2023.- Con el objetivo de capacitar al personal m\u00e9dico, de enfermer\u00eda y \u00e1reas administrativas en materia de derechos humanos, la Secretar\u00eda de Salud estatal en coordinaci\u00f3n con la Comisi\u00f3n de Derechos Humanos del Estado de Guerrero (CDHEG) clausuraron la Jornada Estatal de Capacitaci\u00f3n denominada: \u201cDerechos Humanos del Paciente a trav\u00e9s de la Atenci\u00f3n M\u00e9dica que brinda el Personal de Salud\u201d, que se realiz\u00f3 durante 6 meses y participaron m\u00e1s de mil 800 trabajadores de salud.<\/p>\n\n\n\n<p>La secretaria de Salud, Aid\u00e9 Ibarez Castro y la presidenta de la Comisi\u00f3n de Derechos Humanos del Estado de Guerrero, Cecilia Narciso Gayt\u00e1n, durante la clausura mencionaron la importancia de mantener una estrecha colaboraci\u00f3n entre ambas instituciones, todo esto para mejorar la prestaci\u00f3n de los servicios p\u00fablicos, as\u00ed como en el respeto a los derechos humanos de las y los guerrerenses que acuden a recibir servicios m\u00e9dicos.<\/p>\n\n\n\n<p>Durante su intervenci\u00f3n la titular de la Secretar\u00eda de Salud, inform\u00f3 que de abril a octubre se capacitaron a mil 878 trabajadores de la Secretar\u00eda de Salud, pertenecientes a las siete jurisdicciones sanitarias y que se desempe\u00f1an en las unidades de primer y segundo nivel de atenci\u00f3n.<\/p>\n\n\n\n<p>Ibarez Castro, destac\u00f3 la estrecha colaboraci\u00f3n que existe con la Comisi\u00f3n de Derechos Humanos del Estado de Guerrero y felicit\u00f3 al personal que tom\u00f3 la capacitaci\u00f3n y a las responsables de la Direcci\u00f3n General de Asuntos Jur\u00eddicos y Derechos Humanos y a la Subdirecci\u00f3n de Derechos Humanos Y Enlace Legislativo de la Secretar\u00eda de Salud, por implementar esta iniciativa, la cual mencion\u00f3 contribuye al desarrollo humanista de los trabajadores.<\/p>\n\n\n\n<p>Por su parte la titular de la Comisi\u00f3n de Derechos Humanos, Cecilia Narciso Gayt\u00e1n, coincidi\u00f3 en la importancia de continuar con las capacitaciones en materia de derechos humanos para prevenir violaciones.<br>La ceremonia de clausura se realiz\u00f3 en el auditorio del Hospital General \u201cRaymundo Abarca Alarc\u00f3n\u201d, de Chilpancingo, donde se presentaron temas como: NORMA 046 IVE\/ILE, Componente Aborto Seguro, Derechos Humanos de la Poblaci\u00f3n LGBT, el acceso sin discriminaci\u00f3n a los servicios de Salud, Calidad en el servicio y responsabilidad profesional, Derechos Sexuales y Reproductivos y Derechos Humanos en el \u00e1rea de salud para trabajadores y pacientes, entre otros.<\/p>\n","protected":false},"excerpt":{"rendered":"<p>La secretaria de Salud, Aid\u00e9 Ibarez Castro y la presidenta de la Comisi\u00f3n de Derechos Humanos del Estado de Guerrero, Cecilia Narciso Gayt\u00e1n, durante la clausura mencionaron la importancia de mantener una estrecha colaboraci\u00f3n entre ambas instituciones, todo esto para mejorar la prestaci\u00f3n de los servicios p\u00fablicos, as\u00ed como en el respeto a los derechos humanos de las y los guerrerenses que acuden a recibir servicios m\u00e9dicos.<\/p>\n","protected":false},"author":2,"featured_media":33578,"comment_status":"open","ping_status":"closed","sticky":false,"template":"","format":"standard","meta":{"footnotes":""},"categories":[2],"tags":[15310,15312,15311],"class_list":["post-33577","post","type-post","status-publish","format-standard","has-post-thumbnail","hentry","category-noticias","tag-capacitan-la-ssg-y-cdheg","tag-en-materia-de-derechos-humanos-del-paciente","tag-mas-de-mil-800-trabajadores-de-salud"],"_links":{"self":[{"href":"https:\/\/periodismodigital.mx\/index.php?rest_route=\/wp\/v2\/posts\/33577","targetHints":{"allow":["GET"]}}],"collection":[{"href":"https:\/\/periodismodigital.mx\/index.php?rest_route=\/wp\/v2\/posts"}],"about":[{"href":"https:\/\/periodismodigital.mx\/index.php?rest_route=\/wp\/v2\/types\/post"}],"author":[{"embeddable":true,"href":"https:\/\/periodismodigital.mx\/index.php?rest_route=\/wp\/v2\/users\/2"}],"replies":[{"embeddable":true,"href":"https:\/\/periodismodigital.mx\/index.php?rest_route=%2Fwp%2Fv2%2Fcomments&post=33577"}],"version-history":[{"count":1,"href":"https:\/\/periodismodigital.mx\/index.php?rest_route=\/wp\/v2\/posts\/33577\/revisions"}],"predecessor-version":[{"id":33579,"href":"https:\/\/periodismodigital.mx\/index.php?rest_route=\/wp\/v2\/posts\/33577\/revisions\/33579"}],"wp:featuredmedia":[{"embeddable":true,"href":"https:\/\/periodismodigital.mx\/index.php?rest_route=\/wp\/v2\/media\/33578"}],"wp:attachment":[{"href":"https:\/\/periodismodigital.mx\/index.php?rest_route=%2Fwp%2Fv2%2Fmedia&parent=33577"}],"wp:term":[{"taxonomy":"category","embeddable":true,"href":"https:\/\/periodismodigital.mx\/index.php?rest_route=%2Fwp%2Fv2%2Fcategories&post=33577"},{"taxonomy":"post_tag","embeddable":true,"href":"https:\/\/periodismodigital.mx\/index.php?rest_route=%2Fwp%2Fv2%2Ftags&post=33577"}],"curies":[{"name":"wp","href":"https:\/\/api.w.org\/{rel}","templated":true}]}}