{"id":39925,"date":"2024-02-15T01:22:38","date_gmt":"2024-02-15T01:22:38","guid":{"rendered":"https:\/\/periodismodigital.mx\/?p=39925"},"modified":"2024-02-15T01:23:48","modified_gmt":"2024-02-15T01:23:48","slug":"el-titular-de-la-seg-asigno-nuevas-plazas-y-horas-a-153-docentes-de-nuevo-ingreso-y-egresados","status":"publish","type":"post","link":"https:\/\/periodismodigital.mx\/?p=39925","title":{"rendered":"El titular de la SEG asign\u00f3 nuevas plazas y horas a 153 docentes de nuevo ingreso y egresados"},"content":{"rendered":"\n<p>Chilpancingo, Gro., 15 de febrero del 2024.- El secretario de Educaci\u00f3n, Marcial Rodr\u00edguez Salda\u00f1a asign\u00f3 124 nuevas plazas y 504 horas a 153 docentes de nuevo ingreso y egresados de escuelas formadoras de docentes del estado.<br>El responsable de la Educaci\u00f3n en la entidad, expres\u00f3 el compromiso de la gobernadora Evelyn Salgado Pineda para atender la demanda de las zonas m\u00e1s apartadas para que las instituciones educativas cuenten con el personal necesario para brindar una educaci\u00f3n de calidad a las ni\u00f1as y ni\u00f1os.<br>En el evento que se desarroll\u00f3 de manera virtual, Rodr\u00edguez Salda\u00f1a pidi\u00f3 a los docentes cumplir su labor con dedicaci\u00f3n y entusiasmo para elevar los indicadores educativos en Guerrero.<br>Las plazas y las horas fueron otorgadas en los niveles educativos de Educaci\u00f3n Preescolar Ind\u00edgena, Mixteco y N\u00e1huatl; Primaria Ind\u00edgena, Mixteco, N\u00e1huatl y Tlapaneco; Educaci\u00f3n Especial; Educaci\u00f3n Secundaria en espa\u00f1ol, formaci\u00f3n c\u00edvica, historia y matem\u00e1ticas, quienes las obtuvieron mediante examen.<br>En el evento que se desarroll\u00f3 de manera virtual, estuvieron, el secretario General de la Secci\u00f3n 14 del SNTE, Silvano Palacios Salgado; la presidenta de la Comisi\u00f3n Estatal de Defensa de los Derechos Humanos, Cecilia Narciso Gaytan; la representante del Sistema Estatal Anticorrupcion, Itzel Figueroa Salazar; los Subsecretarios de Educaci\u00f3n B\u00e1sica, Ricardo Castillo Pe\u00f1a; de Planeaci\u00f3n Educativa, Benjam\u00edn Adame Pereyra; de Administraci\u00f3n y Finanzas, Alejandro Moreno Lira; de Educaci\u00f3n Media Superior y Superior, Lucila Rangel Santos.<\/p>\n","protected":false},"excerpt":{"rendered":"<p>En el evento que se desarroll\u00f3 de manera virtual, estuvieron, el secretario General de la Secci\u00f3n 14 del SNTE, Silvano Palacios Salgado; la presidenta de la Comisi\u00f3n Estatal de Defensa de los Derechos Humanos, Cecilia Narciso Gaytan; la representante del Sistema Estatal Anticorrupcion, Itzel Figueroa Salazar; los Subsecretarios de Educaci\u00f3n B\u00e1sica, Ricardo Castillo Pe\u00f1a; de Planeaci\u00f3n Educativa, Benjam\u00edn Adame Pereyra; de Administraci\u00f3n y Finanzas, Alejandro Moreno Lira; de Educaci\u00f3n Media Superior y Superior, Lucila Rangel Santos.<\/p>\n","protected":false},"author":2,"featured_media":39926,"comment_status":"open","ping_status":"closed","sticky":false,"template":"","format":"standard","meta":{"footnotes":""},"categories":[2],"tags":[18566,18135,18567],"class_list":["post-39925","post","type-post","status-publish","format-standard","has-post-thumbnail","hentry","category-noticias","tag-asigno-nuevas-plazas-y-horas-a-153-docentes-de-nuevo-ingreso","tag-el-titular-de-la-seg","tag-y-egresados"],"_links":{"self":[{"href":"https:\/\/periodismodigital.mx\/index.php?rest_route=\/wp\/v2\/posts\/39925","targetHints":{"allow":["GET"]}}],"collection":[{"href":"https:\/\/periodismodigital.mx\/index.php?rest_route=\/wp\/v2\/posts"}],"about":[{"href":"https:\/\/periodismodigital.mx\/index.php?rest_route=\/wp\/v2\/types\/post"}],"author":[{"embeddable":true,"href":"https:\/\/periodismodigital.mx\/index.php?rest_route=\/wp\/v2\/users\/2"}],"replies":[{"embeddable":true,"href":"https:\/\/periodismodigital.mx\/index.php?rest_route=%2Fwp%2Fv2%2Fcomments&post=39925"}],"version-history":[{"count":2,"href":"https:\/\/periodismodigital.mx\/index.php?rest_route=\/wp\/v2\/posts\/39925\/revisions"}],"predecessor-version":[{"id":39928,"href":"https:\/\/periodismodigital.mx\/index.php?rest_route=\/wp\/v2\/posts\/39925\/revisions\/39928"}],"wp:featuredmedia":[{"embeddable":true,"href":"https:\/\/periodismodigital.mx\/index.php?rest_route=\/wp\/v2\/media\/39926"}],"wp:attachment":[{"href":"https:\/\/periodismodigital.mx\/index.php?rest_route=%2Fwp%2Fv2%2Fmedia&parent=39925"}],"wp:term":[{"taxonomy":"category","embeddable":true,"href":"https:\/\/periodismodigital.mx\/index.php?rest_route=%2Fwp%2Fv2%2Fcategories&post=39925"},{"taxonomy":"post_tag","embeddable":true,"href":"https:\/\/periodismodigital.mx\/index.php?rest_route=%2Fwp%2Fv2%2Ftags&post=39925"}],"curies":[{"name":"wp","href":"https:\/\/api.w.org\/{rel}","templated":true}]}}