{"id":49695,"date":"2024-09-25T13:11:10","date_gmt":"2024-09-25T13:11:10","guid":{"rendered":"https:\/\/periodismodigital.mx\/?p=49695"},"modified":"2024-09-25T13:11:12","modified_gmt":"2024-09-25T13:11:12","slug":"realiza-la-policia-operativos-por-las-fuertes-lluvias-que-deja-john","status":"publish","type":"post","link":"https:\/\/periodismodigital.mx\/?p=49695","title":{"rendered":"Realiza la polic\u00eda operativos por las fuertes lluvias que Deja John"},"content":{"rendered":"<div class=\"is-default-size wp-block-site-logo\"><a href=\"https:\/\/periodismodigital.mx\/\" class=\"custom-logo-link\" rel=\"home\"><img loading=\"lazy\" decoding=\"async\" width=\"3442\" height=\"1609\" src=\"https:\/\/periodismodigital.mx\/wp-content\/uploads\/2021\/12\/cropped-Logo-2.png\" class=\"custom-logo\" alt=\"El Implacable\" srcset=\"https:\/\/periodismodigital.mx\/wp-content\/uploads\/2021\/12\/cropped-Logo-2.png 3442w, https:\/\/periodismodigital.mx\/wp-content\/uploads\/2021\/12\/cropped-Logo-2-300x140.png 300w, https:\/\/periodismodigital.mx\/wp-content\/uploads\/2021\/12\/cropped-Logo-2-1024x479.png 1024w, https:\/\/periodismodigital.mx\/wp-content\/uploads\/2021\/12\/cropped-Logo-2-768x359.png 768w, https:\/\/periodismodigital.mx\/wp-content\/uploads\/2021\/12\/cropped-Logo-2-1536x718.png 1536w, https:\/\/periodismodigital.mx\/wp-content\/uploads\/2021\/12\/cropped-Logo-2-2048x957.png 2048w\" sizes=\"auto, (max-width: 3442px) 100vw, 3442px\" \/><\/a><\/div>\n\n\n<p>Siguiendo las instrucciones de la Gobernadora Evelyn Salgado Pineda, la Polic\u00eda Estatal ha intensificado las acciones de prevenci\u00f3n y vigilancia en la regi\u00f3n de la Costa Chica de Guerrero debido al paso de la Tormenta Tropical \u201cJohn\u201d.<\/p>\n\n\n\n<p>En los municipios de Marquelia, Cuajinicuilapa y Punta Maldonado, se realizan patrullajes de reconocimiento y, en coordinaci\u00f3n con la Guardia Nacional, se ha trabajado en el retiro obst\u00e1culos para liberar v\u00edas carreteras afectadas.<\/p>\n\n\n\n<p>Hasta el momento, no se han reportado personas lesionadas, solo la ca\u00edda de \u00e1rboles, postes y cortes de energ\u00eda el\u00e9ctrica.<\/p>\n\n\n\n<p>La SSP Guerrero contin\u00faa reforzando su estrategia de prevenci\u00f3n y atenci\u00f3n ciudadana en la Costa Chica.<\/p>\n\n\n\n<p>La Polic\u00eda Estatal refuerza medidas de seguridad ante la Tormenta Tropical &#8220;John&#8221;<\/p>\n\n\n\n<p>Atendiendo las instrucciones de la Gobernadora Evelyn Salgado Pineda, la Secretar\u00eda de Seguridad P\u00fablica de Guerrero a trav\u00e9s de la Polic\u00eda Estatal ha reforzado la vigilancia en centros comerciales y mercados de Acapulco para prevenir delitos ante la contingencia de la Tormenta Tropical \u201cJohn\u201d.<\/p>\n\n\n\n<p>El objetivo de estas acciones es prevenir cualquier alteraci\u00f3n al orden p\u00fablico y garantizar la disponibilidad de productos b\u00e1sicos y de primera necesidad para la ciudadan\u00eda. Por lo que se hace un llamado a la ciudadan\u00eda a mantener la calma y evitar la difusi\u00f3n de informaci\u00f3n no verificada.<\/p>\n\n\n\n<p>La Polic\u00eda Estatal mantiene su compromiso de salvaguardar el orden p\u00fablico y la seguridad de los habitantes de las areas afectadas, en coordinaci\u00f3n con otras autoridades locales y federales. Adem\u00e1s, se continuar\u00e1 monitoreando la evoluci\u00f3n del fen\u00f3meno meteorol\u00f3gico para ajustar las medidas de seguridad seg\u00fan sea necesario.<\/p>\n\n\n\n<p>La Secretar\u00eda de Seguridad P\u00fablica invita a la poblaci\u00f3n a mantenerse informada a trav\u00e9s de los canales oficiales y a seguir las indicaciones de Protecci\u00f3n Civil para salvaguardar su integridad.<\/p>\n\n\n\n<figure class=\"wp-block-image size-large\"><img loading=\"lazy\" decoding=\"async\" width=\"1024\" height=\"768\" src=\"https:\/\/periodismodigital.mx\/wp-content\/uploads\/2024\/09\/WhatsApp-Image-2024-09-24-at-05.28.20-1024x768.jpeg\" alt=\"\" class=\"wp-image-49697\" srcset=\"https:\/\/periodismodigital.mx\/wp-content\/uploads\/2024\/09\/WhatsApp-Image-2024-09-24-at-05.28.20-1024x768.jpeg 1024w, https:\/\/periodismodigital.mx\/wp-content\/uploads\/2024\/09\/WhatsApp-Image-2024-09-24-at-05.28.20-300x225.jpeg 300w, https:\/\/periodismodigital.mx\/wp-content\/uploads\/2024\/09\/WhatsApp-Image-2024-09-24-at-05.28.20-768x576.jpeg 768w, https:\/\/periodismodigital.mx\/wp-content\/uploads\/2024\/09\/WhatsApp-Image-2024-09-24-at-05.28.20.jpeg 1280w\" sizes=\"auto, (max-width: 1024px) 100vw, 1024px\" \/><\/figure>\n\n\n<div class=\"is-default-size wp-block-site-logo\"><a href=\"https:\/\/periodismodigital.mx\/\" class=\"custom-logo-link\" rel=\"home\"><img loading=\"lazy\" decoding=\"async\" width=\"3442\" height=\"1609\" src=\"https:\/\/periodismodigital.mx\/wp-content\/uploads\/2021\/12\/cropped-Logo-2.png\" class=\"custom-logo\" alt=\"El Implacable\" srcset=\"https:\/\/periodismodigital.mx\/wp-content\/uploads\/2021\/12\/cropped-Logo-2.png 3442w, https:\/\/periodismodigital.mx\/wp-content\/uploads\/2021\/12\/cropped-Logo-2-300x140.png 300w, https:\/\/periodismodigital.mx\/wp-content\/uploads\/2021\/12\/cropped-Logo-2-1024x479.png 1024w, https:\/\/periodismodigital.mx\/wp-content\/uploads\/2021\/12\/cropped-Logo-2-768x359.png 768w, https:\/\/periodismodigital.mx\/wp-content\/uploads\/2021\/12\/cropped-Logo-2-1536x718.png 1536w, https:\/\/periodismodigital.mx\/wp-content\/uploads\/2021\/12\/cropped-Logo-2-2048x957.png 2048w\" sizes=\"auto, (max-width: 3442px) 100vw, 3442px\" \/><\/a><\/div>","protected":false},"excerpt":{"rendered":"<p>Siguiendo las instrucciones de la Gobernadora Evelyn Salgado Pineda, la Polic\u00eda Estatal ha intensificado las acciones de prevenci\u00f3n<\/p>\n","protected":false},"author":2,"featured_media":49696,"comment_status":"open","ping_status":"closed","sticky":false,"template":"","format":"standard","meta":{"footnotes":""},"categories":[4],"tags":[23387,23386],"class_list":["post-49695","post","type-post","status-publish","format-standard","has-post-thumbnail","hentry","category-policiaca","tag-operativos-por-las-fuertes-lluvias-que-deja-john","tag-realiza-la-policia"],"_links":{"self":[{"href":"https:\/\/periodismodigital.mx\/index.php?rest_route=\/wp\/v2\/posts\/49695","targetHints":{"allow":["GET"]}}],"collection":[{"href":"https:\/\/periodismodigital.mx\/index.php?rest_route=\/wp\/v2\/posts"}],"about":[{"href":"https:\/\/periodismodigital.mx\/index.php?rest_route=\/wp\/v2\/types\/post"}],"author":[{"embeddable":true,"href":"https:\/\/periodismodigital.mx\/index.php?rest_route=\/wp\/v2\/users\/2"}],"replies":[{"embeddable":true,"href":"https:\/\/periodismodigital.mx\/index.php?rest_route=%2Fwp%2Fv2%2Fcomments&post=49695"}],"version-history":[{"count":1,"href":"https:\/\/periodismodigital.mx\/index.php?rest_route=\/wp\/v2\/posts\/49695\/revisions"}],"predecessor-version":[{"id":49698,"href":"https:\/\/periodismodigital.mx\/index.php?rest_route=\/wp\/v2\/posts\/49695\/revisions\/49698"}],"wp:featuredmedia":[{"embeddable":true,"href":"https:\/\/periodismodigital.mx\/index.php?rest_route=\/wp\/v2\/media\/49696"}],"wp:attachment":[{"href":"https:\/\/periodismodigital.mx\/index.php?rest_route=%2Fwp%2Fv2%2Fmedia&parent=49695"}],"wp:term":[{"taxonomy":"category","embeddable":true,"href":"https:\/\/periodismodigital.mx\/index.php?rest_route=%2Fwp%2Fv2%2Fcategories&post=49695"},{"taxonomy":"post_tag","embeddable":true,"href":"https:\/\/periodismodigital.mx\/index.php?rest_route=%2Fwp%2Fv2%2Ftags&post=49695"}],"curies":[{"name":"wp","href":"https:\/\/api.w.org\/{rel}","templated":true}]}}