{"id":50331,"date":"2024-10-08T14:12:19","date_gmt":"2024-10-08T14:12:19","guid":{"rendered":"https:\/\/periodismodigital.mx\/?p=50331"},"modified":"2024-10-08T14:12:32","modified_gmt":"2024-10-08T14:12:32","slug":"la-sgirpcgro-alerta-por-lluvias-fuertes-en-los-proximos-dias-en-guerrero","status":"publish","type":"post","link":"https:\/\/periodismodigital.mx\/?p=50331","title":{"rendered":"La SGIRPCGRO alerta por lluvias fuertes en los pr\u00f3ximos d\u00edas en Guerrero"},"content":{"rendered":"<div class=\"is-default-size wp-block-site-logo\"><a href=\"https:\/\/periodismodigital.mx\/\" class=\"custom-logo-link\" rel=\"home\"><img loading=\"lazy\" decoding=\"async\" width=\"3442\" height=\"1609\" src=\"https:\/\/periodismodigital.mx\/wp-content\/uploads\/2021\/12\/cropped-Logo-2.png\" class=\"custom-logo\" alt=\"El Implacable\" srcset=\"https:\/\/periodismodigital.mx\/wp-content\/uploads\/2021\/12\/cropped-Logo-2.png 3442w, https:\/\/periodismodigital.mx\/wp-content\/uploads\/2021\/12\/cropped-Logo-2-300x140.png 300w, https:\/\/periodismodigital.mx\/wp-content\/uploads\/2021\/12\/cropped-Logo-2-1024x479.png 1024w, https:\/\/periodismodigital.mx\/wp-content\/uploads\/2021\/12\/cropped-Logo-2-768x359.png 768w, https:\/\/periodismodigital.mx\/wp-content\/uploads\/2021\/12\/cropped-Logo-2-1536x718.png 1536w, https:\/\/periodismodigital.mx\/wp-content\/uploads\/2021\/12\/cropped-Logo-2-2048x957.png 2048w\" sizes=\"auto, (max-width: 3442px) 100vw, 3442px\" \/><\/a><\/div>\n\n\n<p>*La dependencia pide a la poblaci\u00f3n extremar medidas de cuidado, ante el riesgo de crecida de r\u00edos y arroyos por las lluvias que generar\u00e1 el hurac\u00e1n Milton<\/p>\n\n\n\n<p>Chilpancingo, Gro., 08 de octubre de 2024.- El gobierno del estado a trav\u00e9s de la Secretar\u00eda de Gesti\u00f3n Integral de Riesgos y Protecci\u00f3n Civil, inform\u00f3 que esta semana se mantendr\u00e1 el potencial de lluvias puntuales muy fuertes en varias zonas de Guerrero, debido a la Zona de Baja Presi\u00f3n con alta probabilidad de desarrollo cicl\u00f3nico en interacci\u00f3n con la vaguada monz\u00f3nica en el Oc\u00e9ano Pac\u00edfico.<\/p>\n\n\n\n<p>Las lluvias previstas con acumulados de 50 a 75 mil\u00edmetros por metro cuadrado, podr\u00edan presentarse durante la tarde y noche, acompa\u00f1adas de actividad el\u00e9ctrica, rachas de viento de 40 a 60 kil\u00f3metros por hora, por lo que se recomienda a la poblaci\u00f3n extremar las medidas de precauci\u00f3n necesarias, principalmente a quienes habitan en zonas de alto riesgo.<\/p>\n\n\n\n<p>La ma\u00f1ana de este lunes en el Golfo de M\u00e9xico, el hurac\u00e1n \u201cMilton\u201d alcanz\u00f3 la categor\u00eda cinco en la escala Saffir-Simpson, localiz\u00e1ndose a 160 kil\u00f3metros al Noroeste de Celest\u00fan y a 200 kil\u00f3metros al Oeste de Progreso, Yucat\u00e1n, presentando vientos m\u00e1ximos sostenidos de 255 kil\u00f3metros por hora, con rachas de 315 kil\u00f3metros por hora, siguiendo su desplazamiento hacia el este-sureste a 15 kil\u00f3metros por hora.<\/p>\n\n\n\n<p>Si ampl\u00eda circulaci\u00f3n mantendr\u00e1 el pron\u00f3stico de lluvias con escurrimientos pluviales de Puebla o que podr\u00eda generar escurrimientos pluviales e incrementar el caudal de r\u00edos y arroyos en Guerrero, por lo que se pide mantener las medidas de cuidado ante el riesgo de desbordamiento e inundaciones.<\/p>\n\n\n\n<p>La Secretar\u00eda de Gesti\u00f3n Integral de Riesgos y Protecci\u00f3n Civil recomienda a la poblaci\u00f3n en general, mantenerse informados con fuentes oficiales, no propagar rumores y seguir las recomendaciones de Protecci\u00f3n Civil, as\u00ed como reportar cualquier incidencia al n\u00famero de emergencias 9-1-1.<\/p>\n\n\n<div class=\"is-default-size wp-block-site-logo\"><a href=\"https:\/\/periodismodigital.mx\/\" class=\"custom-logo-link\" rel=\"home\"><img loading=\"lazy\" decoding=\"async\" width=\"3442\" height=\"1609\" src=\"https:\/\/periodismodigital.mx\/wp-content\/uploads\/2021\/12\/cropped-Logo-2.png\" class=\"custom-logo\" alt=\"El Implacable\" srcset=\"https:\/\/periodismodigital.mx\/wp-content\/uploads\/2021\/12\/cropped-Logo-2.png 3442w, https:\/\/periodismodigital.mx\/wp-content\/uploads\/2021\/12\/cropped-Logo-2-300x140.png 300w, https:\/\/periodismodigital.mx\/wp-content\/uploads\/2021\/12\/cropped-Logo-2-1024x479.png 1024w, https:\/\/periodismodigital.mx\/wp-content\/uploads\/2021\/12\/cropped-Logo-2-768x359.png 768w, https:\/\/periodismodigital.mx\/wp-content\/uploads\/2021\/12\/cropped-Logo-2-1536x718.png 1536w, https:\/\/periodismodigital.mx\/wp-content\/uploads\/2021\/12\/cropped-Logo-2-2048x957.png 2048w\" sizes=\"auto, (max-width: 3442px) 100vw, 3442px\" \/><\/a><\/div>","protected":false},"excerpt":{"rendered":"<p>La ma\u00f1ana de este lunes en el Golfo de M\u00e9xico, el hurac\u00e1n \u201cMilton\u201d alcanz\u00f3 la categor\u00eda cinco en la escala Saffir-Simpson, localiz\u00e1ndose a 160 kil\u00f3metros al Noroeste de Celest\u00fan y a 200 kil\u00f3metros al Oeste de Progreso, Yucat\u00e1n, presentando vientos m\u00e1ximos sostenidos de 255 kil\u00f3metros por hora, con rachas de 315 kil\u00f3metros por hora, siguiendo su desplazamiento hacia el este-sureste a 15 kil\u00f3metros por hora.<\/p>\n","protected":false},"author":2,"featured_media":50332,"comment_status":"open","ping_status":"closed","sticky":false,"template":"","format":"standard","meta":{"footnotes":""},"categories":[2],"tags":[23666,23665],"class_list":["post-50331","post","type-post","status-publish","format-standard","has-post-thumbnail","hentry","category-noticias","tag-en-los-proximos-dias-en-guerrero","tag-la-sgirpcgro-alerta-por-lluvias-fuertes"],"_links":{"self":[{"href":"https:\/\/periodismodigital.mx\/index.php?rest_route=\/wp\/v2\/posts\/50331","targetHints":{"allow":["GET"]}}],"collection":[{"href":"https:\/\/periodismodigital.mx\/index.php?rest_route=\/wp\/v2\/posts"}],"about":[{"href":"https:\/\/periodismodigital.mx\/index.php?rest_route=\/wp\/v2\/types\/post"}],"author":[{"embeddable":true,"href":"https:\/\/periodismodigital.mx\/index.php?rest_route=\/wp\/v2\/users\/2"}],"replies":[{"embeddable":true,"href":"https:\/\/periodismodigital.mx\/index.php?rest_route=%2Fwp%2Fv2%2Fcomments&post=50331"}],"version-history":[{"count":2,"href":"https:\/\/periodismodigital.mx\/index.php?rest_route=\/wp\/v2\/posts\/50331\/revisions"}],"predecessor-version":[{"id":50334,"href":"https:\/\/periodismodigital.mx\/index.php?rest_route=\/wp\/v2\/posts\/50331\/revisions\/50334"}],"wp:featuredmedia":[{"embeddable":true,"href":"https:\/\/periodismodigital.mx\/index.php?rest_route=\/wp\/v2\/media\/50332"}],"wp:attachment":[{"href":"https:\/\/periodismodigital.mx\/index.php?rest_route=%2Fwp%2Fv2%2Fmedia&parent=50331"}],"wp:term":[{"taxonomy":"category","embeddable":true,"href":"https:\/\/periodismodigital.mx\/index.php?rest_route=%2Fwp%2Fv2%2Fcategories&post=50331"},{"taxonomy":"post_tag","embeddable":true,"href":"https:\/\/periodismodigital.mx\/index.php?rest_route=%2Fwp%2Fv2%2Ftags&post=50331"}],"curies":[{"name":"wp","href":"https:\/\/api.w.org\/{rel}","templated":true}]}}