{"id":51110,"date":"2024-10-24T14:15:09","date_gmt":"2024-10-24T14:15:09","guid":{"rendered":"https:\/\/periodismodigital.mx\/?p=51110"},"modified":"2024-10-24T14:15:11","modified_gmt":"2024-10-24T14:15:11","slug":"enfoque-real-de-las-armas-a-juguetes-fue-la-respuesta-de-cambio-de-evelyn-con-la-ninez-de-ahuayaltempa","status":"publish","type":"post","link":"https:\/\/periodismodigital.mx\/?p=51110","title":{"rendered":"Enfoque Real: De las armas a juguetes fue la respuesta de cambio de Evelyn con la ni\u00f1ez de Ahuayaltempa"},"content":{"rendered":"<div class=\"is-default-size wp-block-site-logo\"><a href=\"https:\/\/periodismodigital.mx\/\" class=\"custom-logo-link\" rel=\"home\"><img loading=\"lazy\" decoding=\"async\" width=\"3442\" height=\"1609\" src=\"https:\/\/periodismodigital.mx\/wp-content\/uploads\/2021\/12\/cropped-Logo-2.png\" class=\"custom-logo\" alt=\"El Implacable\" srcset=\"https:\/\/periodismodigital.mx\/wp-content\/uploads\/2021\/12\/cropped-Logo-2.png 3442w, https:\/\/periodismodigital.mx\/wp-content\/uploads\/2021\/12\/cropped-Logo-2-300x140.png 300w, https:\/\/periodismodigital.mx\/wp-content\/uploads\/2021\/12\/cropped-Logo-2-1024x479.png 1024w, https:\/\/periodismodigital.mx\/wp-content\/uploads\/2021\/12\/cropped-Logo-2-768x359.png 768w, https:\/\/periodismodigital.mx\/wp-content\/uploads\/2021\/12\/cropped-Logo-2-1536x718.png 1536w, https:\/\/periodismodigital.mx\/wp-content\/uploads\/2021\/12\/cropped-Logo-2-2048x957.png 2048w\" sizes=\"auto, (max-width: 3442px) 100vw, 3442px\" \/><\/a><\/div>\n\n\n<p>Enfoque<br>Carlos D\u00edaz Figueroa<\/p>\n\n\n\n<p>De las armas a juguetes fue la respuesta de cambio de Evelyn con la ni\u00f1ez de Ahuayaltempa<\/p>\n\n\n\n<p>El gobierno de Guerrero ha mostrado bajo principio su m\u00fasculo en fortalecer la pol\u00edtica comprometida en atenci\u00f3n a las localidades con alto \u00edndice de marginaci\u00f3n a favor con las necesidades m\u00e1s sentidas de la ni\u00f1ez del medio rural.<\/p>\n\n\n\n<p>La agenda estatal se ha convertido en un plan de acciones de prioridad y beneficio directo para miles de infantes en extremas condiciones, por lo que, la gobernadora Evelyn Salgado Pineda sigue de cerca a las ni\u00f1as y ni\u00f1os de Guerrero.<\/p>\n\n\n\n<p>En un balance en su recorrido en la comunidad de<br>Ahuayaltempa encabez\u00f3 acciones como la feria de servicios integrales, programas sociales y pavimentaci\u00f3n en la localidad perteneciente al municipio de Jos\u00e9 Joaqu\u00edn de Herrera.<\/p>\n\n\n\n<p>La reacci\u00f3n de los pobladores de tal localidad fue de vital acto de reconocimiento a Evelyn Salgado por ser la primera vez que una gobernadora visita Ahuayaltempa para atender de manera directa y en especial a la ni\u00f1ez de esta comunidad.<\/p>\n\n\n\n<p>El mensaje tiene una lectura de conversi\u00f3n en el despertar de una conciencia diferente, es decir, logrando cambiar las armas por juguetes y beneficios que permitan que la ni\u00f1ez tenga un crecimiento y sentido de vida diverso.<\/p>\n\n\n\n<p>A\u00fan cuando hace un a\u00f1o los ni\u00f1os marchaban armados y con la iniciativa visionaria del gobierno estatal se opt\u00f3 por que recibieran juguetes, atenci\u00f3n y programas, reafirmando el compromiso por el bienestar de las familias y la ni\u00f1ez.<\/p>\n\n\n\n<p>Por ello, la gobernadora Evelyn Salgado Pineda<br>ante esta situaci\u00f3n redobl\u00f3 esfuerzos para garantizar el bienestar de la ni\u00f1ez, acercando los programas sociales, a fin de ampliarse y pacificar la comunidad rural de Ahuayaltempa.<\/p>\n\n\n\n<p>La visita de la ejecutiva del estado es muestra de la gobernabilidad que hay en Guerrero, lograda a trav\u00e9s de la sensibilidad y atenci\u00f3n a la problem\u00e1ticas sociales que se han presentado en un trabajo sobre territorio de cerca de las causas.<\/p>\n\n\n\n<p>Cabe resaltar, que el acercamiento de la gobernadora con los pobladores tiene un objetivo de alcance y determinante, cumpliendo con la ni\u00f1ez en algo que no se hab\u00eda hecho en anteriores gobiernos a falta de estrategia y operaci\u00f3n<\/p>\n\n\n<div class=\"is-default-size wp-block-site-logo\"><a href=\"https:\/\/periodismodigital.mx\/\" class=\"custom-logo-link\" rel=\"home\"><img loading=\"lazy\" decoding=\"async\" width=\"3442\" height=\"1609\" src=\"https:\/\/periodismodigital.mx\/wp-content\/uploads\/2021\/12\/cropped-Logo-2.png\" class=\"custom-logo\" alt=\"El Implacable\" srcset=\"https:\/\/periodismodigital.mx\/wp-content\/uploads\/2021\/12\/cropped-Logo-2.png 3442w, https:\/\/periodismodigital.mx\/wp-content\/uploads\/2021\/12\/cropped-Logo-2-300x140.png 300w, https:\/\/periodismodigital.mx\/wp-content\/uploads\/2021\/12\/cropped-Logo-2-1024x479.png 1024w, https:\/\/periodismodigital.mx\/wp-content\/uploads\/2021\/12\/cropped-Logo-2-768x359.png 768w, https:\/\/periodismodigital.mx\/wp-content\/uploads\/2021\/12\/cropped-Logo-2-1536x718.png 1536w, https:\/\/periodismodigital.mx\/wp-content\/uploads\/2021\/12\/cropped-Logo-2-2048x957.png 2048w\" sizes=\"auto, (max-width: 3442px) 100vw, 3442px\" \/><\/a><\/div>","protected":false},"excerpt":{"rendered":"<p>El mensaje tiene una lectura de conversi\u00f3n en el despertar de una conciencia diferente, es decir, logrando cambiar las armas por juguetes y beneficios que permitan que la ni\u00f1ez tenga un crecimiento y sentido de vida diverso.<\/p>\n","protected":false},"author":1,"featured_media":51111,"comment_status":"open","ping_status":"closed","sticky":false,"template":"","format":"standard","meta":{"footnotes":""},"categories":[7],"tags":[11010],"class_list":["post-51110","post","type-post","status-publish","format-standard","has-post-thumbnail","hentry","category-opinion","tag-enfoque-real-opinion-de-carlos-dias-figueroa"],"_links":{"self":[{"href":"https:\/\/periodismodigital.mx\/index.php?rest_route=\/wp\/v2\/posts\/51110","targetHints":{"allow":["GET"]}}],"collection":[{"href":"https:\/\/periodismodigital.mx\/index.php?rest_route=\/wp\/v2\/posts"}],"about":[{"href":"https:\/\/periodismodigital.mx\/index.php?rest_route=\/wp\/v2\/types\/post"}],"author":[{"embeddable":true,"href":"https:\/\/periodismodigital.mx\/index.php?rest_route=\/wp\/v2\/users\/1"}],"replies":[{"embeddable":true,"href":"https:\/\/periodismodigital.mx\/index.php?rest_route=%2Fwp%2Fv2%2Fcomments&post=51110"}],"version-history":[{"count":1,"href":"https:\/\/periodismodigital.mx\/index.php?rest_route=\/wp\/v2\/posts\/51110\/revisions"}],"predecessor-version":[{"id":51112,"href":"https:\/\/periodismodigital.mx\/index.php?rest_route=\/wp\/v2\/posts\/51110\/revisions\/51112"}],"wp:featuredmedia":[{"embeddable":true,"href":"https:\/\/periodismodigital.mx\/index.php?rest_route=\/wp\/v2\/media\/51111"}],"wp:attachment":[{"href":"https:\/\/periodismodigital.mx\/index.php?rest_route=%2Fwp%2Fv2%2Fmedia&parent=51110"}],"wp:term":[{"taxonomy":"category","embeddable":true,"href":"https:\/\/periodismodigital.mx\/index.php?rest_route=%2Fwp%2Fv2%2Fcategories&post=51110"},{"taxonomy":"post_tag","embeddable":true,"href":"https:\/\/periodismodigital.mx\/index.php?rest_route=%2Fwp%2Fv2%2Ftags&post=51110"}],"curies":[{"name":"wp","href":"https:\/\/api.w.org\/{rel}","templated":true}]}}