{"id":59986,"date":"2025-05-08T02:50:18","date_gmt":"2025-05-08T02:50:18","guid":{"rendered":"https:\/\/periodismodigital.mx\/?p=59986"},"modified":"2025-05-08T02:50:20","modified_gmt":"2025-05-08T02:50:20","slug":"guerrero-mas-de-mil-880-mdp-de-inversion-destina-gobierno-de-mexico-en-programa-carretero","status":"publish","type":"post","link":"https:\/\/periodismodigital.mx\/?p=59986","title":{"rendered":"Guerrero: M\u00e1s de mil 880 MDP de inversi\u00f3n destina Gobierno de M\u00e9xico en programa carretero"},"content":{"rendered":"\n<p>*Se reconstruyen 63 puentes y 43 tramos carreteros en la red estatal tras da\u00f1os de John: SICT<\/p>\n\n\n\n<p>*Anuncian construcci\u00f3n de m\u00e1s caminos artesanales para la Monta\u00f1a con 930 MDP de inversi\u00f3n en 2025<\/p>\n\n\n\n<p>*Se construyen nuevas vialidades y puentes con infraestructura reforzada para resistir huracanes<\/p>\n\n\n\n<p>Ciudad de M\u00e9xico. 08 de mayo del 2025. &#8211; M\u00e1s de mil 880 millones de pesos ser\u00e1n invertidos en 2025, dentro del programa de reconstrucci\u00f3n de infraestructura carretera para Guerrero, inform\u00f3 el titular de la Secretar\u00eda de Infraestructura, Comunicaciones y Transportes (SICT), Jes\u00fas Antonio Esteva Medina al refrendar el compromiso de la presidenta Claudia Sheinbaum con el estado despu\u00e9s de los da\u00f1os que dej\u00f3 el hurac\u00e1n John.<\/p>\n\n\n\n<p>Durante la conferencia matutina desde Palacio Nacional, el funcionario federal inform\u00f3 que ya se encuentran en marcha las obras de reconstrucci\u00f3n de 63 puentes y 43 tramos carreteros en la red estatal, de los cuales 36 frentes de trabajo est\u00e1n activos actualmente atendiendo la gesti\u00f3n de estas obras que realiz\u00f3 la gobernadora Evelyn Salgado Pineda.<\/p>\n\n\n\n<p>Estas acciones tienen el objetivo de modernizar la red vial, hacerla m\u00e1s resistente y garantizar la conectividad en comunidades afectadas por fen\u00f3menos naturales como el hurac\u00e1n John.<\/p>\n\n\n\n<p>Uno de los casos a destacar es la construcci\u00f3n del puente Omitl\u00e1n, en el Municipio de Juan R. Escudero, cuya estructura original fue severamente da\u00f1ada por las intensas lluvias.<\/p>\n\n\n\n<p>Dijo que ahora se est\u00e1 construyendo un nuevo puente paralelo, con una secci\u00f3n mayor y dise\u00f1ado para soportar avenidas pluviales de hasta mil a\u00f1os de retorno, lo que garantiza su funcionalidad ante condiciones extremas.<\/p>\n\n\n\n<p>En la red federal, tambi\u00e9n se avanza en la modernizaci\u00f3n de los puentes cercanos a Acapulco, como el Mendiz\u00e1bal que conecta al Kil\u00f3metro 21, que ahora contar\u00e1 con dos entre ejes adicionales para una mayor capacidad de tr\u00e1nsito y seguridad vial.<\/p>\n\n\n\n<p>Adem\u00e1s, Esteva Medina anunci\u00f3 que ya inici\u00f3 la obra en la carretera Cuautla-Tlapa, con 33 kil\u00f3metros en proceso de modernizaci\u00f3n y tres frentes activos que permitir\u00e1n su ampliaci\u00f3n a dos y cuatro carriles. Asimismo, en la v\u00eda Salina Cruz\u2013Zihuatanejo, se trabaja con 70 trabajadores, 21 m\u00e1quinas y cuatro frentes de modernizaci\u00f3n a dos carriles.<\/p>\n\n\n\n<p>M\u00e1s caminos artesanales para Guerrero con 930 MDP de inversi\u00f3n 2025<\/p>\n\n\n\n<p>Otro punto relevante del programa es la construcci\u00f3n de 143 kil\u00f3metros de caminos artesanales en Guerrero, para lo cual ya se firmaron convenios y se tiene contemplada una inversi\u00f3n de 930 millones de pesos. Estas obras permitir\u00e1n mejorar la conectividad en zonas rurales e impulsar el desarrollo en La Monta\u00f1a.<\/p>\n\n\n\n<p>El secretario de la SICT inform\u00f3 sobre la adquisici\u00f3n de nuevos trenes de pavimentaci\u00f3n, y confirm\u00f3 que Guerrero ser\u00e1 uno de los estados beneficiados con estas unidades, para reforzar las labores de bacheo en su red carretera.<\/p>\n\n\n\n<p>Este programa integral refrenda el compromiso del Gobierno de M\u00e9xico por la transformaci\u00f3n de Guerrero y los resultados de las gestiones de la gobernadora Evelyn Salgado Pineda para mejorar la movilidad, conectividad e infraestructura para impulsar el desarrollo de Guerrero.<\/p>\n\n\n\n<figure class=\"wp-block-image size-large\"><img loading=\"lazy\" decoding=\"async\" width=\"1024\" height=\"566\" src=\"https:\/\/periodismodigital.mx\/wp-content\/uploads\/2025\/05\/WhatsApp-Image-2025-05-07-at-09.26.47-1024x566.jpeg\" alt=\"\" class=\"wp-image-59988\" srcset=\"https:\/\/periodismodigital.mx\/wp-content\/uploads\/2025\/05\/WhatsApp-Image-2025-05-07-at-09.26.47-1024x566.jpeg 1024w, https:\/\/periodismodigital.mx\/wp-content\/uploads\/2025\/05\/WhatsApp-Image-2025-05-07-at-09.26.47-300x166.jpeg 300w, https:\/\/periodismodigital.mx\/wp-content\/uploads\/2025\/05\/WhatsApp-Image-2025-05-07-at-09.26.47-768x424.jpeg 768w, https:\/\/periodismodigital.mx\/wp-content\/uploads\/2025\/05\/WhatsApp-Image-2025-05-07-at-09.26.47.jpeg 1066w\" sizes=\"auto, (max-width: 1024px) 100vw, 1024px\" \/><\/figure>\n\n\n\n<p>Adem\u00e1s, Esteva Medina anunci\u00f3 que ya inici\u00f3 la obra en la carretera Cuautla-Tlapa, con 33 kil\u00f3metros en proceso de modernizaci\u00f3n y tres frentes activos que permitir\u00e1n su ampliaci\u00f3n a dos y cuatro carriles. Asimismo, en la v\u00eda Salina Cruz\u2013Zihuatanejo, se trabaja con 70 trabajadores, 21 m\u00e1quinas y cuatro frentes de modernizaci\u00f3n a dos carriles.<\/p>\n\n\n<div class=\"is-default-size wp-block-site-logo\"><a href=\"https:\/\/periodismodigital.mx\/\" class=\"custom-logo-link\" rel=\"home\"><img loading=\"lazy\" decoding=\"async\" width=\"3442\" height=\"1609\" src=\"https:\/\/periodismodigital.mx\/wp-content\/uploads\/2021\/12\/cropped-Logo-2.png\" class=\"custom-logo\" alt=\"El Implacable\" srcset=\"https:\/\/periodismodigital.mx\/wp-content\/uploads\/2021\/12\/cropped-Logo-2.png 3442w, https:\/\/periodismodigital.mx\/wp-content\/uploads\/2021\/12\/cropped-Logo-2-300x140.png 300w, https:\/\/periodismodigital.mx\/wp-content\/uploads\/2021\/12\/cropped-Logo-2-1024x479.png 1024w, https:\/\/periodismodigital.mx\/wp-content\/uploads\/2021\/12\/cropped-Logo-2-768x359.png 768w, https:\/\/periodismodigital.mx\/wp-content\/uploads\/2021\/12\/cropped-Logo-2-1536x718.png 1536w, https:\/\/periodismodigital.mx\/wp-content\/uploads\/2021\/12\/cropped-Logo-2-2048x957.png 2048w\" sizes=\"auto, (max-width: 3442px) 100vw, 3442px\" \/><\/a><\/div>","protected":false},"excerpt":{"rendered":"<p>*Estas obras y acciones son el resultado de las gestiones de la gobernadora Evelyn Salgado con el gobierno de M\u00e9xico para fortalecer el A\u00f1o de las Obras en Guerrero<\/p>\n","protected":false},"author":2,"featured_media":59987,"comment_status":"open","ping_status":"closed","sticky":false,"template":"","format":"standard","meta":{"footnotes":""},"categories":[43],"tags":[28121,28122,28120],"class_list":["post-59986","post","type-post","status-publish","format-standard","has-post-thumbnail","hentry","category-evivo","tag-de-inversion-destina-gobierno-de-mexico","tag-en-programa-carretero","tag-guerrero-mas-de-mil-880-mdp"],"_links":{"self":[{"href":"https:\/\/periodismodigital.mx\/index.php?rest_route=\/wp\/v2\/posts\/59986","targetHints":{"allow":["GET"]}}],"collection":[{"href":"https:\/\/periodismodigital.mx\/index.php?rest_route=\/wp\/v2\/posts"}],"about":[{"href":"https:\/\/periodismodigital.mx\/index.php?rest_route=\/wp\/v2\/types\/post"}],"author":[{"embeddable":true,"href":"https:\/\/periodismodigital.mx\/index.php?rest_route=\/wp\/v2\/users\/2"}],"replies":[{"embeddable":true,"href":"https:\/\/periodismodigital.mx\/index.php?rest_route=%2Fwp%2Fv2%2Fcomments&post=59986"}],"version-history":[{"count":1,"href":"https:\/\/periodismodigital.mx\/index.php?rest_route=\/wp\/v2\/posts\/59986\/revisions"}],"predecessor-version":[{"id":59989,"href":"https:\/\/periodismodigital.mx\/index.php?rest_route=\/wp\/v2\/posts\/59986\/revisions\/59989"}],"wp:featuredmedia":[{"embeddable":true,"href":"https:\/\/periodismodigital.mx\/index.php?rest_route=\/wp\/v2\/media\/59987"}],"wp:attachment":[{"href":"https:\/\/periodismodigital.mx\/index.php?rest_route=%2Fwp%2Fv2%2Fmedia&parent=59986"}],"wp:term":[{"taxonomy":"category","embeddable":true,"href":"https:\/\/periodismodigital.mx\/index.php?rest_route=%2Fwp%2Fv2%2Fcategories&post=59986"},{"taxonomy":"post_tag","embeddable":true,"href":"https:\/\/periodismodigital.mx\/index.php?rest_route=%2Fwp%2Fv2%2Ftags&post=59986"}],"curies":[{"name":"wp","href":"https:\/\/api.w.org\/{rel}","templated":true}]}}