{"id":65756,"date":"2025-08-28T02:19:42","date_gmt":"2025-08-28T02:19:42","guid":{"rendered":"https:\/\/periodismodigital.mx\/?p=65756"},"modified":"2025-08-28T02:19:43","modified_gmt":"2025-08-28T02:19:43","slug":"tianguis-del-bienestar-llega-a-la-sierra-de-guerrero","status":"publish","type":"post","link":"https:\/\/periodismodigital.mx\/?p=65756","title":{"rendered":"Tianguis del Bienestar llega a la Sierra de Guerrero"},"content":{"rendered":"<div class=\"is-default-size wp-block-site-logo\"><a href=\"https:\/\/periodismodigital.mx\/\" class=\"custom-logo-link\" rel=\"home\"><img loading=\"lazy\" decoding=\"async\" width=\"3442\" height=\"1609\" src=\"https:\/\/periodismodigital.mx\/wp-content\/uploads\/2021\/12\/cropped-Logo-2.png\" class=\"custom-logo\" alt=\"El Implacable\" srcset=\"https:\/\/periodismodigital.mx\/wp-content\/uploads\/2021\/12\/cropped-Logo-2.png 3442w, https:\/\/periodismodigital.mx\/wp-content\/uploads\/2021\/12\/cropped-Logo-2-300x140.png 300w, https:\/\/periodismodigital.mx\/wp-content\/uploads\/2021\/12\/cropped-Logo-2-1024x479.png 1024w, https:\/\/periodismodigital.mx\/wp-content\/uploads\/2021\/12\/cropped-Logo-2-768x359.png 768w, https:\/\/periodismodigital.mx\/wp-content\/uploads\/2021\/12\/cropped-Logo-2-1536x718.png 1536w, https:\/\/periodismodigital.mx\/wp-content\/uploads\/2021\/12\/cropped-Logo-2-2048x957.png 2048w\" sizes=\"auto, (max-width: 3442px) 100vw, 3442px\" \/><\/a><\/div>\n\n\n<p>\u2022M\u00e1s de 3 mil personas beneficiadas en General Heliodoro Castillo<\/p>\n\n\n\n<p>General Heliodoro Castillo, Gro., 28 de agosto de 2025.\u2013 Con el objetivo de devolver al pueblo lo robado, el Gobierno de M\u00e9xico y el Gobierno del estado de Guerrero llevaron a cabo el Tianguis del Bienestar en el municipio de General Heliodoro Castillo, donde se benefici\u00f3 a m\u00e1s de 3 mil habitantes de esta zona serrana.<\/p>\n\n\n\n<p>Gracias a la gesti\u00f3n de la gobernadora Evelyn Salgado Pineda, el Tianguis del Bienestar lleg\u00f3 hasta la Sierra de Guerrero, demostrando que su administraci\u00f3n impulsa acciones permanentes para que los programas sociales alcancen a las comunidades m\u00e1s apartadas. Con esta visi\u00f3n, el gobierno del estado fortalece su compromiso con la justicia social, la inclusi\u00f3n y la construcci\u00f3n de paz en beneficio de todas y todos los guerrerenses.<\/p>\n\n\n\n<p>En representaci\u00f3n de la mandataria estatal, el subsecretario de Desarrollo Pol\u00edtico y Social, Francisco Rodr\u00edguez Cisneros, encabez\u00f3 las actividades, destacando que este esfuerzo refleja el compromiso de la administraci\u00f3n por atender integralmente a las comunidades de dif\u00edcil acceso.<\/p>\n\n\n\n<p>Rodr\u00edguez Cisneros reconoci\u00f3 la visi\u00f3n del expresidente Andr\u00e9s Manuel L\u00f3pez Obrador por impulsar esta iniciativa, as\u00ed como a la presidenta de la Rep\u00fablica, Claudia Sheinbaum Pardo por atender a los pueblos de la Sierra. \u201cEs una gesti\u00f3n que la gobernadora ha venido realizando desde el inicio de esta administraci\u00f3n y con ella cumple su palabra empe\u00f1ada de que los caminos artesanales sean una realidad en la regi\u00f3n de la sierra; agradecemos que hoy se voltee a ver los ojos de la Sierra de Guerrero, porque aqu\u00ed tambi\u00e9n se construye bienestar\u201d, se\u00f1al\u00f3.<\/p>\n\n\n\n<p>El subsecretario enfatiz\u00f3 la importancia de reforzar la atenci\u00f3n en caminos artesanales y v\u00edas de comunicaci\u00f3n, como parte del acompa\u00f1amiento integral que se brinda a las comunidades.<\/p>\n\n\n\n<p>En el evento participaron Roc\u00edo B\u00e1rcena Molina, subsecretaria de Construcci\u00f3n de Paz de la SEGOB; el alcalde de General Heliodoro Castillo, Aurelio Pati\u00f1o Torres; el titular de la Unidad de Mesas de Paz y Coordinador Operativo de los Tianguis del Bienestar, Santiago Segu\u00ed Am\u00f3rtegui; la subsecretaria de Promoci\u00f3n y Vinculaci\u00f3n Social, Hilda Ruth Lorenzo Hern\u00e1ndez; el representante del SAT, Alejandro Ju\u00e1rez; la representante de Aduanas, Yocio Tirado; y por la Secretar\u00eda de la Defensa Nacional, el teniente coronel \u00c1ngel Abarca, adem\u00e1s de autoridades municipales.<\/p>\n\n\n<div class=\"is-default-size wp-block-site-logo\"><a href=\"https:\/\/periodismodigital.mx\/\" class=\"custom-logo-link\" rel=\"home\"><img loading=\"lazy\" decoding=\"async\" width=\"3442\" height=\"1609\" src=\"https:\/\/periodismodigital.mx\/wp-content\/uploads\/2021\/12\/cropped-Logo-2.png\" class=\"custom-logo\" alt=\"El Implacable\" srcset=\"https:\/\/periodismodigital.mx\/wp-content\/uploads\/2021\/12\/cropped-Logo-2.png 3442w, https:\/\/periodismodigital.mx\/wp-content\/uploads\/2021\/12\/cropped-Logo-2-300x140.png 300w, https:\/\/periodismodigital.mx\/wp-content\/uploads\/2021\/12\/cropped-Logo-2-1024x479.png 1024w, https:\/\/periodismodigital.mx\/wp-content\/uploads\/2021\/12\/cropped-Logo-2-768x359.png 768w, https:\/\/periodismodigital.mx\/wp-content\/uploads\/2021\/12\/cropped-Logo-2-1536x718.png 1536w, https:\/\/periodismodigital.mx\/wp-content\/uploads\/2021\/12\/cropped-Logo-2-2048x957.png 2048w\" sizes=\"auto, (max-width: 3442px) 100vw, 3442px\" \/><\/a><\/div>","protected":false},"excerpt":{"rendered":"<p>\u2022M\u00e1s de 3 mil personas beneficiadas en General Heliodoro Castillo General Heliodoro Castillo, Gro., 28 de agosto de<\/p>\n","protected":false},"author":2,"featured_media":65757,"comment_status":"open","ping_status":"closed","sticky":false,"template":"","format":"standard","meta":{"footnotes":""},"categories":[2],"tags":[30741,30740],"class_list":["post-65756","post","type-post","status-publish","format-standard","has-post-thumbnail","hentry","category-noticias","tag-llega-a-la-sierra-de-guerrero","tag-tianguis-del-bienestar"],"_links":{"self":[{"href":"https:\/\/periodismodigital.mx\/index.php?rest_route=\/wp\/v2\/posts\/65756","targetHints":{"allow":["GET"]}}],"collection":[{"href":"https:\/\/periodismodigital.mx\/index.php?rest_route=\/wp\/v2\/posts"}],"about":[{"href":"https:\/\/periodismodigital.mx\/index.php?rest_route=\/wp\/v2\/types\/post"}],"author":[{"embeddable":true,"href":"https:\/\/periodismodigital.mx\/index.php?rest_route=\/wp\/v2\/users\/2"}],"replies":[{"embeddable":true,"href":"https:\/\/periodismodigital.mx\/index.php?rest_route=%2Fwp%2Fv2%2Fcomments&post=65756"}],"version-history":[{"count":1,"href":"https:\/\/periodismodigital.mx\/index.php?rest_route=\/wp\/v2\/posts\/65756\/revisions"}],"predecessor-version":[{"id":65758,"href":"https:\/\/periodismodigital.mx\/index.php?rest_route=\/wp\/v2\/posts\/65756\/revisions\/65758"}],"wp:featuredmedia":[{"embeddable":true,"href":"https:\/\/periodismodigital.mx\/index.php?rest_route=\/wp\/v2\/media\/65757"}],"wp:attachment":[{"href":"https:\/\/periodismodigital.mx\/index.php?rest_route=%2Fwp%2Fv2%2Fmedia&parent=65756"}],"wp:term":[{"taxonomy":"category","embeddable":true,"href":"https:\/\/periodismodigital.mx\/index.php?rest_route=%2Fwp%2Fv2%2Fcategories&post=65756"},{"taxonomy":"post_tag","embeddable":true,"href":"https:\/\/periodismodigital.mx\/index.php?rest_route=%2Fwp%2Fv2%2Ftags&post=65756"}],"curies":[{"name":"wp","href":"https:\/\/api.w.org\/{rel}","templated":true}]}}