{"id":67701,"date":"2025-10-03T03:23:41","date_gmt":"2025-10-03T03:23:41","guid":{"rendered":"https:\/\/periodismodigital.mx\/?p=67701"},"modified":"2025-10-03T03:23:46","modified_gmt":"2025-10-03T03:23:46","slug":"maremagnum-se-afianza-esthela-de-guerrero-pese-guerra-sucia","status":"publish","type":"post","link":"https:\/\/periodismodigital.mx\/?p=67701","title":{"rendered":"MAREM\u00c1GNUM: Se afianza\u00a0Esthela\u00a0de Guerrero, pese guerra sucia."},"content":{"rendered":"<div class=\"is-default-size wp-block-site-logo\"><a href=\"https:\/\/periodismodigital.mx\/\" class=\"custom-logo-link\" rel=\"home\"><img loading=\"lazy\" decoding=\"async\" width=\"3442\" height=\"1609\" src=\"https:\/\/periodismodigital.mx\/wp-content\/uploads\/2021\/12\/cropped-Logo-2.png\" class=\"custom-logo\" alt=\"El Implacable\" srcset=\"https:\/\/periodismodigital.mx\/wp-content\/uploads\/2021\/12\/cropped-Logo-2.png 3442w, https:\/\/periodismodigital.mx\/wp-content\/uploads\/2021\/12\/cropped-Logo-2-300x140.png 300w, https:\/\/periodismodigital.mx\/wp-content\/uploads\/2021\/12\/cropped-Logo-2-1024x479.png 1024w, https:\/\/periodismodigital.mx\/wp-content\/uploads\/2021\/12\/cropped-Logo-2-768x359.png 768w, https:\/\/periodismodigital.mx\/wp-content\/uploads\/2021\/12\/cropped-Logo-2-1536x718.png 1536w, https:\/\/periodismodigital.mx\/wp-content\/uploads\/2021\/12\/cropped-Logo-2-2048x957.png 2048w\" sizes=\"auto, (max-width: 3442px) 100vw, 3442px\" \/><\/a><\/div>\n\n\n<p>Chilpancingo Gro., octubre 3 de 2025.<\/p>\n\n\n\n<p>MAREM\u00c1GNUM 257<\/p>\n\n\n\n<p>Se afianza&nbsp;Esthela&nbsp;de Guerrero, pese guerra sucia &nbsp; &nbsp; &nbsp; &nbsp; &nbsp; &nbsp; &nbsp; &nbsp; &nbsp; &nbsp; &nbsp; &nbsp; &nbsp; &nbsp; &nbsp; &nbsp; &nbsp; &nbsp; &nbsp; &nbsp; &nbsp; &nbsp; &nbsp; &nbsp; &nbsp; &nbsp; &nbsp; &nbsp; &nbsp; &nbsp; &nbsp; &nbsp;Por Ricardo Castillo Barrientos<\/p>\n\n\n\n<p>A un a\u00f1o y dos meses de resolverse la candidatura del representantedel&nbsp;Movimiento de Regeneraci\u00f3n Nacional (<strong>MORENA<\/strong>), a la gubernatura del estado, la efervescencia pol\u00edtica trasciende m\u00e1s all\u00e1 del partido, permeando capas sociales simpatizantes o no,&nbsp;de alg\u00fan o alguna aspirante al m\u00e1s alto cargo de elecci\u00f3n popular en la entidad.<\/p>\n\n\n\n<p>Las&nbsp;<strong>guerras sucias<\/strong>&nbsp;cobran vigencia desde las etapas preelectorales hasta el d\u00eda de la elecci\u00f3n constitucional.&nbsp;Sucede&nbsp;sin embargo, que las contiendas internas son m\u00e1s confrontativas, en particular, entre aspirantes del partido en el poder, pues&nbsp;los&nbsp;aspirantes de partidos minoritarios no representan amenaza al partido dominante.<\/p>\n\n\n\n<p>En este contexto se libra la batalla interna entre aspirantes morenistas, con una despiadada&nbsp;<strong>guerra sucia<\/strong>&nbsp;que salpica a todos, en particular,&nbsp;a&nbsp;quien&nbsp;tiene m\u00e1s posibilidad de alzarse con la candidatura guinda,&nbsp;para&nbsp;dobernar&nbsp;al pueblo de Guerrero, en los siguientes seis a\u00f1os.<\/p>\n\n\n\n<p>En esta semana,&nbsp;las bater\u00edas se&nbsp;enfocaron contra la chilpancingue\u00f1a&nbsp;<strong>Esthela<\/strong><strong>&nbsp;Dami\u00e1n Peralta<\/strong>,&nbsp;subsecretaria de Prevenci\u00f3n de las Violencias de la Secretar\u00eda de Seguridad y Protecci\u00f3n Ciudadana (<strong>SSPC<\/strong>), del gobierno federal,&nbsp;una&nbsp;aspirante&nbsp;<em>in crescendo<\/em>, cadasemana&nbsp;aglutina simpatizantes&nbsp;en&nbsp;diferentes municipios, mientras otras y otros suspirantes se mantienen estables o en ca\u00edda libre.<\/p>\n\n\n\n<p>Los argumentos que se manejan en contra de la abogada&nbsp;<strong>Esthela<\/strong><strong><\/strong><strong>Dam\u00edan<\/strong>, resultan falaces en gran medida porque carecen de sustento, y s\u00ed los hay, se deben a aspectos d\u00e9biles que habr\u00edan de&nbsp;fortalecer para cubrir&nbsp;los flancos de ataques o cr\u00edticas bien intencionadas. Le reclaman que desde su alta posici\u00f3n pol\u00edtica-administrativa da preferencia a otras entidades federativas: Baja California, Sinaloa, Guanajuato, Estado de M\u00e9xico y Tabasco, obedeciendo instrucciones presidenciales por tener los \u00edndices m\u00e1s altos de criminalidad.<\/p>\n\n\n\n<p>El principal se\u00f1alamiento que recurrentemente se hace contra<strong><\/strong><strong>Esthela<\/strong>,&nbsp;consiste en&nbsp;no haber hecho&nbsp;su&nbsp;carrera pol\u00edtica a nivel local y no aportar al desarrollo estatal, situaci\u00f3n&nbsp;en la&nbsp;que tambi\u00e9n&nbsp;se encuentran&nbsp;los dem\u00e1s aspirantes con trayectoria estatal. No se tiene memoria de un proyecto de trascendencia&nbsp;realizado&nbsp;por alguno de nuestros pr\u00f3ceres&nbsp;aspiracionistas.&nbsp;<\/p>\n\n\n\n<p><strong>Esthela<\/strong><strong>&nbsp;Dami\u00e1n<\/strong>&nbsp;de adolescente acompa\u00f1aba a su padre, el maestro Alfonso Dami\u00e1n Huato, para apoyar a los campesinos de la regi\u00f3n Centro, en sus gestiones para obras sociales y cr\u00e9ditos agropecuarios, en la capital del estado.<\/p>\n\n\n\n<p>Tambi\u00e9n ayudaba de jovencita a su se\u00f1ora madre, do\u00f1a&nbsp;EsthelaPeralta, en el restaurante \u201c<strong>Esthelita<\/strong>\u201d, ubicado frente al estacionamiento del ex&nbsp;INEBAN, modesto establecimiento comercial y principal fuente de&nbsp;trabajo&nbsp;familiar.&nbsp;Sobrina del controvertido dirigente empresarial, Pioquinto Dami\u00e1n Huato y hermana de Alfonso Dami\u00e1n Peralta, ex Auditor General del Estado (ASE).<\/p>\n\n\n\n<p>Como infinidad de j\u00f3venes guerrerenses tuvo que marchar a la Ciudad de M\u00e9xico, despu\u00e9s de concluir sus estudios universitarios en la&nbsp;<strong>UAG<\/strong>, en busca de&nbsp;oportunidades acad\u00e9micas y pol\u00edticas, construyendo una&nbsp;exitosa&nbsp;trayectoria pol\u00edtica, incorpor\u00e1ndose&nbsp;al equipo&nbsp;de primer nivel de la ex&nbsp;Jefa&nbsp;de Gobierno y actual Presidenta de M\u00e9xico, doctora Claudia Sheinbaum Pardo.<\/p>\n\n\n\n<p>Las encuestas en su mayor\u00eda&nbsp;<em>cuchareadas<\/em>&nbsp;o&nbsp;<em>patito<\/em>, no la ubican en la mejor posici\u00f3n,&nbsp;pero&nbsp;es&nbsp;la \u00fanica que escala posiciones intermitentes,&nbsp;a ese paso, en un a\u00f1o,&nbsp;podr\u00eda posicionarse y&nbsp;encabezar por amplio margen, las encuestas&nbsp;del Comit\u00e9 Ejecutivo Nacional de&nbsp;<strong>MORENA<\/strong>, resultando la candidata de unidad.<\/p>\n\n\n\n<p><strong>Marea&nbsp;<\/strong><strong>Baja.-<\/strong>&nbsp;Discreta y efectiva labor en apoyo a la ecolog\u00eda y al turismo, vienen realizando los grupos \u201cRaptor Runners\u201d, el Pentatl\u00f3n de Acapulco y la Asociaci\u00f3n Pro Defensa de la Isla La Roqueta. La m\u00e1s reciente actividad consisti\u00f3 en la limpieza del sendero principal de la inigualable Isla&nbsp;La Roqueta, en pleno abandono por la autoridad correspondiente (<strong>SEMARNAT<\/strong>) del gobierno federal.<\/p>\n\n\n\n<p>Las actividades son coordinadas por el&nbsp;ocean\u00f3logo&nbsp;Efr\u00e9n&nbsp;Garcia, quien se ha caracterizado por contribuir a la limpieza marina junto con el&nbsp;biologo&nbsp;marino, Juan Manuel Barnard, tambi\u00e9n fot\u00f3grafo submarino y la ambientalista Viv\u00edan Heredia, quienes han formado un esplendido equipo de trabajo en defensa de la ecolog\u00eda acapulque\u00f1a.<\/p>\n\n\n\n<p><strong>Marea&nbsp;<\/strong><strong>Alta.-<\/strong>&nbsp;Un lector de luxe de esta columna, el maestro Sab\u00e1s Molina, nos dio su opini\u00f3n sobre la entrega anterior de manera l\u00facida&nbsp;y contundente: \u201cNuestro estado, el de antes, fue part\u00edcipe en las luchas por la Independencia y la Revoluci\u00f3n, con personajes ilustres que entregaron sus vidas para&nbsp;un Guerrero y pa\u00eds, con mejores condiciones de libertad, prosperidad y democracia, altos valores que nos dieron identidad\u201d.<\/p>\n\n\n\n<p>Considera el maestro Molina, que actualmente el estado de Guerrero y M\u00e9xico, est\u00e1n sumergidos en la violencia y el miedo a causa de la inseguridad. \u201cLamentablemente el gobierno quiere que nos acostumbremos a esta cultura de la violencia; sin embargo,&nbsp;no podemos ver este fen\u00f3meno como algo natural y acostumbrarnos a lo que sucede es normal, porque estar\u00edamos perdiendo valores: la paz, el amor, el respeto, etc.\u201d<\/p>\n\n\n\n<p><strong>Maremoto.-<\/strong>&nbsp;\u00a12 de octubre no se olvida!, es la consigna hist\u00f3rica conmemorativa del 57 aniversario de la masacre de 1968 en la plaza de las Tres Culturas de Tlatelolco, a pocos d\u00edas de la celebraci\u00f3n de los XIX Juegos Ol\u00edmpicos, en la ciudad de M\u00e9xico, Distrito Federal.<\/p>\n\n\n\n<p>Se desconoce el n\u00famero de v\u00edctimas asesinadas por el Ej\u00e9rcito Mexicano, por \u00f3rdenes del presidente Gustavo D\u00edaz Ordaz, oficialmente se dijo que fueron 75 personas, pero se considera que el n\u00famero de masacrados ascendi\u00f3 a m\u00e1s de 350.<\/p>\n\n\n\n<p>Cada a\u00f1o se recuerda este condenable acontecimiento con el fin de tener presente a los j\u00f3venes estudiantes que participaron en el grandioso movimiento estudiantil-popular, cuyo pliego petitorio conten\u00edan demandas jur\u00eddicas y la libertad de presos pol\u00edticos.<\/p>\n\n\n<div class=\"is-default-size wp-block-site-logo\"><a href=\"https:\/\/periodismodigital.mx\/\" class=\"custom-logo-link\" rel=\"home\"><img loading=\"lazy\" decoding=\"async\" width=\"3442\" height=\"1609\" src=\"https:\/\/periodismodigital.mx\/wp-content\/uploads\/2021\/12\/cropped-Logo-2.png\" class=\"custom-logo\" alt=\"El Implacable\" srcset=\"https:\/\/periodismodigital.mx\/wp-content\/uploads\/2021\/12\/cropped-Logo-2.png 3442w, https:\/\/periodismodigital.mx\/wp-content\/uploads\/2021\/12\/cropped-Logo-2-300x140.png 300w, https:\/\/periodismodigital.mx\/wp-content\/uploads\/2021\/12\/cropped-Logo-2-1024x479.png 1024w, https:\/\/periodismodigital.mx\/wp-content\/uploads\/2021\/12\/cropped-Logo-2-768x359.png 768w, https:\/\/periodismodigital.mx\/wp-content\/uploads\/2021\/12\/cropped-Logo-2-1536x718.png 1536w, https:\/\/periodismodigital.mx\/wp-content\/uploads\/2021\/12\/cropped-Logo-2-2048x957.png 2048w\" sizes=\"auto, (max-width: 3442px) 100vw, 3442px\" \/><\/a><\/div>","protected":false},"excerpt":{"rendered":"<p>Los argumentos que se manejan en contra de la abogada\u00a0EsthelaDam\u00edan, resultan falaces en gran medida porque carecen de sustento, y s\u00ed los hay, se deben a aspectos d\u00e9biles que habr\u00edan de\u00a0fortalecer para cubrir\u00a0los flancos de ataques o cr\u00edticas bien intencionadas. Le reclaman que desde su alta posici\u00f3n pol\u00edtica-administrativa da preferencia a otras entidades federativas: Baja California, Sinaloa, Guanajuato, Estado de M\u00e9xico y Tabasco, obedeciendo instrucciones presidenciales por tener los \u00edndices m\u00e1s altos de criminalidad.<\/p>\n","protected":false},"author":2,"featured_media":35759,"comment_status":"open","ping_status":"closed","sticky":false,"template":"","format":"standard","meta":{"footnotes":""},"categories":[7],"tags":[10952],"class_list":["post-67701","post","type-post","status-publish","format-standard","has-post-thumbnail","hentry","category-opinion","tag-maremagnum-opinion-de-ricardo-castillo-barrientos-2"],"_links":{"self":[{"href":"https:\/\/periodismodigital.mx\/index.php?rest_route=\/wp\/v2\/posts\/67701","targetHints":{"allow":["GET"]}}],"collection":[{"href":"https:\/\/periodismodigital.mx\/index.php?rest_route=\/wp\/v2\/posts"}],"about":[{"href":"https:\/\/periodismodigital.mx\/index.php?rest_route=\/wp\/v2\/types\/post"}],"author":[{"embeddable":true,"href":"https:\/\/periodismodigital.mx\/index.php?rest_route=\/wp\/v2\/users\/2"}],"replies":[{"embeddable":true,"href":"https:\/\/periodismodigital.mx\/index.php?rest_route=%2Fwp%2Fv2%2Fcomments&post=67701"}],"version-history":[{"count":1,"href":"https:\/\/periodismodigital.mx\/index.php?rest_route=\/wp\/v2\/posts\/67701\/revisions"}],"predecessor-version":[{"id":67702,"href":"https:\/\/periodismodigital.mx\/index.php?rest_route=\/wp\/v2\/posts\/67701\/revisions\/67702"}],"wp:featuredmedia":[{"embeddable":true,"href":"https:\/\/periodismodigital.mx\/index.php?rest_route=\/wp\/v2\/media\/35759"}],"wp:attachment":[{"href":"https:\/\/periodismodigital.mx\/index.php?rest_route=%2Fwp%2Fv2%2Fmedia&parent=67701"}],"wp:term":[{"taxonomy":"category","embeddable":true,"href":"https:\/\/periodismodigital.mx\/index.php?rest_route=%2Fwp%2Fv2%2Fcategories&post=67701"},{"taxonomy":"post_tag","embeddable":true,"href":"https:\/\/periodismodigital.mx\/index.php?rest_route=%2Fwp%2Fv2%2Ftags&post=67701"}],"curies":[{"name":"wp","href":"https:\/\/api.w.org\/{rel}","templated":true}]}}