{"id":72961,"date":"2026-01-18T17:54:21","date_gmt":"2026-01-18T17:54:21","guid":{"rendered":"https:\/\/periodismodigital.mx\/?p=72961"},"modified":"2026-01-18T17:54:22","modified_gmt":"2026-01-18T17:54:22","slug":"ssg-garantiza-pago-oportuno-de-becas-a-medicos-residentes","status":"publish","type":"post","link":"https:\/\/periodismodigital.mx\/?p=72961","title":{"rendered":"SSG garantiza pago oportuno de becas a m\u00e9dicos residentes"},"content":{"rendered":"<div class=\"is-default-size wp-block-site-logo\"><a href=\"https:\/\/periodismodigital.mx\/\" class=\"custom-logo-link\" rel=\"home\"><img loading=\"lazy\" decoding=\"async\" width=\"3442\" height=\"1609\" src=\"https:\/\/periodismodigital.mx\/wp-content\/uploads\/2021\/12\/cropped-Logo-2.png\" class=\"custom-logo\" alt=\"El Implacable\" srcset=\"https:\/\/periodismodigital.mx\/wp-content\/uploads\/2021\/12\/cropped-Logo-2.png 3442w, https:\/\/periodismodigital.mx\/wp-content\/uploads\/2021\/12\/cropped-Logo-2-300x140.png 300w, https:\/\/periodismodigital.mx\/wp-content\/uploads\/2021\/12\/cropped-Logo-2-1024x479.png 1024w, https:\/\/periodismodigital.mx\/wp-content\/uploads\/2021\/12\/cropped-Logo-2-768x359.png 768w, https:\/\/periodismodigital.mx\/wp-content\/uploads\/2021\/12\/cropped-Logo-2-1536x718.png 1536w, https:\/\/periodismodigital.mx\/wp-content\/uploads\/2021\/12\/cropped-Logo-2-2048x957.png 2048w\" sizes=\"auto, (max-width: 3442px) 100vw, 3442px\" \/><\/a><\/div>\n\n\n<p>Chilpancingo, Gro., 19 de enero de 2026.- La titular de la Secretar\u00eda de Salud Guerrero (SSG), Alondra Garc\u00eda Carbajal, atendi\u00f3 de manera inmediata la situaci\u00f3n presentada por el retraso en el dep\u00f3sito de la beca federal correspondiente a la quincena del 15 de enero para m\u00e9dicos residentes del programa IMSS Bienestar.<\/p>\n\n\n\n<p>Al atender de manera directa a los m\u00e9dicos residentes de las sedes Hospital de Alta Especialidad IMSS Bienestar \u201cDr. Raymundo Abarca Alarc\u00f3n\u201d, Hospital IMSS Bienestar Acapulco y Hospital IMSS Bienestar \u201cDr. Donato G. Alarc\u00f3n\u201d, Garc\u00eda Carbajal indic\u00f3 que la SSG realiz\u00f3 gestiones inmediatas con el \u00e1rea de Recursos Financieros, logrando que el dep\u00f3sito se efectuara en el transcurso de este mismo d\u00eda.<\/p>\n\n\n\n<p>Finalmente, la Jefatura de Ense\u00f1anza confirm\u00f3 que el dep\u00f3sito se realiz\u00f3 a las 11:52 horas, garantizando as\u00ed el cumplimiento del compromiso con el personal en formaci\u00f3n.<\/p>\n\n\n<div class=\"is-default-size wp-block-site-logo\"><a href=\"https:\/\/periodismodigital.mx\/\" class=\"custom-logo-link\" rel=\"home\"><img loading=\"lazy\" decoding=\"async\" width=\"3442\" height=\"1609\" src=\"https:\/\/periodismodigital.mx\/wp-content\/uploads\/2021\/12\/cropped-Logo-2.png\" class=\"custom-logo\" alt=\"El Implacable\" srcset=\"https:\/\/periodismodigital.mx\/wp-content\/uploads\/2021\/12\/cropped-Logo-2.png 3442w, https:\/\/periodismodigital.mx\/wp-content\/uploads\/2021\/12\/cropped-Logo-2-300x140.png 300w, https:\/\/periodismodigital.mx\/wp-content\/uploads\/2021\/12\/cropped-Logo-2-1024x479.png 1024w, https:\/\/periodismodigital.mx\/wp-content\/uploads\/2021\/12\/cropped-Logo-2-768x359.png 768w, https:\/\/periodismodigital.mx\/wp-content\/uploads\/2021\/12\/cropped-Logo-2-1536x718.png 1536w, https:\/\/periodismodigital.mx\/wp-content\/uploads\/2021\/12\/cropped-Logo-2-2048x957.png 2048w\" sizes=\"auto, (max-width: 3442px) 100vw, 3442px\" \/><\/a><\/div>","protected":false},"excerpt":{"rendered":"<p>Chilpancingo, Gro., 19 de enero de 2026.- La titular de la Secretar\u00eda de Salud Guerrero (SSG), Alondra Garc\u00eda<\/p>\n","protected":false},"author":2,"featured_media":72962,"comment_status":"open","ping_status":"closed","sticky":false,"template":"","format":"standard","meta":{"footnotes":""},"categories":[2],"tags":[34037],"class_list":["post-72961","post","type-post","status-publish","format-standard","has-post-thumbnail","hentry","category-noticias","tag-ssg-garantiza-pago-oportuno"],"_links":{"self":[{"href":"https:\/\/periodismodigital.mx\/index.php?rest_route=\/wp\/v2\/posts\/72961","targetHints":{"allow":["GET"]}}],"collection":[{"href":"https:\/\/periodismodigital.mx\/index.php?rest_route=\/wp\/v2\/posts"}],"about":[{"href":"https:\/\/periodismodigital.mx\/index.php?rest_route=\/wp\/v2\/types\/post"}],"author":[{"embeddable":true,"href":"https:\/\/periodismodigital.mx\/index.php?rest_route=\/wp\/v2\/users\/2"}],"replies":[{"embeddable":true,"href":"https:\/\/periodismodigital.mx\/index.php?rest_route=%2Fwp%2Fv2%2Fcomments&post=72961"}],"version-history":[{"count":1,"href":"https:\/\/periodismodigital.mx\/index.php?rest_route=\/wp\/v2\/posts\/72961\/revisions"}],"predecessor-version":[{"id":72963,"href":"https:\/\/periodismodigital.mx\/index.php?rest_route=\/wp\/v2\/posts\/72961\/revisions\/72963"}],"wp:featuredmedia":[{"embeddable":true,"href":"https:\/\/periodismodigital.mx\/index.php?rest_route=\/wp\/v2\/media\/72962"}],"wp:attachment":[{"href":"https:\/\/periodismodigital.mx\/index.php?rest_route=%2Fwp%2Fv2%2Fmedia&parent=72961"}],"wp:term":[{"taxonomy":"category","embeddable":true,"href":"https:\/\/periodismodigital.mx\/index.php?rest_route=%2Fwp%2Fv2%2Fcategories&post=72961"},{"taxonomy":"post_tag","embeddable":true,"href":"https:\/\/periodismodigital.mx\/index.php?rest_route=%2Fwp%2Fv2%2Ftags&post=72961"}],"curies":[{"name":"wp","href":"https:\/\/api.w.org\/{rel}","templated":true}]}}