{"id":73998,"date":"2026-02-05T11:48:25","date_gmt":"2026-02-05T11:48:25","guid":{"rendered":"https:\/\/periodismodigital.mx\/?p=73998"},"modified":"2026-02-05T11:48:28","modified_gmt":"2026-02-05T11:48:28","slug":"mar-de-fondo-en-guerrero-provocara-olas-de-hasta-tres-metros-de-altura","status":"publish","type":"post","link":"https:\/\/periodismodigital.mx\/?p=73998","title":{"rendered":"Mar de fondo en Guerrero provocar\u00e1 olas de hasta tres metros de altura"},"content":{"rendered":"<div class=\"is-default-size wp-block-site-logo\"><a href=\"https:\/\/periodismodigital.mx\/\" class=\"custom-logo-link\" rel=\"home\"><img loading=\"lazy\" decoding=\"async\" width=\"3442\" height=\"1609\" src=\"https:\/\/periodismodigital.mx\/wp-content\/uploads\/2021\/12\/cropped-Logo-2.png\" class=\"custom-logo\" alt=\"El Implacable\" srcset=\"https:\/\/periodismodigital.mx\/wp-content\/uploads\/2021\/12\/cropped-Logo-2.png 3442w, https:\/\/periodismodigital.mx\/wp-content\/uploads\/2021\/12\/cropped-Logo-2-300x140.png 300w, https:\/\/periodismodigital.mx\/wp-content\/uploads\/2021\/12\/cropped-Logo-2-1024x479.png 1024w, https:\/\/periodismodigital.mx\/wp-content\/uploads\/2021\/12\/cropped-Logo-2-768x359.png 768w, https:\/\/periodismodigital.mx\/wp-content\/uploads\/2021\/12\/cropped-Logo-2-1536x718.png 1536w, https:\/\/periodismodigital.mx\/wp-content\/uploads\/2021\/12\/cropped-Logo-2-2048x957.png 2048w\" sizes=\"auto, (max-width: 3442px) 100vw, 3442px\" \/><\/a><\/div>\n\n\n<p>Acapulco Gro., 05 de febrero del a\u00f1o 2026.-El Servicio Meteorol\u00f3gico Nacional y la Armada de M\u00e9xico emiti\u00f3 el primer aviso de mar de fondo en playas de las costas de Guerrero, donde se tendr\u00e1n olas de dos a tres metros de altura. Autoridades de los tres niveles de gobierno, hicieron un llamado a empresarios, acapulque\u00f1os y turistas, a tomar las medidas preventivas en zonas de playa para evitar cualquier tipo de accidentes.<br>Las autoridades de gobierno, reconocieron que este es un aviso fuera de lo com\u00fan y de lo normal, debido a que no se emiten avisos de este tipo de fen\u00f3meno natural en esta \u00e9poca del a\u00f1o.<br>Por su parte el experto en Protecci\u00f3n Civil, Arturo de la Rosa Camacho, se\u00f1al\u00f3 que por el momento no se expone hasta cuando terminar\u00e1 este aviso de mar de fondo en playas de la costa de Guerrero, sin embargo se advierte que habr\u00e1 un alto oleaje.<\/p>\n\n\n\n<p>\u201cNo se tiene la fecha para cuando termina este fen\u00f3meno de mar de fondo, sin embargo, si se debe de considerar todas las medidas de prevenci\u00f3n en la zona de playa\u201d, expres\u00f3.<br>De la Rosa Camacho, dijo que los llamados de alerta por el fen\u00f3meno de mar de fondo est\u00e1n siendo oportunos por parte de las autoridades de gobierno, por lo que cliudadanos, turistas y empresarios deben de considerar las medidas preventivas.<\/p>\n\n\n<div class=\"is-default-size wp-block-site-logo\"><a href=\"https:\/\/periodismodigital.mx\/\" class=\"custom-logo-link\" rel=\"home\"><img loading=\"lazy\" decoding=\"async\" width=\"3442\" height=\"1609\" src=\"https:\/\/periodismodigital.mx\/wp-content\/uploads\/2021\/12\/cropped-Logo-2.png\" class=\"custom-logo\" alt=\"El Implacable\" srcset=\"https:\/\/periodismodigital.mx\/wp-content\/uploads\/2021\/12\/cropped-Logo-2.png 3442w, https:\/\/periodismodigital.mx\/wp-content\/uploads\/2021\/12\/cropped-Logo-2-300x140.png 300w, https:\/\/periodismodigital.mx\/wp-content\/uploads\/2021\/12\/cropped-Logo-2-1024x479.png 1024w, https:\/\/periodismodigital.mx\/wp-content\/uploads\/2021\/12\/cropped-Logo-2-768x359.png 768w, https:\/\/periodismodigital.mx\/wp-content\/uploads\/2021\/12\/cropped-Logo-2-1536x718.png 1536w, https:\/\/periodismodigital.mx\/wp-content\/uploads\/2021\/12\/cropped-Logo-2-2048x957.png 2048w\" sizes=\"auto, (max-width: 3442px) 100vw, 3442px\" \/><\/a><\/div>","protected":false},"excerpt":{"rendered":"<p>Acapulco Gro., 05 de febrero del a\u00f1o 2026.-El Servicio Meteorol\u00f3gico Nacional y la Armada de M\u00e9xico emiti\u00f3 el<\/p>\n","protected":false},"author":2,"featured_media":5850,"comment_status":"open","ping_status":"closed","sticky":false,"template":"","format":"standard","meta":{"footnotes":""},"categories":[43],"tags":[34491,34492],"class_list":["post-73998","post","type-post","status-publish","format-standard","has-post-thumbnail","hentry","category-evivo","tag-mar-de-fondo-en-guerrero","tag-provocara-olas-de-hasta-tres-metros-de-altura"],"_links":{"self":[{"href":"https:\/\/periodismodigital.mx\/index.php?rest_route=\/wp\/v2\/posts\/73998","targetHints":{"allow":["GET"]}}],"collection":[{"href":"https:\/\/periodismodigital.mx\/index.php?rest_route=\/wp\/v2\/posts"}],"about":[{"href":"https:\/\/periodismodigital.mx\/index.php?rest_route=\/wp\/v2\/types\/post"}],"author":[{"embeddable":true,"href":"https:\/\/periodismodigital.mx\/index.php?rest_route=\/wp\/v2\/users\/2"}],"replies":[{"embeddable":true,"href":"https:\/\/periodismodigital.mx\/index.php?rest_route=%2Fwp%2Fv2%2Fcomments&post=73998"}],"version-history":[{"count":1,"href":"https:\/\/periodismodigital.mx\/index.php?rest_route=\/wp\/v2\/posts\/73998\/revisions"}],"predecessor-version":[{"id":73999,"href":"https:\/\/periodismodigital.mx\/index.php?rest_route=\/wp\/v2\/posts\/73998\/revisions\/73999"}],"wp:featuredmedia":[{"embeddable":true,"href":"https:\/\/periodismodigital.mx\/index.php?rest_route=\/wp\/v2\/media\/5850"}],"wp:attachment":[{"href":"https:\/\/periodismodigital.mx\/index.php?rest_route=%2Fwp%2Fv2%2Fmedia&parent=73998"}],"wp:term":[{"taxonomy":"category","embeddable":true,"href":"https:\/\/periodismodigital.mx\/index.php?rest_route=%2Fwp%2Fv2%2Fcategories&post=73998"},{"taxonomy":"post_tag","embeddable":true,"href":"https:\/\/periodismodigital.mx\/index.php?rest_route=%2Fwp%2Fv2%2Ftags&post=73998"}],"curies":[{"name":"wp","href":"https:\/\/api.w.org\/{rel}","templated":true}]}}