{"id":74000,"date":"2026-02-05T11:52:39","date_gmt":"2026-02-05T11:52:39","guid":{"rendered":"https:\/\/periodismodigital.mx\/?p=74000"},"modified":"2026-02-05T11:52:40","modified_gmt":"2026-02-05T11:52:40","slug":"conectividad-aerea-fortalece-el-posicionamiento-turistico-de-acapulco-e-ixtapa-zihuatanejo","status":"publish","type":"post","link":"https:\/\/periodismodigital.mx\/?p=74000","title":{"rendered":"Conectividad a\u00e9rea fortalece el posicionamiento tur\u00edstico de Acapulco e Ixtapa-Zihuatanejo"},"content":{"rendered":"<div class=\"is-default-size wp-block-site-logo\"><a href=\"https:\/\/periodismodigital.mx\/\" class=\"custom-logo-link\" rel=\"home\"><img loading=\"lazy\" decoding=\"async\" width=\"3442\" height=\"1609\" src=\"https:\/\/periodismodigital.mx\/wp-content\/uploads\/2021\/12\/cropped-Logo-2.png\" class=\"custom-logo\" alt=\"El Implacable\" srcset=\"https:\/\/periodismodigital.mx\/wp-content\/uploads\/2021\/12\/cropped-Logo-2.png 3442w, https:\/\/periodismodigital.mx\/wp-content\/uploads\/2021\/12\/cropped-Logo-2-300x140.png 300w, https:\/\/periodismodigital.mx\/wp-content\/uploads\/2021\/12\/cropped-Logo-2-1024x479.png 1024w, https:\/\/periodismodigital.mx\/wp-content\/uploads\/2021\/12\/cropped-Logo-2-768x359.png 768w, https:\/\/periodismodigital.mx\/wp-content\/uploads\/2021\/12\/cropped-Logo-2-1536x718.png 1536w, https:\/\/periodismodigital.mx\/wp-content\/uploads\/2021\/12\/cropped-Logo-2-2048x957.png 2048w\" sizes=\"auto, (max-width: 3442px) 100vw, 3442px\" \/><\/a><\/div>\n\n\n<p>*Sector tur\u00edstico de Acapulco y Zihuatanejo reconocen el impulso de la gobernadora Evelyn Salgado a la conectividad a\u00e9rea del Hogar del Sol.<\/p>\n\n\n\n<p>Acapulco, Gro., 05 de febrero de 2026.\u2013 El Gobierno del Estado de Guerrero contin\u00faa consolidando la conectividad a\u00e9rea del Hogar del Sol, como parte de la nueva pol\u00edtica tur\u00edstica impulsada por la gobernadora Evelyn Salgado Pineda, a trav\u00e9s de la Secretar\u00eda de Turismo estatal, encabezada por Sim\u00f3n Qui\u00f1ones Orozco.<\/p>\n\n\n\n<p>Estas acciones estrat\u00e9gicas han permitido dinamizar la actividad tur\u00edstica en los destinos ancla de la entidad, fortaleciendo su proyecci\u00f3n a nivel nacional e internacional. Tal es el caso de Acapulco e Ixtapa-Zihuatanejo, que recientemente sumaron dos nuevas rutas a\u00e9reas anunciadas por la aerol\u00ednea Volaris.<\/p>\n\n\n\n<p>La compa\u00f1\u00eda dio a conocer la apertura del vuelo Quer\u00e9taro\u2013Acapulco, que contar\u00e1 con tres frecuencias semanales los d\u00edas martes, jueves y domingo. Asimismo, se present\u00f3 la nueva ruta Puebla\u2013Zihuatanejo, la cual operar\u00e1 tres veces por semana: martes, jueves y s\u00e1bado. Ambas rutas iniciar\u00e1n operaciones a partir del pr\u00f3ximo 2 de junio.<\/p>\n\n\n\n<p>Durante el a\u00f1o anterior, se anunciaron y pusieron en marcha diversas rutas a\u00e9reas directas hacia Guerrero. Con Volaris, comenzaron operaciones en julio el vuelo Morelia\u2013Zihuatanejo y, en noviembre, la ruta Guadalajara\u2013Zihuatanejo. Por su parte, la aerol\u00ednea Viva inici\u00f3 en noviembre el vuelo directo Monterrey\u2013Acapulco, mientras que TAR M\u00e9xico puso en marcha en diciembre la ruta Quer\u00e9taro\u2013Acapulco.<\/p>\n\n\n\n<p>Representantes del sector tur\u00edstico de ambos destinos reconocieron las estrategias implementadas para fortalecer la conectividad a\u00e9rea, as\u00ed como el trabajo coordinado con hoteleros, restauranteros, agencias de viajes, el sector n\u00e1utico y centros de entretenimiento, entre otros, para mantener una imagen positiva y competitiva del Hogar del Sol.<\/p>\n\n\n\n<p>El presidente de la Asociaci\u00f3n de Hoteles y Empresas Tur\u00edsticas de Acapulco (AHETA), Jos\u00e9 Luis Smithers, destac\u00f3 la relevancia de estas acciones al se\u00f1alar que la apertura de nuevas rutas a\u00e9reas es resultado de una gesti\u00f3n acertada. Reconoci\u00f3 el trabajo de la gobernadora Evelyn Salgado Pineda y del secretario de Turismo, subrayando que los resultados son visibles y benefician directamente al sector.<\/p>\n\n\n\n<p>En el mismo sentido, el presidente de Infraestructura del Consejo Consultivo de Turismo en Acapulco, Jes\u00fas Zamora Cervantes, afirm\u00f3 que estas nuevas rutas fortalecen la promoci\u00f3n y el posicionamiento del puerto como un destino referente en turismo de calidad, al sumarse a vuelos ya reactivados como Monterrey\u2013Acapulco.<\/p>\n\n\n\n<p>Por su parte, la presidenta de la C\u00e1mara Nacional de la Industria Restaurantera y Alimentos Condimentados (Canirac) en Ixtapa-Zihuatanejo, Indira Hern\u00e1ndez, coincidi\u00f3 en la importancia de continuar impulsando la conectividad a\u00e9rea mediante acciones coordinadas entre los sectores p\u00fablico y privado, al se\u00f1alar que la reapertura del vuelo Puebla\u2013Zihuatanejo contribuir\u00e1 significativamente al fortalecimiento de la econom\u00eda local y al crecimiento del sector restaurantero.<\/p>\n\n\n\n<figure class=\"wp-block-image size-large\"><img loading=\"lazy\" decoding=\"async\" width=\"1024\" height=\"682\" src=\"https:\/\/periodismodigital.mx\/wp-content\/uploads\/2026\/02\/WhatsApp-Image-2026-02-04-at-20.12.04-1024x682.jpeg\" alt=\"\" class=\"wp-image-74002\" srcset=\"https:\/\/periodismodigital.mx\/wp-content\/uploads\/2026\/02\/WhatsApp-Image-2026-02-04-at-20.12.04-1024x682.jpeg 1024w, https:\/\/periodismodigital.mx\/wp-content\/uploads\/2026\/02\/WhatsApp-Image-2026-02-04-at-20.12.04-300x200.jpeg 300w, https:\/\/periodismodigital.mx\/wp-content\/uploads\/2026\/02\/WhatsApp-Image-2026-02-04-at-20.12.04-768x512.jpeg 768w, https:\/\/periodismodigital.mx\/wp-content\/uploads\/2026\/02\/WhatsApp-Image-2026-02-04-at-20.12.04.jpeg 1369w\" sizes=\"auto, (max-width: 1024px) 100vw, 1024px\" \/><\/figure>\n\n\n<div class=\"is-default-size wp-block-site-logo\"><a href=\"https:\/\/periodismodigital.mx\/\" class=\"custom-logo-link\" rel=\"home\"><img loading=\"lazy\" decoding=\"async\" width=\"3442\" height=\"1609\" src=\"https:\/\/periodismodigital.mx\/wp-content\/uploads\/2021\/12\/cropped-Logo-2.png\" class=\"custom-logo\" alt=\"El Implacable\" srcset=\"https:\/\/periodismodigital.mx\/wp-content\/uploads\/2021\/12\/cropped-Logo-2.png 3442w, https:\/\/periodismodigital.mx\/wp-content\/uploads\/2021\/12\/cropped-Logo-2-300x140.png 300w, https:\/\/periodismodigital.mx\/wp-content\/uploads\/2021\/12\/cropped-Logo-2-1024x479.png 1024w, https:\/\/periodismodigital.mx\/wp-content\/uploads\/2021\/12\/cropped-Logo-2-768x359.png 768w, https:\/\/periodismodigital.mx\/wp-content\/uploads\/2021\/12\/cropped-Logo-2-1536x718.png 1536w, https:\/\/periodismodigital.mx\/wp-content\/uploads\/2021\/12\/cropped-Logo-2-2048x957.png 2048w\" sizes=\"auto, (max-width: 3442px) 100vw, 3442px\" \/><\/a><\/div>","protected":false},"excerpt":{"rendered":"<p>*Sector tur\u00edstico de Acapulco y Zihuatanejo reconocen el impulso de la gobernadora Evelyn Salgado a la conectividad a\u00e9rea del Hogar del Sol.<\/p>\n","protected":false},"author":2,"featured_media":74001,"comment_status":"open","ping_status":"closed","sticky":false,"template":"","format":"standard","meta":{"footnotes":""},"categories":[43],"tags":[34493,34494],"class_list":["post-74000","post","type-post","status-publish","format-standard","has-post-thumbnail","hentry","category-evivo","tag-conectividad-aerea-fortalece-el-posicionamiento-turistico","tag-de-acapulco-e-ixtapa-zihuatanejo"],"_links":{"self":[{"href":"https:\/\/periodismodigital.mx\/index.php?rest_route=\/wp\/v2\/posts\/74000","targetHints":{"allow":["GET"]}}],"collection":[{"href":"https:\/\/periodismodigital.mx\/index.php?rest_route=\/wp\/v2\/posts"}],"about":[{"href":"https:\/\/periodismodigital.mx\/index.php?rest_route=\/wp\/v2\/types\/post"}],"author":[{"embeddable":true,"href":"https:\/\/periodismodigital.mx\/index.php?rest_route=\/wp\/v2\/users\/2"}],"replies":[{"embeddable":true,"href":"https:\/\/periodismodigital.mx\/index.php?rest_route=%2Fwp%2Fv2%2Fcomments&post=74000"}],"version-history":[{"count":1,"href":"https:\/\/periodismodigital.mx\/index.php?rest_route=\/wp\/v2\/posts\/74000\/revisions"}],"predecessor-version":[{"id":74003,"href":"https:\/\/periodismodigital.mx\/index.php?rest_route=\/wp\/v2\/posts\/74000\/revisions\/74003"}],"wp:featuredmedia":[{"embeddable":true,"href":"https:\/\/periodismodigital.mx\/index.php?rest_route=\/wp\/v2\/media\/74001"}],"wp:attachment":[{"href":"https:\/\/periodismodigital.mx\/index.php?rest_route=%2Fwp%2Fv2%2Fmedia&parent=74000"}],"wp:term":[{"taxonomy":"category","embeddable":true,"href":"https:\/\/periodismodigital.mx\/index.php?rest_route=%2Fwp%2Fv2%2Fcategories&post=74000"},{"taxonomy":"post_tag","embeddable":true,"href":"https:\/\/periodismodigital.mx\/index.php?rest_route=%2Fwp%2Fv2%2Ftags&post=74000"}],"curies":[{"name":"wp","href":"https:\/\/api.w.org\/{rel}","templated":true}]}}