{"id":7629,"date":"2022-06-24T10:13:05","date_gmt":"2022-06-24T10:13:05","guid":{"rendered":"https:\/\/periodismodigital.mx\/?p=7629"},"modified":"2022-06-24T10:13:07","modified_gmt":"2022-06-24T10:13:07","slug":"el-deporte-es-fundamental-para-la-reconstruccion-del-tejido-social-presidenta-norma-otilia-hernandez","status":"publish","type":"post","link":"https:\/\/periodismodigital.mx\/?p=7629","title":{"rendered":"El deporte es fundamental para la reconstrucci\u00f3n del tejido social: Presidenta Norma Otilia Hern\u00e1ndez"},"content":{"rendered":"\n<p>***Conforma Ayuntamiento de Chilpancingo el Consejo Municipal del Deporte<\/p>\n\n\n\n<p>Chilpancingo, Gro., a 24 de junio de 2022.- &#8220;Mi trabajo es y ser\u00e1 fortalecer el tejido social a trav\u00e9s de la cultura y el deporte entre la sociedad&#8221;, dijo la presidenta Norma Otilia Hern\u00e1ndez Mart\u00ednez, al rendir protesta como presidenta honoraria del Consejo Municipal del Deporte (COMUDE).<\/p>\n\n\n\n<p>Alma Roc\u00edo L\u00f3pez Bello, directora General del Instituto del Deporte del Estado de Guerrero, al felicitar a la alcaldesa por la conformaci\u00f3n del Consejo Municipal del Deporte para desarrollar acciones para el fomento, apoyo, promoci\u00f3n y difusi\u00f3n de la cultura f\u00edsica y el deporte en el \u00e1mbito municipal, y en cumplimiento al art\u00edculo 49 y 50 de la Ley n\u00famero 697 de Cultura F\u00edsica y Deporte para el Estado y los municipios de Guerrero, tom\u00f3 protesta a los integrantes que conformar\u00e1n dicho Consejo.<\/p>\n\n\n\n<p>&#8220;Presidenta cuenten con todo nuestro apoyo hacia las acciones encaminadas a la cultura f\u00edsica y el deporte&#8221;, dijo.<\/p>\n\n\n\n<p>La presidenta municipal, Norma Otilia Hern\u00e1ndez Mart\u00ednez coment\u00f3 que una de las pol\u00edticas centrales de su gobierno es generar acciones y programas encaminados a la reconstrucci\u00f3n del tejido social, por lo que el derecho al deporte es y ser\u00e1 una prioridad para el gobierno municipal, ya que no solo contribuye a la prevenci\u00f3n del delito, sino que ayuda a combatir a la obesidad en la capital.<\/p>\n\n\n\n<p>Hern\u00e1ndez Mart\u00ednez se\u00f1al\u00f3 que su gobierno realizar\u00e1 un diagn\u00f3stico para detectar las deficiencias y fortalezas a fin de conformar una normatividad e impulsar el primer reglamento de los parques y espacios p\u00fablicos.<\/p>\n\n\n\n<p>Arturo Robledo Mart\u00ednez, director de Cultura F\u00edsica y Deporte, se congratul\u00f3 por el hecho hist\u00f3rico al formar oficialmente el Consejo Municipal del Deporte para apoyar al deporte y a los deportistas, &#8220;este \u00f3rgano llevar\u00e1 eventos deportivos en coordinaci\u00f3n con la direcci\u00f3n del deporte, con el apoyo de profesores y formadores de medallistas, y as\u00ed trabajar para la reconstrucci\u00f3n del tejido social&#8221;.<\/p>\n","protected":false},"excerpt":{"rendered":"<p>Alma Roc\u00edo L\u00f3pez Bello, directora General del Instituto del Deporte del Estado de Guerrero, al felicitar a la alcaldesa por la conformaci\u00f3n del Consejo Municipal del Deporte para desarrollar acciones para el fomento, apoyo, promoci\u00f3n y difusi\u00f3n de la cultura f\u00edsica y el deporte en el \u00e1mbito municipal, y en cumplimiento al art\u00edculo 49 y 50 de la Ley n\u00famero 697 de Cultura F\u00edsica y Deporte para el Estado y los municipios de Guerrero, tom\u00f3 protesta a los integrantes que conformar\u00e1n dicho Consejo.<\/p>\n","protected":false},"author":2,"featured_media":7630,"comment_status":"open","ping_status":"closed","sticky":false,"template":"","format":"standard","meta":{"footnotes":""},"categories":[6],"tags":[3086,644,3087,3085],"class_list":["post-7629","post","type-post","status-publish","format-standard","has-post-thumbnail","hentry","category-deportiva","tag-el-consejo","tag-en-chilpancingo","tag-municipal-del-deporte","tag-rinde-protesta"],"_links":{"self":[{"href":"https:\/\/periodismodigital.mx\/index.php?rest_route=\/wp\/v2\/posts\/7629","targetHints":{"allow":["GET"]}}],"collection":[{"href":"https:\/\/periodismodigital.mx\/index.php?rest_route=\/wp\/v2\/posts"}],"about":[{"href":"https:\/\/periodismodigital.mx\/index.php?rest_route=\/wp\/v2\/types\/post"}],"author":[{"embeddable":true,"href":"https:\/\/periodismodigital.mx\/index.php?rest_route=\/wp\/v2\/users\/2"}],"replies":[{"embeddable":true,"href":"https:\/\/periodismodigital.mx\/index.php?rest_route=%2Fwp%2Fv2%2Fcomments&post=7629"}],"version-history":[{"count":1,"href":"https:\/\/periodismodigital.mx\/index.php?rest_route=\/wp\/v2\/posts\/7629\/revisions"}],"predecessor-version":[{"id":7631,"href":"https:\/\/periodismodigital.mx\/index.php?rest_route=\/wp\/v2\/posts\/7629\/revisions\/7631"}],"wp:featuredmedia":[{"embeddable":true,"href":"https:\/\/periodismodigital.mx\/index.php?rest_route=\/wp\/v2\/media\/7630"}],"wp:attachment":[{"href":"https:\/\/periodismodigital.mx\/index.php?rest_route=%2Fwp%2Fv2%2Fmedia&parent=7629"}],"wp:term":[{"taxonomy":"category","embeddable":true,"href":"https:\/\/periodismodigital.mx\/index.php?rest_route=%2Fwp%2Fv2%2Fcategories&post=7629"},{"taxonomy":"post_tag","embeddable":true,"href":"https:\/\/periodismodigital.mx\/index.php?rest_route=%2Fwp%2Fv2%2Ftags&post=7629"}],"curies":[{"name":"wp","href":"https:\/\/api.w.org\/{rel}","templated":true}]}}