{"id":7658,"date":"2022-06-24T11:32:45","date_gmt":"2022-06-24T11:32:45","guid":{"rendered":"https:\/\/periodismodigital.mx\/?p=7658"},"modified":"2022-06-24T11:32:47","modified_gmt":"2022-06-24T11:32:47","slug":"alumna-de-acapulco-gana-concurso-nacional-de-pintura-infantil-el-nino-y-la-mar","status":"publish","type":"post","link":"https:\/\/periodismodigital.mx\/?p=7658","title":{"rendered":"Alumna de Acapulco gana Concurso Nacional de Pintura Infantil El Ni\u00f1o y la Mar"},"content":{"rendered":"\n<p>Su dibujo hace referencia a la quebrada y al Buque Velero Cuauht\u00e9moc<\/p>\n\n\n\n<p>Chilpancingo, Gro., 24 de junio de 2022. \u201cLa Quebrada y Cuauht\u00e9moc\u201d fue el tema con el que Isabela Pineda V\u00e1zquez, alumna de 12 a\u00f1os de la regi\u00f3n Acapulco, gan\u00f3 el primer lugar del XLVC Concurso Nacional de Pintura Infantil \u201cEl Ni\u00f1o y la Mar\u201d que organiz\u00f3 la Secretar\u00eda de Marina en coordinaci\u00f3n con la Secretar\u00eda de Educaci\u00f3n Guerrero.<\/p>\n\n\n\n<p>El dibujo fue evaluado por especialistas en Artes Pl\u00e1sticas de Guerrero y el extranjero, quienes tomaron en cuenta criterios como: composici\u00f3n, ritmo, tema, combinaci\u00f3n, t\u00e9cnica y calidad del trabajo.<\/p>\n\n\n\n<p>Cada a\u00f1o la SEMAR realiza este concurso para fortalecer y motivar el acercamiento a las expresiones creativas de las ni\u00f1os y ni\u00f1as de M\u00e9xico a trav\u00e9s de la pintura.<\/p>\n\n\n\n<p>Este a\u00f1o el tema de concurso fue los \u201c40 a\u00f1os del Buque Escuela Velero Cuauht\u00e9moc\u201d y participaron 26 ni\u00f1as y ni\u00f1os de Acapulco, Costa Chica, Tierra Caliente, regi\u00f3n Centro y Norte.<\/p>\n\n\n\n<p>El dibujo o pintura debe ser una idea completamente original y para su elaboraci\u00f3n solo se podr\u00e1n utilizar acuarelas, crayones, \u00f3leo, l\u00e1pices de color, gises, plumones o pinceles en papel ilustraci\u00f3n, cartulina cascar\u00f3n o cartoncillo.<\/p>\n\n\n\n<p>En esta edici\u00f3n los especialistas, adem\u00e1s de la edad tomaron en cuenta que las pinturas tuvieran una relaci\u00f3n con el tema conmemorativo, as\u00ed como la t\u00e9cnica y otros aspectos antes mencionados.<\/p>\n\n\n\n<p>Juan Emilio Huam\u00e1n Pablo, estudiante de 8 a\u00f1os de la regi\u00f3n Centro fue el ganador del segundo lugar con el dibujo \u201cBuque de colores y la paz\u201d, mientras que Pedro Sebastian S\u00e1nchez Casta\u00f1eda, originario de la zona Norte, obtuvo el tercer lugar.<\/p>\n\n\n\n<p>Los ganadores del primero, segundo y tercer lugar recibir\u00e1n un diploma, souvenirs de Marina y un obsequio sorpresa. Los premios ser\u00e1n enviados por paqueter\u00eda.<\/p>\n\n\n\n<p>Debido a la pandemia por la COVID-19 el concurso no fue presencial, la exposici\u00f3n de dibujos fue virtual y se realiz\u00f3 en la ciudad de Chilpancingo con la presencia del director general de Primarias, Nicanor Adame Serrano; el director de Desarrollo Educativo, Adalid Nava Morales; el jefe del Departamento de Primaria Estatal, Alberto Cort\u00e9s Garc\u00eda; la jefa del Departamento de Primeria Transferido, Alexis Mar\u00edn Ram\u00edrez y la coordinadora estatal del concurso, Ana Bertha Garc\u00eda Villalba.<\/p>\n","protected":false},"excerpt":{"rendered":"<p>El dibujo fue evaluado por especialistas en Artes Pl\u00e1sticas de Guerrero y el extranjero, quienes tomaron en cuenta criterios como: composici\u00f3n, ritmo, tema, combinaci\u00f3n, t\u00e9cnica y calidad del trabajo.<\/p>\n","protected":false},"author":2,"featured_media":7659,"comment_status":"open","ping_status":"closed","sticky":false,"template":"","format":"standard","meta":{"footnotes":""},"categories":[6],"tags":[2543,3103,2541,3104],"class_list":["post-7658","post","type-post","status-publish","format-standard","has-post-thumbnail","hentry","category-deportiva","tag-concurso-nacional","tag-el-nino-y-la-mar","tag-gana","tag-nina-de-acapulco"],"_links":{"self":[{"href":"https:\/\/periodismodigital.mx\/index.php?rest_route=\/wp\/v2\/posts\/7658","targetHints":{"allow":["GET"]}}],"collection":[{"href":"https:\/\/periodismodigital.mx\/index.php?rest_route=\/wp\/v2\/posts"}],"about":[{"href":"https:\/\/periodismodigital.mx\/index.php?rest_route=\/wp\/v2\/types\/post"}],"author":[{"embeddable":true,"href":"https:\/\/periodismodigital.mx\/index.php?rest_route=\/wp\/v2\/users\/2"}],"replies":[{"embeddable":true,"href":"https:\/\/periodismodigital.mx\/index.php?rest_route=%2Fwp%2Fv2%2Fcomments&post=7658"}],"version-history":[{"count":1,"href":"https:\/\/periodismodigital.mx\/index.php?rest_route=\/wp\/v2\/posts\/7658\/revisions"}],"predecessor-version":[{"id":7660,"href":"https:\/\/periodismodigital.mx\/index.php?rest_route=\/wp\/v2\/posts\/7658\/revisions\/7660"}],"wp:featuredmedia":[{"embeddable":true,"href":"https:\/\/periodismodigital.mx\/index.php?rest_route=\/wp\/v2\/media\/7659"}],"wp:attachment":[{"href":"https:\/\/periodismodigital.mx\/index.php?rest_route=%2Fwp%2Fv2%2Fmedia&parent=7658"}],"wp:term":[{"taxonomy":"category","embeddable":true,"href":"https:\/\/periodismodigital.mx\/index.php?rest_route=%2Fwp%2Fv2%2Fcategories&post=7658"},{"taxonomy":"post_tag","embeddable":true,"href":"https:\/\/periodismodigital.mx\/index.php?rest_route=%2Fwp%2Fv2%2Ftags&post=7658"}],"curies":[{"name":"wp","href":"https:\/\/api.w.org\/{rel}","templated":true}]}}