{"id":78383,"date":"2026-04-21T12:35:50","date_gmt":"2026-04-21T12:35:50","guid":{"rendered":"https:\/\/periodismodigital.mx\/?p=78383"},"modified":"2026-04-21T12:35:52","modified_gmt":"2026-04-21T12:35:52","slug":"propone-diputado-garantizar-representacion-indigena-en-la-jucopo-y-la-mesa-directiva-del-congreso","status":"publish","type":"post","link":"https:\/\/periodismodigital.mx\/?p=78383","title":{"rendered":"PROPONE DIPUTADO GARANTIZAR REPRESENTACI\u00d3N IND\u00cdGENA EN LA JUCOPO Y LA MESA DIRECTIVA DEL CONGRESO"},"content":{"rendered":"<div class=\"is-default-size wp-block-site-logo\"><a href=\"https:\/\/periodismodigital.mx\/\" class=\"custom-logo-link\" rel=\"home\"><img loading=\"lazy\" decoding=\"async\" width=\"3442\" height=\"1609\" src=\"https:\/\/periodismodigital.mx\/wp-content\/uploads\/2021\/12\/cropped-Logo-2.png\" class=\"custom-logo\" alt=\"El Implacable\" srcset=\"https:\/\/periodismodigital.mx\/wp-content\/uploads\/2021\/12\/cropped-Logo-2.png 3442w, https:\/\/periodismodigital.mx\/wp-content\/uploads\/2021\/12\/cropped-Logo-2-300x140.png 300w, https:\/\/periodismodigital.mx\/wp-content\/uploads\/2021\/12\/cropped-Logo-2-1024x479.png 1024w, https:\/\/periodismodigital.mx\/wp-content\/uploads\/2021\/12\/cropped-Logo-2-768x359.png 768w, https:\/\/periodismodigital.mx\/wp-content\/uploads\/2021\/12\/cropped-Logo-2-1536x718.png 1536w, https:\/\/periodismodigital.mx\/wp-content\/uploads\/2021\/12\/cropped-Logo-2-2048x957.png 2048w\" sizes=\"auto, (max-width: 3442px) 100vw, 3442px\" \/><\/a><\/div>\n\n\n<p>Chilpancingo, Gro., 20 de abril de 2026.\u2013 El diputado Arist\u00f3teles Tito Arroyo propuso reformar y adicionar diversas disposiciones de la Ley Org\u00e1nica del Poder Legislativo del Estado de Guerrero, con el prop\u00f3sito de garantizar la representatividad ind\u00edgena en los \u00f3rganos de administraci\u00f3n y representaci\u00f3n del Congreso del Estado, asegurando que los pueblos originarios ocupen espacios de toma de decisiones en la Mesa Directiva y la Junta de Coordinaci\u00f3n Pol\u00edtica (Jucopo).<\/p>\n\n\n\n<p>En su propuesta, el legislador reconoci\u00f3 los avances en el reconocimiento de los derechos de los pueblos y comunidades ind\u00edgenas, y se\u00f1al\u00f3 que es necesario continuar en esa ruta, garantizando tambi\u00e9n su participaci\u00f3n efectiva dentro del Congreso.<\/p>\n\n\n\n<p>\u201cEsta iniciativa busca algo muy sencillo, pero muy profundo: que los pueblos ind\u00edgenas de Guerrero dejen de ser solo invitados en el Congreso y pasen a ser parte de la toma de decisiones. No basta con que haya diputados ind\u00edgenas; necesitamos que los espacios donde se define el rumbo de la pol\u00edtica estatal tambi\u00e9n est\u00e9n integrados por ellos\u201d, expres\u00f3.<\/p>\n\n\n\n<p>En ese sentido, propone reformar la Ley Org\u00e1nica del Poder Legislativo para asegurar una representaci\u00f3n real de los pueblos originarios en la integraci\u00f3n de la Mesa Directiva, en la Jucopo y en las direcciones t\u00e9cnicas del Congreso.<\/p>\n\n\n\n<p>La iniciativa de reformas y adiciones a diversas disposiciones de la Ley Org\u00e1nica del Poder Legislativo del Estado de Guerrero fue turnada a la Comisi\u00f3n de Estudios Constitucionales y Jur\u00eddicos para su an\u00e1lisis.<\/p>\n\n\n<div class=\"is-default-size wp-block-site-logo\"><a href=\"https:\/\/periodismodigital.mx\/\" class=\"custom-logo-link\" rel=\"home\"><img loading=\"lazy\" decoding=\"async\" width=\"3442\" height=\"1609\" src=\"https:\/\/periodismodigital.mx\/wp-content\/uploads\/2021\/12\/cropped-Logo-2.png\" class=\"custom-logo\" alt=\"El Implacable\" srcset=\"https:\/\/periodismodigital.mx\/wp-content\/uploads\/2021\/12\/cropped-Logo-2.png 3442w, https:\/\/periodismodigital.mx\/wp-content\/uploads\/2021\/12\/cropped-Logo-2-300x140.png 300w, https:\/\/periodismodigital.mx\/wp-content\/uploads\/2021\/12\/cropped-Logo-2-1024x479.png 1024w, https:\/\/periodismodigital.mx\/wp-content\/uploads\/2021\/12\/cropped-Logo-2-768x359.png 768w, https:\/\/periodismodigital.mx\/wp-content\/uploads\/2021\/12\/cropped-Logo-2-1536x718.png 1536w, https:\/\/periodismodigital.mx\/wp-content\/uploads\/2021\/12\/cropped-Logo-2-2048x957.png 2048w\" sizes=\"auto, (max-width: 3442px) 100vw, 3442px\" \/><\/a><\/div>","protected":false},"excerpt":{"rendered":"<p>En su propuesta, el legislador reconoci\u00f3 los avances en el reconocimiento de los derechos de los pueblos y comunidades ind\u00edgenas, y se\u00f1al\u00f3 que es necesario continuar en esa ruta, garantizando tambi\u00e9n su participaci\u00f3n efectiva dentro del Congreso.<\/p>\n","protected":false},"author":2,"featured_media":78384,"comment_status":"open","ping_status":"closed","sticky":false,"template":"","format":"standard","meta":{"footnotes":""},"categories":[3],"tags":[36317,16241],"class_list":["post-78383","post","type-post","status-publish","format-standard","has-post-thumbnail","hentry","category-politica","tag-garantizar-representacion-indigena","tag-propone-diputado"],"_links":{"self":[{"href":"https:\/\/periodismodigital.mx\/index.php?rest_route=\/wp\/v2\/posts\/78383","targetHints":{"allow":["GET"]}}],"collection":[{"href":"https:\/\/periodismodigital.mx\/index.php?rest_route=\/wp\/v2\/posts"}],"about":[{"href":"https:\/\/periodismodigital.mx\/index.php?rest_route=\/wp\/v2\/types\/post"}],"author":[{"embeddable":true,"href":"https:\/\/periodismodigital.mx\/index.php?rest_route=\/wp\/v2\/users\/2"}],"replies":[{"embeddable":true,"href":"https:\/\/periodismodigital.mx\/index.php?rest_route=%2Fwp%2Fv2%2Fcomments&post=78383"}],"version-history":[{"count":1,"href":"https:\/\/periodismodigital.mx\/index.php?rest_route=\/wp\/v2\/posts\/78383\/revisions"}],"predecessor-version":[{"id":78385,"href":"https:\/\/periodismodigital.mx\/index.php?rest_route=\/wp\/v2\/posts\/78383\/revisions\/78385"}],"wp:featuredmedia":[{"embeddable":true,"href":"https:\/\/periodismodigital.mx\/index.php?rest_route=\/wp\/v2\/media\/78384"}],"wp:attachment":[{"href":"https:\/\/periodismodigital.mx\/index.php?rest_route=%2Fwp%2Fv2%2Fmedia&parent=78383"}],"wp:term":[{"taxonomy":"category","embeddable":true,"href":"https:\/\/periodismodigital.mx\/index.php?rest_route=%2Fwp%2Fv2%2Fcategories&post=78383"},{"taxonomy":"post_tag","embeddable":true,"href":"https:\/\/periodismodigital.mx\/index.php?rest_route=%2Fwp%2Fv2%2Ftags&post=78383"}],"curies":[{"name":"wp","href":"https:\/\/api.w.org\/{rel}","templated":true}]}}