{"id":78648,"date":"2026-04-25T01:01:43","date_gmt":"2026-04-25T01:01:43","guid":{"rendered":"https:\/\/periodismodigital.mx\/?p=78648"},"modified":"2026-04-25T01:01:45","modified_gmt":"2026-04-25T01:01:45","slug":"encabeza-ricardo-castillo-instalacion-del-comite-tecnico-para-seleccionar-experiencias-docentes-del-foro-de-la-nem","status":"publish","type":"post","link":"https:\/\/periodismodigital.mx\/?p=78648","title":{"rendered":"Encabeza Ricardo Castillo instalaci\u00f3n del Comit\u00e9 T\u00e9cnico para seleccionar experiencias docentes del Foro de la NEM"},"content":{"rendered":"<div class=\"is-default-size wp-block-site-logo\"><a href=\"https:\/\/periodismodigital.mx\/\" class=\"custom-logo-link\" rel=\"home\"><img loading=\"lazy\" decoding=\"async\" width=\"3442\" height=\"1609\" src=\"https:\/\/periodismodigital.mx\/wp-content\/uploads\/2021\/12\/cropped-Logo-2.png\" class=\"custom-logo\" alt=\"El Implacable\" srcset=\"https:\/\/periodismodigital.mx\/wp-content\/uploads\/2021\/12\/cropped-Logo-2.png 3442w, https:\/\/periodismodigital.mx\/wp-content\/uploads\/2021\/12\/cropped-Logo-2-300x140.png 300w, https:\/\/periodismodigital.mx\/wp-content\/uploads\/2021\/12\/cropped-Logo-2-1024x479.png 1024w, https:\/\/periodismodigital.mx\/wp-content\/uploads\/2021\/12\/cropped-Logo-2-768x359.png 768w, https:\/\/periodismodigital.mx\/wp-content\/uploads\/2021\/12\/cropped-Logo-2-1536x718.png 1536w, https:\/\/periodismodigital.mx\/wp-content\/uploads\/2021\/12\/cropped-Logo-2-2048x957.png 2048w\" sizes=\"auto, (max-width: 3442px) 100vw, 3442px\" \/><\/a><\/div>\n\n\n<p>Chilpancingo, Gro., 25 de abril de 2026.- El titular de la Secretar\u00eda de Educaci\u00f3n Guerrero (SEG), Ricardo Castillo Pe\u00f1a, encabez\u00f3 la instalaci\u00f3n y toma de protesta del Comit\u00e9 T\u00e9cnico Pedag\u00f3gico que seleccionar\u00e1 las experiencias docentes para el foro &#8220;La Nueva Escuela Mexicana a tres a\u00f1os. Recuperaci\u00f3n, di\u00e1logo y construcci\u00f3n colectiva desde la experiencia&#8221;.<\/p>\n\n\n\n<p>El Foro busca generar espacios de di\u00e1logo para recuperar experiencias de aula, reflexionar sobre los avances y desaf\u00edos de la Nueva Escuela Mexicana, y construir una visi\u00f3n compartida de la educaci\u00f3n p\u00fablica desde la diversidad de contextos del pa\u00eds. Su realizaci\u00f3n forma parte de un ejercicio nacional de evaluaci\u00f3n colectiva a tres a\u00f1os de la implementaci\u00f3n de este modelo educativo.<\/p>\n\n\n\n<p>Las y los maestros de educaci\u00f3n b\u00e1sica de Guerrero pueden registrar su participaci\u00f3n hasta el 30 de abril en el sitio: www.experienciasnem.anuies.mx. El registro est\u00e1 abierto para todos los niveles y modalidades de educaci\u00f3n b\u00e1sica en la entidad.<\/p>\n\n\n\n<p>En el acto, el titular de la SEG exhort\u00f3 al magisterio guerrerense a compartir sus experiencias pedag\u00f3gicas. &#8220;Los maestros de Guerrero son cr\u00edticos, no solo ejecutores de programas; sus historias no deben quedarse en el sal\u00f3n de clases&#8221;, se\u00f1al\u00f3.<\/p>\n\n\n\n<p>El Comit\u00e9 qued\u00f3 integrado por docentes que participaron el la convocatoria federal de la SEP y la Asociaci\u00f3n Nacional de Universidades e Instituciones de Educaci\u00f3n Superior de M\u00e9xico (ANUIES): Baldomero Albarr\u00e1n L\u00f3pez, de la UPN 123; Fernando Zen\u00f3n Mena Angelito, de la Facultad de Ciencias de la Educaci\u00f3n de la UAGro, y Rosa Iris Soberanis Serrano, de la Escuela Normal Urbana Federal &#8220;Profr. Rafael Ram\u00edrez&#8221;.<\/p>\n\n\n\n<p>Tambi\u00e9n fue seleccionada por la autoridad educativa estatal Ada Iris Lemus Zamudio, del Departamento de Formaci\u00f3n Continua de la SEG y Blanca Esthela Sandoval Qui\u00f1ones, de la Escuela Normal Adolfo Viguiri Viguri.<\/p>\n\n\n\n<p>El Comit\u00e9 T\u00e9cnico Pedag\u00f3gico tendr\u00e1 a su cargo revisar las experiencias registradas, identificar temas y tendencias relevantes, y seleccionar los trabajos que participar\u00e1n en el foro regional, y posteriormente en la fase nacional.<\/p>\n\n\n<div class=\"is-default-size wp-block-site-logo\"><a href=\"https:\/\/periodismodigital.mx\/\" class=\"custom-logo-link\" rel=\"home\"><img loading=\"lazy\" decoding=\"async\" width=\"3442\" height=\"1609\" src=\"https:\/\/periodismodigital.mx\/wp-content\/uploads\/2021\/12\/cropped-Logo-2.png\" class=\"custom-logo\" alt=\"El Implacable\" srcset=\"https:\/\/periodismodigital.mx\/wp-content\/uploads\/2021\/12\/cropped-Logo-2.png 3442w, https:\/\/periodismodigital.mx\/wp-content\/uploads\/2021\/12\/cropped-Logo-2-300x140.png 300w, https:\/\/periodismodigital.mx\/wp-content\/uploads\/2021\/12\/cropped-Logo-2-1024x479.png 1024w, https:\/\/periodismodigital.mx\/wp-content\/uploads\/2021\/12\/cropped-Logo-2-768x359.png 768w, https:\/\/periodismodigital.mx\/wp-content\/uploads\/2021\/12\/cropped-Logo-2-1536x718.png 1536w, https:\/\/periodismodigital.mx\/wp-content\/uploads\/2021\/12\/cropped-Logo-2-2048x957.png 2048w\" sizes=\"auto, (max-width: 3442px) 100vw, 3442px\" \/><\/a><\/div>","protected":false},"excerpt":{"rendered":"<p>Chilpancingo, Gro., 25 de abril de 2026.- El titular de la Secretar\u00eda de Educaci\u00f3n Guerrero (SEG), Ricardo Castillo<\/p>\n","protected":false},"author":2,"featured_media":78649,"comment_status":"open","ping_status":"closed","sticky":false,"template":"","format":"standard","meta":{"footnotes":""},"categories":[5],"tags":[36443,36444],"class_list":["post-78648","post","type-post","status-publish","format-standard","has-post-thumbnail","hentry","category-social","tag-encabeza-ricardo-castillo","tag-instalacion-del-comite-tecnico-para-seleccionar-experiencias"],"_links":{"self":[{"href":"https:\/\/periodismodigital.mx\/index.php?rest_route=\/wp\/v2\/posts\/78648","targetHints":{"allow":["GET"]}}],"collection":[{"href":"https:\/\/periodismodigital.mx\/index.php?rest_route=\/wp\/v2\/posts"}],"about":[{"href":"https:\/\/periodismodigital.mx\/index.php?rest_route=\/wp\/v2\/types\/post"}],"author":[{"embeddable":true,"href":"https:\/\/periodismodigital.mx\/index.php?rest_route=\/wp\/v2\/users\/2"}],"replies":[{"embeddable":true,"href":"https:\/\/periodismodigital.mx\/index.php?rest_route=%2Fwp%2Fv2%2Fcomments&post=78648"}],"version-history":[{"count":1,"href":"https:\/\/periodismodigital.mx\/index.php?rest_route=\/wp\/v2\/posts\/78648\/revisions"}],"predecessor-version":[{"id":78650,"href":"https:\/\/periodismodigital.mx\/index.php?rest_route=\/wp\/v2\/posts\/78648\/revisions\/78650"}],"wp:featuredmedia":[{"embeddable":true,"href":"https:\/\/periodismodigital.mx\/index.php?rest_route=\/wp\/v2\/media\/78649"}],"wp:attachment":[{"href":"https:\/\/periodismodigital.mx\/index.php?rest_route=%2Fwp%2Fv2%2Fmedia&parent=78648"}],"wp:term":[{"taxonomy":"category","embeddable":true,"href":"https:\/\/periodismodigital.mx\/index.php?rest_route=%2Fwp%2Fv2%2Fcategories&post=78648"},{"taxonomy":"post_tag","embeddable":true,"href":"https:\/\/periodismodigital.mx\/index.php?rest_route=%2Fwp%2Fv2%2Ftags&post=78648"}],"curies":[{"name":"wp","href":"https:\/\/api.w.org\/{rel}","templated":true}]}}