{"id":78651,"date":"2026-04-25T01:07:17","date_gmt":"2026-04-25T01:07:17","guid":{"rendered":"https:\/\/periodismodigital.mx\/?p=78651"},"modified":"2026-04-25T01:07:19","modified_gmt":"2026-04-25T01:07:19","slug":"festival-del-mezcal-guerrerense-fortalecera-la-promocion-turistica-y-economica-durante-el-tianguis-turistico-en-acapulco","status":"publish","type":"post","link":"https:\/\/periodismodigital.mx\/?p=78651","title":{"rendered":"Festival del Mezcal Guerrerense fortalecer\u00e1 la promoci\u00f3n tur\u00edstica y econ\u00f3mica durante el Tianguis Tur\u00edstico en Acapulco"},"content":{"rendered":"<div class=\"is-default-size wp-block-site-logo\"><a href=\"https:\/\/periodismodigital.mx\/\" class=\"custom-logo-link\" rel=\"home\"><img loading=\"lazy\" decoding=\"async\" width=\"3442\" height=\"1609\" src=\"https:\/\/periodismodigital.mx\/wp-content\/uploads\/2021\/12\/cropped-Logo-2.png\" class=\"custom-logo\" alt=\"El Implacable\" srcset=\"https:\/\/periodismodigital.mx\/wp-content\/uploads\/2021\/12\/cropped-Logo-2.png 3442w, https:\/\/periodismodigital.mx\/wp-content\/uploads\/2021\/12\/cropped-Logo-2-300x140.png 300w, https:\/\/periodismodigital.mx\/wp-content\/uploads\/2021\/12\/cropped-Logo-2-1024x479.png 1024w, https:\/\/periodismodigital.mx\/wp-content\/uploads\/2021\/12\/cropped-Logo-2-768x359.png 768w, https:\/\/periodismodigital.mx\/wp-content\/uploads\/2021\/12\/cropped-Logo-2-1536x718.png 1536w, https:\/\/periodismodigital.mx\/wp-content\/uploads\/2021\/12\/cropped-Logo-2-2048x957.png 2048w\" sizes=\"auto, (max-width: 3442px) 100vw, 3442px\" \/><\/a><\/div>\n\n\n<p>Acapulco, Gro., 25 de abril de 2026.-Con el objetivo de afinar los \u00faltimos detalles para la realizaci\u00f3n del Festival del Mezcal Guerrerense, que se llevar\u00e1 a cabo en el marco de la 50 edici\u00f3n del Tianguis Tur\u00edstico de M\u00e9xico, la secretaria de Fomento y Desarrollo Econ\u00f3mico, Teodora Ram\u00edrez Vega, y el secretario de Turismo, Sim\u00f3n Qui\u00f1ones, sostuvieron una reuni\u00f3n de trabajo con miras al evento que tendr\u00e1 lugar del 28 al 30 de abril en el F\u00f3rum Mundo Imperial, en el puerto de Acapulco.<\/p>\n\n\n\n<p>Durante el encuentro se revisaron los aspectos operativos, log\u00edsticos y de promoci\u00f3n de este importante escaparate, que busca consolidar al mezcal guerrerense como uno de los productos emblem\u00e1ticos con mayor proyecci\u00f3n nacional e internacional.<\/p>\n\n\n\n<p>El Festival del Mezcal Guerrerense ofrecer\u00e1 a visitantes y profesionales del sector tur\u00edstico una experiencia integral que incluir\u00e1 mixolog\u00eda con mezcal, catas especializadas, degustaciones guiadas y el lanzamiento de la primera edici\u00f3n del \u201cMezcalario\u201d, una iniciativa orientada a fortalecer el conocimiento, difusi\u00f3n y valorizaci\u00f3n de esta bebida tradicional.<\/p>\n\n\n\n<p>En esta edici\u00f3n participar\u00e1n 22 casas mezcaleras expositoras y se contar\u00e1 con la presencia de 20 marcas de alimentos agroindustriales certificadas con el distintivo Hecho en Gro, reunidas en un solo espacio para promover la calidad, diversidad y riqueza cultural del mezcal producido en Guerrero.<\/p>\n\n\n\n<p>Se estima una afluencia positiva, entre compradores, turistas, empresarios y p\u00fablico en general, lo que permitir\u00e1 generar importantes oportunidades de negocio y proyecci\u00f3n para los productores locales.<\/p>\n\n\n\n<p>Con este tipo de acciones, el gobierno del Estado reafirma su compromiso con el impulso a los sectores productivos estrat\u00e9gicos, as\u00ed como con la promoci\u00f3n del turismo como motor de desarrollo econ\u00f3mico y bienestar para las y los guerrerenses.<\/p>\n\n\n<div class=\"is-default-size wp-block-site-logo\"><a href=\"https:\/\/periodismodigital.mx\/\" class=\"custom-logo-link\" rel=\"home\"><img loading=\"lazy\" decoding=\"async\" width=\"3442\" height=\"1609\" src=\"https:\/\/periodismodigital.mx\/wp-content\/uploads\/2021\/12\/cropped-Logo-2.png\" class=\"custom-logo\" alt=\"El Implacable\" srcset=\"https:\/\/periodismodigital.mx\/wp-content\/uploads\/2021\/12\/cropped-Logo-2.png 3442w, https:\/\/periodismodigital.mx\/wp-content\/uploads\/2021\/12\/cropped-Logo-2-300x140.png 300w, https:\/\/periodismodigital.mx\/wp-content\/uploads\/2021\/12\/cropped-Logo-2-1024x479.png 1024w, https:\/\/periodismodigital.mx\/wp-content\/uploads\/2021\/12\/cropped-Logo-2-768x359.png 768w, https:\/\/periodismodigital.mx\/wp-content\/uploads\/2021\/12\/cropped-Logo-2-1536x718.png 1536w, https:\/\/periodismodigital.mx\/wp-content\/uploads\/2021\/12\/cropped-Logo-2-2048x957.png 2048w\" sizes=\"auto, (max-width: 3442px) 100vw, 3442px\" \/><\/a><\/div>","protected":false},"excerpt":{"rendered":"<p>Acapulco, Gro., 25 de abril de 2026.-Con el objetivo de afinar los \u00faltimos detalles para la realizaci\u00f3n del<\/p>\n","protected":false},"author":2,"featured_media":78652,"comment_status":"open","ping_status":"closed","sticky":false,"template":"","format":"standard","meta":{"footnotes":""},"categories":[43],"tags":[36445,36446],"class_list":["post-78651","post","type-post","status-publish","format-standard","has-post-thumbnail","hentry","category-evivo","tag-festival-del-mezcal-guerrerense","tag-fortalecera-la-promocion-turistica-y-economica"],"_links":{"self":[{"href":"https:\/\/periodismodigital.mx\/index.php?rest_route=\/wp\/v2\/posts\/78651","targetHints":{"allow":["GET"]}}],"collection":[{"href":"https:\/\/periodismodigital.mx\/index.php?rest_route=\/wp\/v2\/posts"}],"about":[{"href":"https:\/\/periodismodigital.mx\/index.php?rest_route=\/wp\/v2\/types\/post"}],"author":[{"embeddable":true,"href":"https:\/\/periodismodigital.mx\/index.php?rest_route=\/wp\/v2\/users\/2"}],"replies":[{"embeddable":true,"href":"https:\/\/periodismodigital.mx\/index.php?rest_route=%2Fwp%2Fv2%2Fcomments&post=78651"}],"version-history":[{"count":1,"href":"https:\/\/periodismodigital.mx\/index.php?rest_route=\/wp\/v2\/posts\/78651\/revisions"}],"predecessor-version":[{"id":78653,"href":"https:\/\/periodismodigital.mx\/index.php?rest_route=\/wp\/v2\/posts\/78651\/revisions\/78653"}],"wp:featuredmedia":[{"embeddable":true,"href":"https:\/\/periodismodigital.mx\/index.php?rest_route=\/wp\/v2\/media\/78652"}],"wp:attachment":[{"href":"https:\/\/periodismodigital.mx\/index.php?rest_route=%2Fwp%2Fv2%2Fmedia&parent=78651"}],"wp:term":[{"taxonomy":"category","embeddable":true,"href":"https:\/\/periodismodigital.mx\/index.php?rest_route=%2Fwp%2Fv2%2Fcategories&post=78651"},{"taxonomy":"post_tag","embeddable":true,"href":"https:\/\/periodismodigital.mx\/index.php?rest_route=%2Fwp%2Fv2%2Ftags&post=78651"}],"curies":[{"name":"wp","href":"https:\/\/api.w.org\/{rel}","templated":true}]}}