{"id":78655,"date":"2026-04-25T01:51:50","date_gmt":"2026-04-25T01:51:50","guid":{"rendered":"https:\/\/periodismodigital.mx\/?p=78655"},"modified":"2026-04-25T01:51:51","modified_gmt":"2026-04-25T01:51:51","slug":"la-gobernadora-evelyn-salgado-y-rocio-barcena-entregaron-apoyos-del-programa-tianguis-del-bienestar-en-coyuca-de-benitez","status":"publish","type":"post","link":"https:\/\/periodismodigital.mx\/?p=78655","title":{"rendered":"La gobernadora Evelyn Salgado y  Roc\u00edo B\u00e1rcena entregaron apoyos del programa Tianguis del Bienestar en Coyuca de Ben\u00edtez"},"content":{"rendered":"<div class=\"is-default-size wp-block-site-logo\"><a href=\"https:\/\/periodismodigital.mx\/\" class=\"custom-logo-link\" rel=\"home\"><img loading=\"lazy\" decoding=\"async\" width=\"3442\" height=\"1609\" src=\"https:\/\/periodismodigital.mx\/wp-content\/uploads\/2021\/12\/cropped-Logo-2.png\" class=\"custom-logo\" alt=\"El Implacable\" srcset=\"https:\/\/periodismodigital.mx\/wp-content\/uploads\/2021\/12\/cropped-Logo-2.png 3442w, https:\/\/periodismodigital.mx\/wp-content\/uploads\/2021\/12\/cropped-Logo-2-300x140.png 300w, https:\/\/periodismodigital.mx\/wp-content\/uploads\/2021\/12\/cropped-Logo-2-1024x479.png 1024w, https:\/\/periodismodigital.mx\/wp-content\/uploads\/2021\/12\/cropped-Logo-2-768x359.png 768w, https:\/\/periodismodigital.mx\/wp-content\/uploads\/2021\/12\/cropped-Logo-2-1536x718.png 1536w, https:\/\/periodismodigital.mx\/wp-content\/uploads\/2021\/12\/cropped-Logo-2-2048x957.png 2048w\" sizes=\"auto, (max-width: 3442px) 100vw, 3442px\" \/><\/a><\/div>\n\n\n<p>Coyuca de Ben\u00edtez, Gro., 25 de abril de 2026.- La gobernadora Evelyn Salgado Pineda acompa\u00f1\u00f3 a la subsecretaria de Construcci\u00f3n de Paz, Participaci\u00f3n Social y Asuntos Religiosos, Roc\u00edo B\u00e1rcena Molina, a la entrega de apoyos del programa Tianguis del Bienestar en el municipio de Coyuca de Ben\u00edtez, donde destac\u00f3 que se trata de una forma distinta de gobernar, en donde se prioriza el apoyo a la poblaci\u00f3n que m\u00e1s lo requiere y caminando cerca del pueblo.<\/p>\n\n\n\n<p>\u201cEste es un evento muy importante. Un programa maravilloso, que ha llegado a muchos municipios y comunidades, para entregar de manera directa, sin intermediarios bienes e insumos, de primera necesidad a toda la gente de esta maravillosa tierra\u201d, expres\u00f3 ante los beneficiarios.<\/p>\n\n\n\n<p>Acompa\u00f1adas por el coordinador general del Tianguis del Bienestar y titular de la Unidad de Mesas de Paz, Santiago Segui Amortegui, la gobernadora dijo que hay un gran compromiso por parte de la administraci\u00f3n de la presidenta Claudia Sheinbaum Pardo, a trav\u00e9s de este esquema de trabajo en donde se apoya a los sectores m\u00e1s vulnerables.<\/p>\n\n\n\n<p>La mandataria estatal destac\u00f3 que en Guerrero se ha tenido la presencia de este programa en al menos 15 ocasiones, lo que lo coloca como uno de los estados m\u00e1s beneficiados. Y a\u00f1adi\u00f3: \u201cAqu\u00ed no hay intermediarios, no es un privilegio, esto es algo que se da con todo el coraz\u00f3n, aqu\u00ed no hay listas complicadas, no hay tr\u00e1mites, no hay vueltas interminables; aqu\u00ed hay un gobierno que se acerca, que resuelve, que escucha y que entrega al pueblo lo que le corresponde por derecho\u201d.<\/p>\n\n\n\n<p>En su mensaje, puntualiz\u00f3 que se trabaja de manera coordinada para lograr que el bienestar llegue a todos los hogares de las familias guerrerenses; a su vez, agradeci\u00f3 a la subsecretaria de Construcci\u00f3n de Paz, Participaci\u00f3n Social y Asuntos Religiosos, Roc\u00edo B\u00e1rcena y a la presidenta Claudia Sheinbaum por todo su apoyo.<\/p>\n\n\n\n<p>\u201cVamos a continuar trabajando como siempre lo hemos hecho, desde el territorio, con la gente, con el pueblo, siempre caminando de la mano\u201d, puntualiz\u00f3.<\/p>\n\n\n\n<p>En su participaci\u00f3n, la representante del gobierno de M\u00e9xico destac\u00f3 el esfuerzo coordinado en beneficio de la poblaci\u00f3n. En este sentido resalt\u00f3 que tal como lo ha instruido la presidenta Claudia Sheinbaum, continuar\u00e1n en esta coordinaci\u00f3n para trabajar por Guerrero.<\/p>\n\n\n\n<p>De manera previa, el presidente municipal, V\u00edctor Hugo Catal\u00e1n D\u00edaz enfatiz\u00f3 que las acciones que ha emprendido la gobernadora Evelyn Salgado han contribuido de manera directa en el desarrollo de muchas de las comunidades. \u201cHoy tenemos en usted una mujer de digno ejemplo, que va por la lucha y que va siempre caminando en la transformaci\u00f3n de nuestro estado\u201d, dijo.<\/p>\n\n\n\n<p>Acompa\u00f1aron a la gobernadora, el coordinador general de los Tianguis del Bienestar y titular de la Unidad de Mesas de Paz, Santiago Segui Amortegui; el representante de la Novena Regi\u00f3n Militar, Luis Lorenzo Grande Aguirre; el comandante de la Segunda Coordinaci\u00f3n del Batall\u00f3n de Mando Especial de la Guardia Nacional, Waldo Fransechi Santos; el delegado federal de los programas para el Bienestar, Iv\u00e1n Hern\u00e1ndez D\u00edaz; el representante de Aduanas, Mario Alejandro Ju\u00e1rez P\u00e9rez; el representante del SAT, Roberto Duran Sol\u00f3rzano, entre otros.<\/p>\n\n\n\n<figure class=\"wp-block-image size-large\"><img loading=\"lazy\" decoding=\"async\" width=\"1024\" height=\"682\" src=\"https:\/\/periodismodigital.mx\/wp-content\/uploads\/2026\/04\/WhatsApp-Image-2026-04-24-at-16.18.10-1-1024x682.jpeg\" alt=\"\" class=\"wp-image-78657\" srcset=\"https:\/\/periodismodigital.mx\/wp-content\/uploads\/2026\/04\/WhatsApp-Image-2026-04-24-at-16.18.10-1-1024x682.jpeg 1024w, https:\/\/periodismodigital.mx\/wp-content\/uploads\/2026\/04\/WhatsApp-Image-2026-04-24-at-16.18.10-1-300x200.jpeg 300w, https:\/\/periodismodigital.mx\/wp-content\/uploads\/2026\/04\/WhatsApp-Image-2026-04-24-at-16.18.10-1-768x512.jpeg 768w, https:\/\/periodismodigital.mx\/wp-content\/uploads\/2026\/04\/WhatsApp-Image-2026-04-24-at-16.18.10-1.jpeg 1280w\" sizes=\"auto, (max-width: 1024px) 100vw, 1024px\" \/><\/figure>\n\n\n<div class=\"is-default-size wp-block-site-logo\"><a href=\"https:\/\/periodismodigital.mx\/\" class=\"custom-logo-link\" rel=\"home\"><img loading=\"lazy\" decoding=\"async\" width=\"3442\" height=\"1609\" src=\"https:\/\/periodismodigital.mx\/wp-content\/uploads\/2021\/12\/cropped-Logo-2.png\" class=\"custom-logo\" alt=\"El Implacable\" srcset=\"https:\/\/periodismodigital.mx\/wp-content\/uploads\/2021\/12\/cropped-Logo-2.png 3442w, https:\/\/periodismodigital.mx\/wp-content\/uploads\/2021\/12\/cropped-Logo-2-300x140.png 300w, https:\/\/periodismodigital.mx\/wp-content\/uploads\/2021\/12\/cropped-Logo-2-1024x479.png 1024w, https:\/\/periodismodigital.mx\/wp-content\/uploads\/2021\/12\/cropped-Logo-2-768x359.png 768w, https:\/\/periodismodigital.mx\/wp-content\/uploads\/2021\/12\/cropped-Logo-2-1536x718.png 1536w, https:\/\/periodismodigital.mx\/wp-content\/uploads\/2021\/12\/cropped-Logo-2-2048x957.png 2048w\" sizes=\"auto, (max-width: 3442px) 100vw, 3442px\" \/><\/a><\/div>","protected":false},"excerpt":{"rendered":"<p>Coyuca de Ben\u00edtez, Gro., 25 de abril de 2026.- La gobernadora Evelyn Salgado Pineda acompa\u00f1\u00f3 a la subsecretaria<\/p>\n","protected":false},"author":2,"featured_media":78656,"comment_status":"open","ping_status":"closed","sticky":false,"template":"","format":"standard","meta":{"footnotes":""},"categories":[43],"tags":[36448,36447],"class_list":["post-78655","post","type-post","status-publish","format-standard","has-post-thumbnail","hentry","category-evivo","tag-entregaron-apoyos-del-programa-tianguis-del-bienestar","tag-la-gobernadora-evelyn-salgado-y-rocio-barcena"],"_links":{"self":[{"href":"https:\/\/periodismodigital.mx\/index.php?rest_route=\/wp\/v2\/posts\/78655","targetHints":{"allow":["GET"]}}],"collection":[{"href":"https:\/\/periodismodigital.mx\/index.php?rest_route=\/wp\/v2\/posts"}],"about":[{"href":"https:\/\/periodismodigital.mx\/index.php?rest_route=\/wp\/v2\/types\/post"}],"author":[{"embeddable":true,"href":"https:\/\/periodismodigital.mx\/index.php?rest_route=\/wp\/v2\/users\/2"}],"replies":[{"embeddable":true,"href":"https:\/\/periodismodigital.mx\/index.php?rest_route=%2Fwp%2Fv2%2Fcomments&post=78655"}],"version-history":[{"count":1,"href":"https:\/\/periodismodigital.mx\/index.php?rest_route=\/wp\/v2\/posts\/78655\/revisions"}],"predecessor-version":[{"id":78658,"href":"https:\/\/periodismodigital.mx\/index.php?rest_route=\/wp\/v2\/posts\/78655\/revisions\/78658"}],"wp:featuredmedia":[{"embeddable":true,"href":"https:\/\/periodismodigital.mx\/index.php?rest_route=\/wp\/v2\/media\/78656"}],"wp:attachment":[{"href":"https:\/\/periodismodigital.mx\/index.php?rest_route=%2Fwp%2Fv2%2Fmedia&parent=78655"}],"wp:term":[{"taxonomy":"category","embeddable":true,"href":"https:\/\/periodismodigital.mx\/index.php?rest_route=%2Fwp%2Fv2%2Fcategories&post=78655"},{"taxonomy":"post_tag","embeddable":true,"href":"https:\/\/periodismodigital.mx\/index.php?rest_route=%2Fwp%2Fv2%2Ftags&post=78655"}],"curies":[{"name":"wp","href":"https:\/\/api.w.org\/{rel}","templated":true}]}}