{"id":78659,"date":"2026-04-25T01:59:01","date_gmt":"2026-04-25T01:59:01","guid":{"rendered":"https:\/\/periodismodigital.mx\/?p=78659"},"modified":"2026-04-25T01:59:03","modified_gmt":"2026-04-25T01:59:03","slug":"reconocen-avance-de-guerrero-en-transparencia-y-rendicion-de-cuentas-bajo-el-liderazgo-de-evelyn-salgado","status":"publish","type":"post","link":"https:\/\/periodismodigital.mx\/?p=78659","title":{"rendered":"Reconocen avance de Guerrero en transparencia y rendici\u00f3n de cuentas, bajo el liderazgo de Evelyn Salgado"},"content":{"rendered":"<div class=\"is-default-size wp-block-site-logo\"><a href=\"https:\/\/periodismodigital.mx\/\" class=\"custom-logo-link\" rel=\"home\"><img loading=\"lazy\" decoding=\"async\" width=\"3442\" height=\"1609\" src=\"https:\/\/periodismodigital.mx\/wp-content\/uploads\/2021\/12\/cropped-Logo-2.png\" class=\"custom-logo\" alt=\"El Implacable\" srcset=\"https:\/\/periodismodigital.mx\/wp-content\/uploads\/2021\/12\/cropped-Logo-2.png 3442w, https:\/\/periodismodigital.mx\/wp-content\/uploads\/2021\/12\/cropped-Logo-2-300x140.png 300w, https:\/\/periodismodigital.mx\/wp-content\/uploads\/2021\/12\/cropped-Logo-2-1024x479.png 1024w, https:\/\/periodismodigital.mx\/wp-content\/uploads\/2021\/12\/cropped-Logo-2-768x359.png 768w, https:\/\/periodismodigital.mx\/wp-content\/uploads\/2021\/12\/cropped-Logo-2-1536x718.png 1536w, https:\/\/periodismodigital.mx\/wp-content\/uploads\/2021\/12\/cropped-Logo-2-2048x957.png 2048w\" sizes=\"auto, (max-width: 3442px) 100vw, 3442px\" \/><\/a><\/div>\n\n\n<p>Acapulco, Gro., 25 de abril de 2026.\u2013 En el marco del \u201cTercer Encuentro Nacional por la Armonizaci\u00f3n Legislativa y el Fortalecimiento del Sistema de Fiscalizaci\u00f3n en M\u00e9xico\u201d, el auditor superior del estado, Marcos C\u00e9sar Paris Peralta Hidalgo, reconoci\u00f3 el compromiso institucional de la gobernadora Evelyn Salgado Pineda con el fortalecimiento de la transparencia y la rendici\u00f3n de cuentas en Guerrero.<\/p>\n\n\n\n<p>En el evento, realizado en Acapulco, se\u00f1al\u00f3 que el Poder Ejecutivo estatal se posiciona como uno de los entes p\u00fablicos con mayor eficiencia en el cumplimiento de sus obligaciones en esta materia, resultado de una pol\u00edtica basada en el orden, la legalidad y la apertura.<\/p>\n\n\n\n<p>En su intervenci\u00f3n, subray\u00f3 que esta disposici\u00f3n ha permitido llevar a cabo auditor\u00edas con total claridad y apego a la normativa en las distintas dependencias estatales, consolidando un ejercicio responsable de los recursos p\u00fablicos.<\/p>\n\n\n\n<p>Asimismo, destac\u00f3 que el respaldo del gobierno del estado ha sido importante para avanzar en la armonizaci\u00f3n de criterios con la Auditor\u00eda Superior de la Federaci\u00f3n (ASF), fortaleciendo los mecanismos de control del gasto p\u00fablico.<\/p>\n\n\n\n<p>En el encuentro, el secretario general de la Auditor\u00eda Superior de la Federaci\u00f3n, David Isaac Ortiz Calzada, y el diputado federal Javier Herrera Borunda, presidente de la Comisi\u00f3n de Vigilancia de la ASF de la C\u00e1mara de Diputados, dieron a conocer que el pasado 15 de abril se aprobaron reformas a las leyes de Fiscalizaci\u00f3n y Rendici\u00f3n de Cuentas, as\u00ed como a la Ley General de Contabilidad Gubernamental.<\/p>\n\n\n\n<p>Explicaron que estas reformas permitir\u00e1n a la Auditor\u00eda Superior de la Federaci\u00f3n establecer convenios permanentes de colaboraci\u00f3n con las auditor\u00edas estatales para la revisi\u00f3n del gasto federalizado ejercido por los gobiernos locales, especialmente en los ayuntamientos, y expusieron los nuevos lineamientos y criterios derivados de estas reformas.<\/p>\n\n\n\n<p>Asistieron al evento la encargada de despacho de la Secretar\u00eda General de Gobierno, Anacleta L\u00f3pez Vega; el magistrado presidente del Poder Judicial del Estado, Ricardo Salinas Sandoval; entre otras autoridades de los tres \u00f3rdenes de gobierno y especialistas en fiscalizaci\u00f3n.<\/p>\n\n\n\n<figure class=\"wp-block-image size-large\"><img loading=\"lazy\" decoding=\"async\" width=\"1024\" height=\"682\" src=\"https:\/\/periodismodigital.mx\/wp-content\/uploads\/2026\/04\/WhatsApp-Image-2026-04-24-at-18.09.12-1024x682.jpeg\" alt=\"\" class=\"wp-image-78661\" srcset=\"https:\/\/periodismodigital.mx\/wp-content\/uploads\/2026\/04\/WhatsApp-Image-2026-04-24-at-18.09.12-1024x682.jpeg 1024w, https:\/\/periodismodigital.mx\/wp-content\/uploads\/2026\/04\/WhatsApp-Image-2026-04-24-at-18.09.12-300x200.jpeg 300w, https:\/\/periodismodigital.mx\/wp-content\/uploads\/2026\/04\/WhatsApp-Image-2026-04-24-at-18.09.12-768x512.jpeg 768w, https:\/\/periodismodigital.mx\/wp-content\/uploads\/2026\/04\/WhatsApp-Image-2026-04-24-at-18.09.12-1536x1023.jpeg 1536w, https:\/\/periodismodigital.mx\/wp-content\/uploads\/2026\/04\/WhatsApp-Image-2026-04-24-at-18.09.12.jpeg 1600w\" sizes=\"auto, (max-width: 1024px) 100vw, 1024px\" \/><\/figure>\n\n\n<div class=\"is-default-size wp-block-site-logo\"><a href=\"https:\/\/periodismodigital.mx\/\" class=\"custom-logo-link\" rel=\"home\"><img loading=\"lazy\" decoding=\"async\" width=\"3442\" height=\"1609\" src=\"https:\/\/periodismodigital.mx\/wp-content\/uploads\/2021\/12\/cropped-Logo-2.png\" class=\"custom-logo\" alt=\"El Implacable\" srcset=\"https:\/\/periodismodigital.mx\/wp-content\/uploads\/2021\/12\/cropped-Logo-2.png 3442w, https:\/\/periodismodigital.mx\/wp-content\/uploads\/2021\/12\/cropped-Logo-2-300x140.png 300w, https:\/\/periodismodigital.mx\/wp-content\/uploads\/2021\/12\/cropped-Logo-2-1024x479.png 1024w, https:\/\/periodismodigital.mx\/wp-content\/uploads\/2021\/12\/cropped-Logo-2-768x359.png 768w, https:\/\/periodismodigital.mx\/wp-content\/uploads\/2021\/12\/cropped-Logo-2-1536x718.png 1536w, https:\/\/periodismodigital.mx\/wp-content\/uploads\/2021\/12\/cropped-Logo-2-2048x957.png 2048w\" sizes=\"auto, (max-width: 3442px) 100vw, 3442px\" \/><\/a><\/div>","protected":false},"excerpt":{"rendered":"<p>Acapulco, Gro., 25 de abril de 2026.\u2013 En el marco del \u201cTercer Encuentro Nacional por la Armonizaci\u00f3n Legislativa<\/p>\n","protected":false},"author":2,"featured_media":78660,"comment_status":"open","ping_status":"closed","sticky":false,"template":"","format":"standard","meta":{"footnotes":""},"categories":[43],"tags":[13989,36449],"class_list":["post-78659","post","type-post","status-publish","format-standard","has-post-thumbnail","hentry","category-evivo","tag-en-transparencia-y-rendicion-de-cuentas","tag-reconocen-avance-de-guerrero"],"_links":{"self":[{"href":"https:\/\/periodismodigital.mx\/index.php?rest_route=\/wp\/v2\/posts\/78659","targetHints":{"allow":["GET"]}}],"collection":[{"href":"https:\/\/periodismodigital.mx\/index.php?rest_route=\/wp\/v2\/posts"}],"about":[{"href":"https:\/\/periodismodigital.mx\/index.php?rest_route=\/wp\/v2\/types\/post"}],"author":[{"embeddable":true,"href":"https:\/\/periodismodigital.mx\/index.php?rest_route=\/wp\/v2\/users\/2"}],"replies":[{"embeddable":true,"href":"https:\/\/periodismodigital.mx\/index.php?rest_route=%2Fwp%2Fv2%2Fcomments&post=78659"}],"version-history":[{"count":1,"href":"https:\/\/periodismodigital.mx\/index.php?rest_route=\/wp\/v2\/posts\/78659\/revisions"}],"predecessor-version":[{"id":78662,"href":"https:\/\/periodismodigital.mx\/index.php?rest_route=\/wp\/v2\/posts\/78659\/revisions\/78662"}],"wp:featuredmedia":[{"embeddable":true,"href":"https:\/\/periodismodigital.mx\/index.php?rest_route=\/wp\/v2\/media\/78660"}],"wp:attachment":[{"href":"https:\/\/periodismodigital.mx\/index.php?rest_route=%2Fwp%2Fv2%2Fmedia&parent=78659"}],"wp:term":[{"taxonomy":"category","embeddable":true,"href":"https:\/\/periodismodigital.mx\/index.php?rest_route=%2Fwp%2Fv2%2Fcategories&post=78659"},{"taxonomy":"post_tag","embeddable":true,"href":"https:\/\/periodismodigital.mx\/index.php?rest_route=%2Fwp%2Fv2%2Ftags&post=78659"}],"curies":[{"name":"wp","href":"https:\/\/api.w.org\/{rel}","templated":true}]}}