{"id":78667,"date":"2026-04-25T02:05:48","date_gmt":"2026-04-25T02:05:48","guid":{"rendered":"https:\/\/periodismodigital.mx\/?p=78667"},"modified":"2026-04-25T02:05:50","modified_gmt":"2026-04-25T02:05:50","slug":"refuerzan-guerrero-y-puebla-operativo-interestatal-en-la-region-norte","status":"publish","type":"post","link":"https:\/\/periodismodigital.mx\/?p=78667","title":{"rendered":"Refuerzan Guerrero y Puebla operativo interestatal en la regi\u00f3n Norte"},"content":{"rendered":"<div class=\"is-default-size wp-block-site-logo\"><a href=\"https:\/\/periodismodigital.mx\/\" class=\"custom-logo-link\" rel=\"home\"><img loading=\"lazy\" decoding=\"async\" width=\"3442\" height=\"1609\" src=\"https:\/\/periodismodigital.mx\/wp-content\/uploads\/2021\/12\/cropped-Logo-2.png\" class=\"custom-logo\" alt=\"El Implacable\" srcset=\"https:\/\/periodismodigital.mx\/wp-content\/uploads\/2021\/12\/cropped-Logo-2.png 3442w, https:\/\/periodismodigital.mx\/wp-content\/uploads\/2021\/12\/cropped-Logo-2-300x140.png 300w, https:\/\/periodismodigital.mx\/wp-content\/uploads\/2021\/12\/cropped-Logo-2-1024x479.png 1024w, https:\/\/periodismodigital.mx\/wp-content\/uploads\/2021\/12\/cropped-Logo-2-768x359.png 768w, https:\/\/periodismodigital.mx\/wp-content\/uploads\/2021\/12\/cropped-Logo-2-1536x718.png 1536w, https:\/\/periodismodigital.mx\/wp-content\/uploads\/2021\/12\/cropped-Logo-2-2048x957.png 2048w\" sizes=\"auto, (max-width: 3442px) 100vw, 3442px\" \/><\/a><\/div>\n\n\n<p>Chilpancingo, Gro., 25 de abril de 2026. Con el objetivo de fortalecer la seguridad en zonas lim\u00edtrofes y prevenir conductas delictivas mediante acciones coordinadas, la Secretar\u00eda de Seguridad P\u00fablica del Estado de Guerrero, en conjunto con la Polic\u00eda Estatal de Puebla, despleg\u00f3 el Plan Sistem\u00e1tico de Operaciones del Operativo Interestatal Puebla\u2013Guerrero en la regi\u00f3n Norte.<\/p>\n\n\n\n<p>Las acciones se desarrollan en el municipio de Copalillo, donde elementos estatales de ambas entidades mantienen recorridos de vigilancia y proximidad social sobre la carretera estatal Atenango del R\u00edo\u2013Temalac, as\u00ed como en puntos estrat\u00e9gicos como el crucero hacia la localidad de Papalutla.<\/p>\n\n\n\n<p>Como parte del operativo, se instalan puestos de atenci\u00f3n ciudadana para atender y brindar orientaci\u00f3n directa a la poblaci\u00f3n.<\/p>\n\n\n\n<p>Los recorridos abarcan rutas que conectan comunidades de Guerrero, como Temalac y La Carbonera, as\u00ed como localidades del estado de Puebla, entre ellas Huachinantla, Mitepec y Xochitepec, consolidando la presencia institucional en esta franja inter estatal.<\/p>\n\n\n\n<p>Estas acciones conjuntas permiten reforzar la vigilancia, mejorar la capacidad de respuesta y estrechar la coordinaci\u00f3n operativa entre ambas entidades, en beneficio de la seguridad regional.<\/p>\n\n\n\n<p>La Secretar\u00eda de Seguridad P\u00fablica del Estado de Guerrero refrenda su compromiso de trabajar de manera coordinada con estados vecinos para garantizar la paz y el orden en todo el territorio.<\/p>\n\n\n\n<figure class=\"wp-block-image size-large\"><img loading=\"lazy\" decoding=\"async\" width=\"1024\" height=\"770\" src=\"https:\/\/periodismodigital.mx\/wp-content\/uploads\/2026\/04\/WhatsApp-Image-2026-04-24-at-19.26.19-1-1024x770.jpeg\" alt=\"\" class=\"wp-image-78669\" srcset=\"https:\/\/periodismodigital.mx\/wp-content\/uploads\/2026\/04\/WhatsApp-Image-2026-04-24-at-19.26.19-1-1024x770.jpeg 1024w, https:\/\/periodismodigital.mx\/wp-content\/uploads\/2026\/04\/WhatsApp-Image-2026-04-24-at-19.26.19-1-300x226.jpeg 300w, https:\/\/periodismodigital.mx\/wp-content\/uploads\/2026\/04\/WhatsApp-Image-2026-04-24-at-19.26.19-1-768x578.jpeg 768w, https:\/\/periodismodigital.mx\/wp-content\/uploads\/2026\/04\/WhatsApp-Image-2026-04-24-at-19.26.19-1.jpeg 1280w\" sizes=\"auto, (max-width: 1024px) 100vw, 1024px\" \/><\/figure>\n\n\n<div class=\"is-default-size wp-block-site-logo\"><a href=\"https:\/\/periodismodigital.mx\/\" class=\"custom-logo-link\" rel=\"home\"><img loading=\"lazy\" decoding=\"async\" width=\"3442\" height=\"1609\" src=\"https:\/\/periodismodigital.mx\/wp-content\/uploads\/2021\/12\/cropped-Logo-2.png\" class=\"custom-logo\" alt=\"El Implacable\" srcset=\"https:\/\/periodismodigital.mx\/wp-content\/uploads\/2021\/12\/cropped-Logo-2.png 3442w, https:\/\/periodismodigital.mx\/wp-content\/uploads\/2021\/12\/cropped-Logo-2-300x140.png 300w, https:\/\/periodismodigital.mx\/wp-content\/uploads\/2021\/12\/cropped-Logo-2-1024x479.png 1024w, https:\/\/periodismodigital.mx\/wp-content\/uploads\/2021\/12\/cropped-Logo-2-768x359.png 768w, https:\/\/periodismodigital.mx\/wp-content\/uploads\/2021\/12\/cropped-Logo-2-1536x718.png 1536w, https:\/\/periodismodigital.mx\/wp-content\/uploads\/2021\/12\/cropped-Logo-2-2048x957.png 2048w\" sizes=\"auto, (max-width: 3442px) 100vw, 3442px\" \/><\/a><\/div>","protected":false},"excerpt":{"rendered":"<p>Chilpancingo, Gro., 25 de abril de 2026. Con el objetivo de fortalecer la seguridad en zonas lim\u00edtrofes y<\/p>\n","protected":false},"author":2,"featured_media":78668,"comment_status":"open","ping_status":"closed","sticky":false,"template":"","format":"standard","meta":{"footnotes":""},"categories":[4],"tags":[36453,36452],"class_list":["post-78667","post","type-post","status-publish","format-standard","has-post-thumbnail","hentry","category-policiaca","tag-operativo-interestatal-en-la-region-norte","tag-refuerzan-guerrero-y-puebla"],"_links":{"self":[{"href":"https:\/\/periodismodigital.mx\/index.php?rest_route=\/wp\/v2\/posts\/78667","targetHints":{"allow":["GET"]}}],"collection":[{"href":"https:\/\/periodismodigital.mx\/index.php?rest_route=\/wp\/v2\/posts"}],"about":[{"href":"https:\/\/periodismodigital.mx\/index.php?rest_route=\/wp\/v2\/types\/post"}],"author":[{"embeddable":true,"href":"https:\/\/periodismodigital.mx\/index.php?rest_route=\/wp\/v2\/users\/2"}],"replies":[{"embeddable":true,"href":"https:\/\/periodismodigital.mx\/index.php?rest_route=%2Fwp%2Fv2%2Fcomments&post=78667"}],"version-history":[{"count":1,"href":"https:\/\/periodismodigital.mx\/index.php?rest_route=\/wp\/v2\/posts\/78667\/revisions"}],"predecessor-version":[{"id":78670,"href":"https:\/\/periodismodigital.mx\/index.php?rest_route=\/wp\/v2\/posts\/78667\/revisions\/78670"}],"wp:featuredmedia":[{"embeddable":true,"href":"https:\/\/periodismodigital.mx\/index.php?rest_route=\/wp\/v2\/media\/78668"}],"wp:attachment":[{"href":"https:\/\/periodismodigital.mx\/index.php?rest_route=%2Fwp%2Fv2%2Fmedia&parent=78667"}],"wp:term":[{"taxonomy":"category","embeddable":true,"href":"https:\/\/periodismodigital.mx\/index.php?rest_route=%2Fwp%2Fv2%2Fcategories&post=78667"},{"taxonomy":"post_tag","embeddable":true,"href":"https:\/\/periodismodigital.mx\/index.php?rest_route=%2Fwp%2Fv2%2Ftags&post=78667"}],"curies":[{"name":"wp","href":"https:\/\/api.w.org\/{rel}","templated":true}]}}