{"id":78671,"date":"2026-04-25T02:56:30","date_gmt":"2026-04-25T02:56:30","guid":{"rendered":"https:\/\/periodismodigital.mx\/?p=78671"},"modified":"2026-04-25T02:56:31","modified_gmt":"2026-04-25T02:56:31","slug":"sujetos-se-meten-a-vivienda-y-ejecutan-al-propietario-en-acapulco","status":"publish","type":"post","link":"https:\/\/periodismodigital.mx\/?p=78671","title":{"rendered":"sujetos se meten a vivienda y ejecutan al propietario en Acapulco"},"content":{"rendered":"<div class=\"is-default-size wp-block-site-logo\"><a href=\"https:\/\/periodismodigital.mx\/\" class=\"custom-logo-link\" rel=\"home\"><img loading=\"lazy\" decoding=\"async\" width=\"3442\" height=\"1609\" src=\"https:\/\/periodismodigital.mx\/wp-content\/uploads\/2021\/12\/cropped-Logo-2.png\" class=\"custom-logo\" alt=\"El Implacable\" srcset=\"https:\/\/periodismodigital.mx\/wp-content\/uploads\/2021\/12\/cropped-Logo-2.png 3442w, https:\/\/periodismodigital.mx\/wp-content\/uploads\/2021\/12\/cropped-Logo-2-300x140.png 300w, https:\/\/periodismodigital.mx\/wp-content\/uploads\/2021\/12\/cropped-Logo-2-1024x479.png 1024w, https:\/\/periodismodigital.mx\/wp-content\/uploads\/2021\/12\/cropped-Logo-2-768x359.png 768w, https:\/\/periodismodigital.mx\/wp-content\/uploads\/2021\/12\/cropped-Logo-2-1536x718.png 1536w, https:\/\/periodismodigital.mx\/wp-content\/uploads\/2021\/12\/cropped-Logo-2-2048x957.png 2048w\" sizes=\"auto, (max-width: 3442px) 100vw, 3442px\" \/><\/a><\/div>\n\n\n<p>Un hombre fue ejecutado a balazos en el sill\u00f3n de su casa este viernes por un grupo de sujetos armados, vestidos de negro y encapuchados que irrumpieron en su domicilio en la colonia Nueva Generaci\u00f3n, en el puerto de Acapulco.<\/p>\n\n\n\n<p>De acuerdo con el reporte del C-5, los hechos ocurrieron alrededor de las 15:00 horas en una vivienda ubicada en la esquina de las calles V\u00edctor Valeriano e Independencia, en los l\u00edmites con la colonia La Frontera y cerca de Ciudad Renacimiento.<\/p>\n\n\n\n<p>Testigos se\u00f1alaron que al menos cinco hombres armados, que se desplazaban en motocicletas, llegaron al lugar, irrumpieron en el domicilio y dispararon contra la v\u00edctima, quien en ese momento se encontraba sentado en un sill\u00f3n dentro de la vivienda.<\/p>\n\n\n\n<p>El hombre fue identificado como Alfredo Leyva Nava, de 43 a\u00f1os, de oficio alba\u00f1il, quien fue reconocido en el lugar por su esposa, Dalia. La mujer indic\u00f3 que los agresores vest\u00edan de negro y llevaban el rostro cubierto.<\/p>\n\n\n\n<p>Tras el ataque, los sujetos armados huyeron con rumbo desconocido.<\/p>\n\n\n\n<p>Al lugar acudieron elementos de la Guardia Nacional, Polic\u00eda Estatal y Polic\u00eda Municipal, quienes confirmaron la presencia del cuerpo al interior del inmueble. Param\u00e9dicos de Bomberos Municipales tambi\u00e9n arribaron, pero \u00fanicamente corroboraron que la v\u00edctima ya no contaba con signos vitales.<\/p>\n\n\n\n<p>Inicialmente, a trav\u00e9s del C-5 se inform\u00f3 sobre la posible existencia de varias personas lesionadas, sin embargo, tras la inspecci\u00f3n de la Polic\u00eda Investigadora Ministerial, esta versi\u00f3n fue descartada.<\/p>\n\n\n\n<p>En la zona, peritos de la Fiscal\u00eda General del Estado realizaron el levantamiento de indicios, asegurando m\u00e1s de 20 casquillos percutidos de arma de grueso calibre, adem\u00e1s de efectuar las diligencias correspondientes y el registro fotogr\u00e1fico de la escena.<\/p>\n\n\n\n<p>Finalmente, el cuerpo fue trasladado al Servicio M\u00e9dico Forense, donde se le practicar\u00e1 la necropsia de ley. Hasta el momento no se reportan personas detenidas por estos hechos.<\/p>\n\n\n<div class=\"is-default-size wp-block-site-logo\"><a href=\"https:\/\/periodismodigital.mx\/\" class=\"custom-logo-link\" rel=\"home\"><img loading=\"lazy\" decoding=\"async\" width=\"3442\" height=\"1609\" src=\"https:\/\/periodismodigital.mx\/wp-content\/uploads\/2021\/12\/cropped-Logo-2.png\" class=\"custom-logo\" alt=\"El Implacable\" srcset=\"https:\/\/periodismodigital.mx\/wp-content\/uploads\/2021\/12\/cropped-Logo-2.png 3442w, https:\/\/periodismodigital.mx\/wp-content\/uploads\/2021\/12\/cropped-Logo-2-300x140.png 300w, https:\/\/periodismodigital.mx\/wp-content\/uploads\/2021\/12\/cropped-Logo-2-1024x479.png 1024w, https:\/\/periodismodigital.mx\/wp-content\/uploads\/2021\/12\/cropped-Logo-2-768x359.png 768w, https:\/\/periodismodigital.mx\/wp-content\/uploads\/2021\/12\/cropped-Logo-2-1536x718.png 1536w, https:\/\/periodismodigital.mx\/wp-content\/uploads\/2021\/12\/cropped-Logo-2-2048x957.png 2048w\" sizes=\"auto, (max-width: 3442px) 100vw, 3442px\" \/><\/a><\/div>","protected":false},"excerpt":{"rendered":"<p>Un hombre fue ejecutado a balazos en el sill\u00f3n de su casa este viernes por un grupo de<\/p>\n","protected":false},"author":2,"featured_media":78672,"comment_status":"open","ping_status":"closed","sticky":false,"template":"","format":"standard","meta":{"footnotes":""},"categories":[4],"tags":[36454,36455],"class_list":["post-78671","post","type-post","status-publish","format-standard","has-post-thumbnail","hentry","category-policiaca","tag-sujetos-se-meten-a-vivienda","tag-y-ejecutan-al-propietario-en-acapulco"],"_links":{"self":[{"href":"https:\/\/periodismodigital.mx\/index.php?rest_route=\/wp\/v2\/posts\/78671","targetHints":{"allow":["GET"]}}],"collection":[{"href":"https:\/\/periodismodigital.mx\/index.php?rest_route=\/wp\/v2\/posts"}],"about":[{"href":"https:\/\/periodismodigital.mx\/index.php?rest_route=\/wp\/v2\/types\/post"}],"author":[{"embeddable":true,"href":"https:\/\/periodismodigital.mx\/index.php?rest_route=\/wp\/v2\/users\/2"}],"replies":[{"embeddable":true,"href":"https:\/\/periodismodigital.mx\/index.php?rest_route=%2Fwp%2Fv2%2Fcomments&post=78671"}],"version-history":[{"count":1,"href":"https:\/\/periodismodigital.mx\/index.php?rest_route=\/wp\/v2\/posts\/78671\/revisions"}],"predecessor-version":[{"id":78673,"href":"https:\/\/periodismodigital.mx\/index.php?rest_route=\/wp\/v2\/posts\/78671\/revisions\/78673"}],"wp:featuredmedia":[{"embeddable":true,"href":"https:\/\/periodismodigital.mx\/index.php?rest_route=\/wp\/v2\/media\/78672"}],"wp:attachment":[{"href":"https:\/\/periodismodigital.mx\/index.php?rest_route=%2Fwp%2Fv2%2Fmedia&parent=78671"}],"wp:term":[{"taxonomy":"category","embeddable":true,"href":"https:\/\/periodismodigital.mx\/index.php?rest_route=%2Fwp%2Fv2%2Fcategories&post=78671"},{"taxonomy":"post_tag","embeddable":true,"href":"https:\/\/periodismodigital.mx\/index.php?rest_route=%2Fwp%2Fv2%2Ftags&post=78671"}],"curies":[{"name":"wp","href":"https:\/\/api.w.org\/{rel}","templated":true}]}}