{"id":78674,"date":"2026-04-25T03:04:29","date_gmt":"2026-04-25T03:04:29","guid":{"rendered":"https:\/\/periodismodigital.mx\/?p=78674"},"modified":"2026-04-25T03:04:30","modified_gmt":"2026-04-25T03:04:30","slug":"exigen-en-fiscalia-de-guerrero-justicia-para-lider-del-cecop-asesinado","status":"publish","type":"post","link":"https:\/\/periodismodigital.mx\/?p=78674","title":{"rendered":"Exigen en Fiscal\u00eda de Guerrero justicia para l\u00edder del Cecop asesinado"},"content":{"rendered":"<div class=\"is-default-size wp-block-site-logo\"><a href=\"https:\/\/periodismodigital.mx\/\" class=\"custom-logo-link\" rel=\"home\"><img loading=\"lazy\" decoding=\"async\" width=\"3442\" height=\"1609\" src=\"https:\/\/periodismodigital.mx\/wp-content\/uploads\/2021\/12\/cropped-Logo-2.png\" class=\"custom-logo\" alt=\"El Implacable\" srcset=\"https:\/\/periodismodigital.mx\/wp-content\/uploads\/2021\/12\/cropped-Logo-2.png 3442w, https:\/\/periodismodigital.mx\/wp-content\/uploads\/2021\/12\/cropped-Logo-2-300x140.png 300w, https:\/\/periodismodigital.mx\/wp-content\/uploads\/2021\/12\/cropped-Logo-2-1024x479.png 1024w, https:\/\/periodismodigital.mx\/wp-content\/uploads\/2021\/12\/cropped-Logo-2-768x359.png 768w, https:\/\/periodismodigital.mx\/wp-content\/uploads\/2021\/12\/cropped-Logo-2-1536x718.png 1536w, https:\/\/periodismodigital.mx\/wp-content\/uploads\/2021\/12\/cropped-Logo-2-2048x957.png 2048w\" sizes=\"auto, (max-width: 3442px) 100vw, 3442px\" \/><\/a><\/div>\n\n\n<p>Chilpancingo Gro., 25 de abril del a\u00f1o 2026.-Cerca de 100 manifestantes se concentraron en el punto conocido como \u201cEl Caballito\u201d, sobre la avenida Insurgentes, desde donde partieron en movilizaci\u00f3n hacia las instalaciones de la Fiscal\u00eda General del Estado (FGE), al sur de la ciudad.<\/p>\n\n\n\n<p>Durante la protesta, los participantes recordaron que el 18 de abril de 2025, el tambi\u00e9n opositor al proyecto hidroel\u00e9ctrico &#8220;La Parota&#8221; fue atacado luego de salir de la playa Icacos, en Acapulco, tras haber denunciado previamente amenazas en su contra por su labor como defensor comunitario.<\/p>\n\n\n\n<p>Las organizaciones denunciaron que, a pesar de que Su\u00e1stegui Mu\u00f1oz contaba con medidas cautelares emitidas por instancias de derechos humanos, no recibi\u00f3 la protecci\u00f3n necesaria, lo que lo oblig\u00f3 a implementar acciones de autocuidado.<\/p>\n\n\n\n<p>Integrantes del Consejo de Ejidos y Comunidades Opositoras a la Presa &#8220;La Parota&#8221; (CECOP) y colectivos sociales se\u00f1alaron que el activista se ha convertido en un s\u00edmbolo de la resistencia social en Guerrero.<\/p>\n\n\n\n<p>En el marco del aniversario luctuoso, exigieron a la Fiscal\u00eda estatal la ejecuci\u00f3n de \u00f3rdenes de aprehensi\u00f3n contra los responsables materiales del crimen, as\u00ed como el esclarecimiento total del caso.<\/p>\n\n\n\n<p>Asimismo, demandaron a las autoridades atender las demandas hist\u00f3ricas de pueblos campesinos, ind\u00edgenas y afromexicanos, adem\u00e1s de garantizar el respeto a las luchas comunitarias en defensa del territorio. marcha del Consejo de Ejidos y Comunidades Opositores a la Presa La Parota (Cecop) concluy\u00f3 en las instalaciones de la Fiscal\u00eda General del Estado (FGE), donde se denunci\u00f3 la falta de resultados en las investigaciones del homicidio del l\u00edder de la organizaci\u00f3n, Marco Antonio Su\u00e1stegui Mu\u00f1oz.<\/p>\n\n\n\n<p>En todo momento de la marcha, que parti\u00f3 del parque Margarita Maza de Ju\u00e1rez y recorri\u00f3 varias calles de la capital del estado, pregon\u00f3 la postura de que el gobierno se muestra impasible y condescendiente con los perpetradores que le arrancaron la vida a Marco Antonio Su\u00e1stegui Mu\u00f1oz.<\/p>\n\n\n\n<p>La marcha en la que participaron cerca de 200 personas fue para recordar que el a\u00f1o pasado, el 18 de abril de 2025, una persona armada atac\u00f3 al l\u00edder del Cecop en la playa Icacos de Acapulco y el 25 perdi\u00f3 la vida.<\/p>\n\n\n\n<p><br>Asimismo para exigir una audiencia con el fiscal Zipacn\u00e1 Jes\u00fas Torres Ojeda para exigirle que cese la simulaci\u00f3n y act\u00fae en su papel de investigar y procurar justicia para dar atenci\u00f3n a las v\u00edctimas.<\/p>\n\n\n\n<p>El coordinador del Centro de Derechos Humanos de La Monta\u00f1a Tlachinollan, Abel Barrera Hern\u00e1ndez expres\u00f3 que a un a\u00f1o del asesinato la Fiscal\u00eda General del Estado no entrega resultados fehacientes para detener a los responsables, ignora el clamor de justicia y ha postergado por m\u00e1s de 11 meses el compromiso que asumi\u00f3 ante las organizaciones sociales y los familiares de investigar y castigar el caso.<\/p>\n\n\n\n<p>Consider\u00f3 que la Fiscal\u00eda busca que pase el tiempo para desgastar a las v\u00edctimas, que la carpeta de investigaci\u00f3n no avance y denostar la memoria de lucha de Marco Antonio Su\u00e1stegui.<br>Afirm\u00f3 que se tuvo conocimiento que la Fiscal\u00eda hab\u00eda detenido al presunto autor material del asesinato de Marco Antonio Su\u00e1stegui, pero no existe versi\u00f3n oficial del hecho y se tuvo conocimiento que el detenido fue liberado.<\/p>\n\n\n\n<p>Por su parte, la dirigente de la Organizaci\u00f3n Campesina de la Sierra del Sur (OCSS), Norma Mesino Mesino indic\u00f3 que la marcha es tambi\u00e9n honrar la memoria de Marco Antonio Su\u00e1stegui, de quien dijo, fue un gran luchador social, aguerrido, valiente y decidido, siempre en defensa de los derechos colectivos, peleando brazo a brazo con la gente pobre del Acapulco rural.<\/p>\n\n\n\n<figure class=\"wp-block-image size-large\"><img loading=\"lazy\" decoding=\"async\" width=\"1024\" height=\"768\" src=\"https:\/\/periodismodigital.mx\/wp-content\/uploads\/2026\/04\/678645527_1404124415091979_6020753709055202949_n-1024x768.jpg\" alt=\"\" class=\"wp-image-78676\" srcset=\"https:\/\/periodismodigital.mx\/wp-content\/uploads\/2026\/04\/678645527_1404124415091979_6020753709055202949_n-1024x768.jpg 1024w, https:\/\/periodismodigital.mx\/wp-content\/uploads\/2026\/04\/678645527_1404124415091979_6020753709055202949_n-300x225.jpg 300w, https:\/\/periodismodigital.mx\/wp-content\/uploads\/2026\/04\/678645527_1404124415091979_6020753709055202949_n-768x576.jpg 768w, https:\/\/periodismodigital.mx\/wp-content\/uploads\/2026\/04\/678645527_1404124415091979_6020753709055202949_n-1536x1152.jpg 1536w, https:\/\/periodismodigital.mx\/wp-content\/uploads\/2026\/04\/678645527_1404124415091979_6020753709055202949_n.jpg 1600w\" sizes=\"auto, (max-width: 1024px) 100vw, 1024px\" \/><\/figure>\n\n\n<div class=\"is-default-size wp-block-site-logo\"><a href=\"https:\/\/periodismodigital.mx\/\" class=\"custom-logo-link\" rel=\"home\"><img loading=\"lazy\" decoding=\"async\" width=\"3442\" height=\"1609\" src=\"https:\/\/periodismodigital.mx\/wp-content\/uploads\/2021\/12\/cropped-Logo-2.png\" class=\"custom-logo\" alt=\"El Implacable\" srcset=\"https:\/\/periodismodigital.mx\/wp-content\/uploads\/2021\/12\/cropped-Logo-2.png 3442w, https:\/\/periodismodigital.mx\/wp-content\/uploads\/2021\/12\/cropped-Logo-2-300x140.png 300w, https:\/\/periodismodigital.mx\/wp-content\/uploads\/2021\/12\/cropped-Logo-2-1024x479.png 1024w, https:\/\/periodismodigital.mx\/wp-content\/uploads\/2021\/12\/cropped-Logo-2-768x359.png 768w, https:\/\/periodismodigital.mx\/wp-content\/uploads\/2021\/12\/cropped-Logo-2-1536x718.png 1536w, https:\/\/periodismodigital.mx\/wp-content\/uploads\/2021\/12\/cropped-Logo-2-2048x957.png 2048w\" sizes=\"auto, (max-width: 3442px) 100vw, 3442px\" \/><\/a><\/div>","protected":false},"excerpt":{"rendered":"<p>Durante la protesta, los participantes recordaron que el 18 de abril de 2025, el tambi\u00e9n opositor al proyecto hidroel\u00e9ctrico &#8220;La Parota&#8221; fue atacado luego de salir de la playa Icacos, en Acapulco, tras haber denunciado previamente amenazas en su contra por su labor como defensor comunitario.<\/p>\n","protected":false},"author":2,"featured_media":78675,"comment_status":"open","ping_status":"closed","sticky":false,"template":"","format":"standard","meta":{"footnotes":""},"categories":[4],"tags":[36456,36457],"class_list":["post-78674","post","type-post","status-publish","format-standard","has-post-thumbnail","hentry","category-policiaca","tag-exigen-en-fiscalia-de-guerrero","tag-justicia-para-lider-del-cecop-asesinado"],"_links":{"self":[{"href":"https:\/\/periodismodigital.mx\/index.php?rest_route=\/wp\/v2\/posts\/78674","targetHints":{"allow":["GET"]}}],"collection":[{"href":"https:\/\/periodismodigital.mx\/index.php?rest_route=\/wp\/v2\/posts"}],"about":[{"href":"https:\/\/periodismodigital.mx\/index.php?rest_route=\/wp\/v2\/types\/post"}],"author":[{"embeddable":true,"href":"https:\/\/periodismodigital.mx\/index.php?rest_route=\/wp\/v2\/users\/2"}],"replies":[{"embeddable":true,"href":"https:\/\/periodismodigital.mx\/index.php?rest_route=%2Fwp%2Fv2%2Fcomments&post=78674"}],"version-history":[{"count":1,"href":"https:\/\/periodismodigital.mx\/index.php?rest_route=\/wp\/v2\/posts\/78674\/revisions"}],"predecessor-version":[{"id":78677,"href":"https:\/\/periodismodigital.mx\/index.php?rest_route=\/wp\/v2\/posts\/78674\/revisions\/78677"}],"wp:featuredmedia":[{"embeddable":true,"href":"https:\/\/periodismodigital.mx\/index.php?rest_route=\/wp\/v2\/media\/78675"}],"wp:attachment":[{"href":"https:\/\/periodismodigital.mx\/index.php?rest_route=%2Fwp%2Fv2%2Fmedia&parent=78674"}],"wp:term":[{"taxonomy":"category","embeddable":true,"href":"https:\/\/periodismodigital.mx\/index.php?rest_route=%2Fwp%2Fv2%2Fcategories&post=78674"},{"taxonomy":"post_tag","embeddable":true,"href":"https:\/\/periodismodigital.mx\/index.php?rest_route=%2Fwp%2Fv2%2Ftags&post=78674"}],"curies":[{"name":"wp","href":"https:\/\/api.w.org\/{rel}","templated":true}]}}