{"id":78678,"date":"2026-04-25T03:20:05","date_gmt":"2026-04-25T03:20:05","guid":{"rendered":"https:\/\/periodismodigital.mx\/?p=78678"},"modified":"2026-04-25T03:20:08","modified_gmt":"2026-04-25T03:20:08","slug":"exhortan-a-tiendas-y-bancos-a-garantizar-accesibilidad-para-personas-con-discapacidad","status":"publish","type":"post","link":"https:\/\/periodismodigital.mx\/?p=78678","title":{"rendered":"EXHORTAN A TIENDAS Y BANCOS A GARANTIZAR ACCESIBILIDAD PARA PERSONAS CON DISCAPACIDAD"},"content":{"rendered":"<div class=\"is-default-size wp-block-site-logo\"><a href=\"https:\/\/periodismodigital.mx\/\" class=\"custom-logo-link\" rel=\"home\"><img loading=\"lazy\" decoding=\"async\" width=\"3442\" height=\"1609\" src=\"https:\/\/periodismodigital.mx\/wp-content\/uploads\/2021\/12\/cropped-Logo-2.png\" class=\"custom-logo\" alt=\"El Implacable\" srcset=\"https:\/\/periodismodigital.mx\/wp-content\/uploads\/2021\/12\/cropped-Logo-2.png 3442w, https:\/\/periodismodigital.mx\/wp-content\/uploads\/2021\/12\/cropped-Logo-2-300x140.png 300w, https:\/\/periodismodigital.mx\/wp-content\/uploads\/2021\/12\/cropped-Logo-2-1024x479.png 1024w, https:\/\/periodismodigital.mx\/wp-content\/uploads\/2021\/12\/cropped-Logo-2-768x359.png 768w, https:\/\/periodismodigital.mx\/wp-content\/uploads\/2021\/12\/cropped-Logo-2-1536x718.png 1536w, https:\/\/periodismodigital.mx\/wp-content\/uploads\/2021\/12\/cropped-Logo-2-2048x957.png 2048w\" sizes=\"auto, (max-width: 3442px) 100vw, 3442px\" \/><\/a><\/div>\n\n\n<p>Chilpancingo, Gro., 25 de abril de 2026.\u2014 El Congreso del Estado exhort\u00f3 a la Secretar\u00eda del Trabajo y Previsi\u00f3n Social del Estado de Guerrero para que conmine a las tiendas de conveniencia de cadena nacional e instituciones bancarias con presencia en la entidad a adecuar sus instalaciones y herramientas electr\u00f3nicas para las personas con discapacidad, a fin de facilitarles el uso de los servicios que prestan.<br>En el dictamen del exhorto, elaborado por las Comisiones Unidas de Desarrollo Econ\u00f3mico y Trabajo y de Atenci\u00f3n a las Personas con Discapacidad, a propuesta del diputado Alejandro Bravo Abarca, se destaca que el objetivo central es la protecci\u00f3n y garant\u00eda de los derechos humanos de las personas con discapacidad, particularmente en materia de accesibilidad universal, igualdad de oportunidades, movilidad segura y no discriminaci\u00f3n.<br>Al fundamentar el dictamen, el diputado Marco Tulio S\u00e1nchez Alarc\u00f3n manifest\u00f3 que es prioritario garantizar el acceso efectivo de este grupo de atenci\u00f3n prioritaria al entorno f\u00edsico, la informaci\u00f3n, las comunicaciones y a toda instalaci\u00f3n o servicio abierto al p\u00fablico. A\u00f1adi\u00f3 que tambi\u00e9n es indispensable reconocer el derecho de las personas con discapacidad a vivir de forma independiente y a participar plenamente en la comunidad, lo que exige la existencia de espacios accesibles, seguros y adecuados para su desarrollo cotidiano.<br>Se se\u00f1ala que existen establecimientos de acceso p\u00fablico, como tiendas de conveniencia e instituciones bancarias, que no cumplen con esta garant\u00eda de accesibilidad y que, aun cuando se trata de entidades privadas, debe asegurarse que los servicios abiertos al p\u00fablico integren criterios de accesibilidad universal.<br>Por ello, se exhort\u00f3 a dicha dependencia, pero tambi\u00e9n en el mismo sentido, a los 84 ayuntamientos municipales y al Concejo Municipal de Ayutla de los Libres, a fin de conminar a las tiendas de conveniencia de cadena nacional y a las instituciones bancarias con presencia en la entidad a adecuar sus instalaciones y herramientas electr\u00f3nicas para las personas con discapacidad.<\/p>\n\n\n<div class=\"is-default-size wp-block-site-logo\"><a href=\"https:\/\/periodismodigital.mx\/\" class=\"custom-logo-link\" rel=\"home\"><img loading=\"lazy\" decoding=\"async\" width=\"3442\" height=\"1609\" src=\"https:\/\/periodismodigital.mx\/wp-content\/uploads\/2021\/12\/cropped-Logo-2.png\" class=\"custom-logo\" alt=\"El Implacable\" srcset=\"https:\/\/periodismodigital.mx\/wp-content\/uploads\/2021\/12\/cropped-Logo-2.png 3442w, https:\/\/periodismodigital.mx\/wp-content\/uploads\/2021\/12\/cropped-Logo-2-300x140.png 300w, https:\/\/periodismodigital.mx\/wp-content\/uploads\/2021\/12\/cropped-Logo-2-1024x479.png 1024w, https:\/\/periodismodigital.mx\/wp-content\/uploads\/2021\/12\/cropped-Logo-2-768x359.png 768w, https:\/\/periodismodigital.mx\/wp-content\/uploads\/2021\/12\/cropped-Logo-2-1536x718.png 1536w, https:\/\/periodismodigital.mx\/wp-content\/uploads\/2021\/12\/cropped-Logo-2-2048x957.png 2048w\" sizes=\"auto, (max-width: 3442px) 100vw, 3442px\" \/><\/a><\/div>","protected":false},"excerpt":{"rendered":"<p>En el dictamen del exhorto, elaborado por las Comisiones Unidas de Desarrollo Econ\u00f3mico y Trabajo y de Atenci\u00f3n a las Personas con Discapacidad, a propuesta del diputado Alejandro Bravo Abarca, se destaca que el objetivo central es la protecci\u00f3n y garant\u00eda de los derechos humanos de las personas con discapacidad, particularmente en materia de accesibilidad universal, igualdad de oportunidades, movilidad segura y no discriminaci\u00f3n.<\/p>\n","protected":false},"author":2,"featured_media":78679,"comment_status":"open","ping_status":"closed","sticky":false,"template":"","format":"standard","meta":{"footnotes":""},"categories":[3],"tags":[32762,36458],"class_list":["post-78678","post","type-post","status-publish","format-standard","has-post-thumbnail","hentry","category-politica","tag-a-garantizar-accesibilidad","tag-exhortan-a-tiendas-y-bancos"],"_links":{"self":[{"href":"https:\/\/periodismodigital.mx\/index.php?rest_route=\/wp\/v2\/posts\/78678","targetHints":{"allow":["GET"]}}],"collection":[{"href":"https:\/\/periodismodigital.mx\/index.php?rest_route=\/wp\/v2\/posts"}],"about":[{"href":"https:\/\/periodismodigital.mx\/index.php?rest_route=\/wp\/v2\/types\/post"}],"author":[{"embeddable":true,"href":"https:\/\/periodismodigital.mx\/index.php?rest_route=\/wp\/v2\/users\/2"}],"replies":[{"embeddable":true,"href":"https:\/\/periodismodigital.mx\/index.php?rest_route=%2Fwp%2Fv2%2Fcomments&post=78678"}],"version-history":[{"count":1,"href":"https:\/\/periodismodigital.mx\/index.php?rest_route=\/wp\/v2\/posts\/78678\/revisions"}],"predecessor-version":[{"id":78680,"href":"https:\/\/periodismodigital.mx\/index.php?rest_route=\/wp\/v2\/posts\/78678\/revisions\/78680"}],"wp:featuredmedia":[{"embeddable":true,"href":"https:\/\/periodismodigital.mx\/index.php?rest_route=\/wp\/v2\/media\/78679"}],"wp:attachment":[{"href":"https:\/\/periodismodigital.mx\/index.php?rest_route=%2Fwp%2Fv2%2Fmedia&parent=78678"}],"wp:term":[{"taxonomy":"category","embeddable":true,"href":"https:\/\/periodismodigital.mx\/index.php?rest_route=%2Fwp%2Fv2%2Fcategories&post=78678"},{"taxonomy":"post_tag","embeddable":true,"href":"https:\/\/periodismodigital.mx\/index.php?rest_route=%2Fwp%2Fv2%2Ftags&post=78678"}],"curies":[{"name":"wp","href":"https:\/\/api.w.org\/{rel}","templated":true}]}}