{"id":78681,"date":"2026-04-25T03:23:40","date_gmt":"2026-04-25T03:23:40","guid":{"rendered":"https:\/\/periodismodigital.mx\/?p=78681"},"modified":"2026-04-25T03:23:42","modified_gmt":"2026-04-25T03:23:42","slug":"propone-diputado-priorizar-el-neurodesarrollo-infantil-en-el-sistema-estatal-de-salud","status":"publish","type":"post","link":"https:\/\/periodismodigital.mx\/?p=78681","title":{"rendered":"PROPONE DIPUTADO PRIORIZAR EL NEURODESARROLLO INFANTIL EN EL SISTEMA ESTATAL DE SALUD"},"content":{"rendered":"<div class=\"is-default-size wp-block-site-logo\"><a href=\"https:\/\/periodismodigital.mx\/\" class=\"custom-logo-link\" rel=\"home\"><img loading=\"lazy\" decoding=\"async\" width=\"3442\" height=\"1609\" src=\"https:\/\/periodismodigital.mx\/wp-content\/uploads\/2021\/12\/cropped-Logo-2.png\" class=\"custom-logo\" alt=\"El Implacable\" srcset=\"https:\/\/periodismodigital.mx\/wp-content\/uploads\/2021\/12\/cropped-Logo-2.png 3442w, https:\/\/periodismodigital.mx\/wp-content\/uploads\/2021\/12\/cropped-Logo-2-300x140.png 300w, https:\/\/periodismodigital.mx\/wp-content\/uploads\/2021\/12\/cropped-Logo-2-1024x479.png 1024w, https:\/\/periodismodigital.mx\/wp-content\/uploads\/2021\/12\/cropped-Logo-2-768x359.png 768w, https:\/\/periodismodigital.mx\/wp-content\/uploads\/2021\/12\/cropped-Logo-2-1536x718.png 1536w, https:\/\/periodismodigital.mx\/wp-content\/uploads\/2021\/12\/cropped-Logo-2-2048x957.png 2048w\" sizes=\"auto, (max-width: 3442px) 100vw, 3442px\" \/><\/a><\/div>\n\n\n<p>Chilpancingo, Gro., 25 de abril de 2026.\u2014 Con el objetivo de reconocer el neurodesarrollo infantil como una prioridad en el Sistema Estatal de Salud e incorporar acciones de prevenci\u00f3n, detecci\u00f3n temprana y atenci\u00f3n integral en la primera infancia, el diputado Juli\u00e1n L\u00f3pez Galeana present\u00f3 una iniciativa de reforma a la Ley 1212 de Salud del Estado, a fin de garantizar el desarrollo pleno de ni\u00f1as y ni\u00f1os.<\/p>\n\n\n\n<p>La propuesta, que fue turnada a la Comisi\u00f3n de Salud, contempla la reforma y adici\u00f3n a la fracci\u00f3n IV del art\u00edculo 19; la reforma y adici\u00f3n a la fracci\u00f3n VI del art\u00edculo 46; as\u00ed como la adici\u00f3n del Cap\u00edtulo VI Bis, con el prop\u00f3sito de fortalecer el marco normativo en materia de atenci\u00f3n al neurodesarrollo infantil.<\/p>\n\n\n\n<p>En tribuna, el diputado de MC inform\u00f3 que el neurodesarrollo infantil es un proceso fundamental que inicia desde la etapa prenatal y se consolida en los primeros a\u00f1os de vida, permitiendo el desarrollo de habilidades esenciales como el lenguaje, el aprendizaje, la memoria y la regulaci\u00f3n emocional, por lo que su atenci\u00f3n oportuna resulta clave para el desarrollo integral de la ni\u00f1ez.<\/p>\n\n\n\n<p>Agreg\u00f3 que factores como la nutrici\u00f3n adecuada, el acceso a servicios de salud, la estimulaci\u00f3n temprana y el entorno familiar influyen de manera determinante en este proceso; sin embargo, condiciones como la pobreza, la desnutrici\u00f3n y la exposici\u00f3n a entornos de violencia pueden afectar el desarrollo neurol\u00f3gico de ni\u00f1as y ni\u00f1os, limitando sus oportunidades de crecimiento.<\/p>\n\n\n\n<p>Se busca fortalecer el marco normativo estatal para incorporar el enfoque de neurodesarrollo infantil en las pol\u00edticas p\u00fablicas de salud, promoviendo la capacitaci\u00f3n del personal, la implementaci\u00f3n de programas de estimulaci\u00f3n temprana y la coordinaci\u00f3n institucional, a fin de garantizar mejores condiciones de bienestar, desarrollo y futuro para la ni\u00f1ez.<\/p>\n\n\n\n<p>Propone terminales de cobro electr\u00f3nico<\/p>\n\n\n\n<p>A la Comisi\u00f3n de Desarrollo Econ\u00f3mico y Trabajo se turn\u00f3 un exhorto a la titular de la Secretar\u00eda de Fomento y Desarrollo Econ\u00f3mico del Estado para que, en el \u00e1mbito de sus atribuciones, dise\u00f1e e implemente programas orientados a la entrega, financiamiento y facilitaci\u00f3n de terminales de cobro electr\u00f3nico dirigidas a emprendedores y peque\u00f1os negocios en la entidad.<\/p>\n\n\n\n<p>Juli\u00e1n L\u00f3pez Galeana explic\u00f3 que, ante el avance de las tecnolog\u00edas digitales y la creciente adopci\u00f3n de pagos electr\u00f3nicos, resulta indispensable que los comercios locales cuenten con herramientas que les permitan integrarse a estas nuevas din\u00e1micas econ\u00f3micas, ya que muchos de ellos enfrentan limitaciones para acceder a equipos, capacitaci\u00f3n y esquemas de financiamiento, lo que reduce su competitividad.<\/p>\n\n\n\n<p>Por ello, dijo que la propuesta busca fortalecer la inclusi\u00f3n financiera, impulsar la modernizaci\u00f3n del comercio y generar condiciones m\u00e1s equitativas para el desarrollo econ\u00f3mico, beneficiando principalmente a micro y peque\u00f1os negocios que representan una parte fundamental de la econom\u00eda en Guerrero.<\/p>\n\n\n<div class=\"is-default-size wp-block-site-logo\"><a href=\"https:\/\/periodismodigital.mx\/\" class=\"custom-logo-link\" rel=\"home\"><img loading=\"lazy\" decoding=\"async\" width=\"3442\" height=\"1609\" src=\"https:\/\/periodismodigital.mx\/wp-content\/uploads\/2021\/12\/cropped-Logo-2.png\" class=\"custom-logo\" alt=\"El Implacable\" srcset=\"https:\/\/periodismodigital.mx\/wp-content\/uploads\/2021\/12\/cropped-Logo-2.png 3442w, https:\/\/periodismodigital.mx\/wp-content\/uploads\/2021\/12\/cropped-Logo-2-300x140.png 300w, https:\/\/periodismodigital.mx\/wp-content\/uploads\/2021\/12\/cropped-Logo-2-1024x479.png 1024w, https:\/\/periodismodigital.mx\/wp-content\/uploads\/2021\/12\/cropped-Logo-2-768x359.png 768w, https:\/\/periodismodigital.mx\/wp-content\/uploads\/2021\/12\/cropped-Logo-2-1536x718.png 1536w, https:\/\/periodismodigital.mx\/wp-content\/uploads\/2021\/12\/cropped-Logo-2-2048x957.png 2048w\" sizes=\"auto, (max-width: 3442px) 100vw, 3442px\" \/><\/a><\/div>","protected":false},"excerpt":{"rendered":"<p>La propuesta, que fue turnada a la Comisi\u00f3n de Salud, contempla la reforma y adici\u00f3n a la fracci\u00f3n IV del art\u00edculo 19; la reforma y adici\u00f3n a la fracci\u00f3n VI del art\u00edculo 46; as\u00ed como la adici\u00f3n del Cap\u00edtulo VI Bis, con el prop\u00f3sito de fortalecer el marco normativo en materia de atenci\u00f3n al neurodesarrollo infantil.<\/p>\n","protected":false},"author":2,"featured_media":78682,"comment_status":"open","ping_status":"closed","sticky":false,"template":"","format":"standard","meta":{"footnotes":""},"categories":[3],"tags":[36459,16241],"class_list":["post-78681","post","type-post","status-publish","format-standard","has-post-thumbnail","hentry","category-politica","tag-priorizar-el-neurodesarrollo-infantil","tag-propone-diputado"],"_links":{"self":[{"href":"https:\/\/periodismodigital.mx\/index.php?rest_route=\/wp\/v2\/posts\/78681","targetHints":{"allow":["GET"]}}],"collection":[{"href":"https:\/\/periodismodigital.mx\/index.php?rest_route=\/wp\/v2\/posts"}],"about":[{"href":"https:\/\/periodismodigital.mx\/index.php?rest_route=\/wp\/v2\/types\/post"}],"author":[{"embeddable":true,"href":"https:\/\/periodismodigital.mx\/index.php?rest_route=\/wp\/v2\/users\/2"}],"replies":[{"embeddable":true,"href":"https:\/\/periodismodigital.mx\/index.php?rest_route=%2Fwp%2Fv2%2Fcomments&post=78681"}],"version-history":[{"count":1,"href":"https:\/\/periodismodigital.mx\/index.php?rest_route=\/wp\/v2\/posts\/78681\/revisions"}],"predecessor-version":[{"id":78683,"href":"https:\/\/periodismodigital.mx\/index.php?rest_route=\/wp\/v2\/posts\/78681\/revisions\/78683"}],"wp:featuredmedia":[{"embeddable":true,"href":"https:\/\/periodismodigital.mx\/index.php?rest_route=\/wp\/v2\/media\/78682"}],"wp:attachment":[{"href":"https:\/\/periodismodigital.mx\/index.php?rest_route=%2Fwp%2Fv2%2Fmedia&parent=78681"}],"wp:term":[{"taxonomy":"category","embeddable":true,"href":"https:\/\/periodismodigital.mx\/index.php?rest_route=%2Fwp%2Fv2%2Fcategories&post=78681"},{"taxonomy":"post_tag","embeddable":true,"href":"https:\/\/periodismodigital.mx\/index.php?rest_route=%2Fwp%2Fv2%2Ftags&post=78681"}],"curies":[{"name":"wp","href":"https:\/\/api.w.org\/{rel}","templated":true}]}}