{"id":78684,"date":"2026-04-25T03:26:31","date_gmt":"2026-04-25T03:26:31","guid":{"rendered":"https:\/\/periodismodigital.mx\/?p=78684"},"modified":"2026-04-25T03:26:32","modified_gmt":"2026-04-25T03:26:32","slug":"impulsan-adicion-al-codigo-civil-para-suspender-convivencias-en-casos-de-violencia-feminicida","status":"publish","type":"post","link":"https:\/\/periodismodigital.mx\/?p=78684","title":{"rendered":"IMPULSAN ADICI\u00d3N AL C\u00d3DIGO CIVIL PARA SUSPENDER CONVIVENCIAS EN CASOS DE VIOLENCIA FEMINICIDA"},"content":{"rendered":"<div class=\"is-default-size wp-block-site-logo\"><a href=\"https:\/\/periodismodigital.mx\/\" class=\"custom-logo-link\" rel=\"home\"><img loading=\"lazy\" decoding=\"async\" width=\"3442\" height=\"1609\" src=\"https:\/\/periodismodigital.mx\/wp-content\/uploads\/2021\/12\/cropped-Logo-2.png\" class=\"custom-logo\" alt=\"El Implacable\" srcset=\"https:\/\/periodismodigital.mx\/wp-content\/uploads\/2021\/12\/cropped-Logo-2.png 3442w, https:\/\/periodismodigital.mx\/wp-content\/uploads\/2021\/12\/cropped-Logo-2-300x140.png 300w, https:\/\/periodismodigital.mx\/wp-content\/uploads\/2021\/12\/cropped-Logo-2-1024x479.png 1024w, https:\/\/periodismodigital.mx\/wp-content\/uploads\/2021\/12\/cropped-Logo-2-768x359.png 768w, https:\/\/periodismodigital.mx\/wp-content\/uploads\/2021\/12\/cropped-Logo-2-1536x718.png 1536w, https:\/\/periodismodigital.mx\/wp-content\/uploads\/2021\/12\/cropped-Logo-2-2048x957.png 2048w\" sizes=\"auto, (max-width: 3442px) 100vw, 3442px\" \/><\/a><\/div>\n\n\n<p>Chilpancingo, Gro., 25 de abril de 2026.\u2014 Para suspender de manera inmediata el r\u00e9gimen de visitas y convivencias con hijas e hijos cuando exista vinculaci\u00f3n a proceso por feminicidio o tentativa en contra de la madre, priorizando en todo momento la seguridad de las y los menores ante entornos de violencia extrema, la diputada Leticia Mosso Hern\u00e1ndez propuso adiciones al C\u00f3digo Civil del Estado de Guerrero.<\/p>\n\n\n\n<p>Al presentar la iniciativa, la diputada destac\u00f3 que esta propuesta fue construida en colaboraci\u00f3n con Aim\u00e9 R\u00edos, integrante de la Red Nacional de Sobrevivientes de Feminicidio (RENASE), as\u00ed como con el acompa\u00f1amiento del colectivo Morras Contra la Violencia Institucional, quienes han enfrentado de manera directa la violencia feminicida. Agreg\u00f3 que forma parte de un paquete de iniciativas presentadas desde la experiencia y el trabajo colectivo de mujeres.<\/p>\n\n\n\n<p>En el documento, que se turn\u00f3 a las Comisiones Unidas de los Derechos de las Ni\u00f1as, Ni\u00f1os y Adolescentes y de Justicia, la legisladora expone que el Estado mexicano tiene la obligaci\u00f3n constitucional y convencional de garantizar la protecci\u00f3n integral de los derechos humanos de ni\u00f1as, ni\u00f1os y adolescentes, y de adoptar las medidas necesarias para prevenir situaciones que puedan poner en riesgo su integridad f\u00edsica, emocional, psicol\u00f3gica y social.<\/p>\n\n\n\n<p>Refiere que, si bien el r\u00e9gimen de convivencias o visitas constituye una herramienta fundamental para preservar los v\u00ednculos afectivos entre madres, padres e hijas e hijos, su ejercicio debe analizarse a la luz de las circunstancias particulares de cada caso, especialmente cuando existen antecedentes o indicios de violencia.<\/p>\n\n\n\n<p>Asimismo, se\u00f1al\u00f3 que en contextos donde se investiga la posible comisi\u00f3n de delitos graves como el feminicidio o su tentativa en contra de la madre, el entorno familiar se encuentra profundamente afectado por din\u00e1micas de violencia extrema que pueden impactar directa o indirectamente a las ni\u00f1as, ni\u00f1os y adolescentes.<\/p>\n\n\n\n<p>Sin embargo, aclar\u00f3 que la adici\u00f3n del art\u00edculo 589 Ter no implica una sanci\u00f3n anticipada ni vulnera el principio de presunci\u00f3n de inocencia, ya que se trata de una medida de car\u00e1cter preventivo y provisional, orientada exclusivamente a salvaguardar los derechos fundamentales de las personas menores de edad. Se trata de una medida proporcional, id\u00f3nea y necesaria, que responde a la gravedad del delito imputado y al contexto de violencia en el que se desarrolla.<\/p>\n\n\n\n<p>\u201cLa medida propuesta contribuye a evitar la revictimizaci\u00f3n, a garantizar entornos seguros y a prevenir posibles da\u00f1os irreparables\u201d, apunt\u00f3.<\/p>\n\n\n<div class=\"is-default-size wp-block-site-logo\"><a href=\"https:\/\/periodismodigital.mx\/\" class=\"custom-logo-link\" rel=\"home\"><img loading=\"lazy\" decoding=\"async\" width=\"3442\" height=\"1609\" src=\"https:\/\/periodismodigital.mx\/wp-content\/uploads\/2021\/12\/cropped-Logo-2.png\" class=\"custom-logo\" alt=\"El Implacable\" srcset=\"https:\/\/periodismodigital.mx\/wp-content\/uploads\/2021\/12\/cropped-Logo-2.png 3442w, https:\/\/periodismodigital.mx\/wp-content\/uploads\/2021\/12\/cropped-Logo-2-300x140.png 300w, https:\/\/periodismodigital.mx\/wp-content\/uploads\/2021\/12\/cropped-Logo-2-1024x479.png 1024w, https:\/\/periodismodigital.mx\/wp-content\/uploads\/2021\/12\/cropped-Logo-2-768x359.png 768w, https:\/\/periodismodigital.mx\/wp-content\/uploads\/2021\/12\/cropped-Logo-2-1536x718.png 1536w, https:\/\/periodismodigital.mx\/wp-content\/uploads\/2021\/12\/cropped-Logo-2-2048x957.png 2048w\" sizes=\"auto, (max-width: 3442px) 100vw, 3442px\" \/><\/a><\/div>","protected":false},"excerpt":{"rendered":"<p>Al presentar la iniciativa, la diputada destac\u00f3 que esta propuesta fue construida en colaboraci\u00f3n con Aim\u00e9 R\u00edos, integrante de la Red Nacional de Sobrevivientes de Feminicidio (RENASE), as\u00ed como con el acompa\u00f1amiento del colectivo Morras Contra la Violencia Institucional, quienes han enfrentado de manera directa la violencia feminicida. Agreg\u00f3 que forma parte de un paquete de iniciativas presentadas desde la experiencia y el trabajo colectivo de mujeres.<\/p>\n","protected":false},"author":2,"featured_media":78685,"comment_status":"open","ping_status":"closed","sticky":false,"template":"","format":"standard","meta":{"footnotes":""},"categories":[3],"tags":[36460,36461],"class_list":["post-78684","post","type-post","status-publish","format-standard","has-post-thumbnail","hentry","category-politica","tag-impulsan-adicion-al-codigo-civil","tag-para-suspender-convivencias"],"_links":{"self":[{"href":"https:\/\/periodismodigital.mx\/index.php?rest_route=\/wp\/v2\/posts\/78684","targetHints":{"allow":["GET"]}}],"collection":[{"href":"https:\/\/periodismodigital.mx\/index.php?rest_route=\/wp\/v2\/posts"}],"about":[{"href":"https:\/\/periodismodigital.mx\/index.php?rest_route=\/wp\/v2\/types\/post"}],"author":[{"embeddable":true,"href":"https:\/\/periodismodigital.mx\/index.php?rest_route=\/wp\/v2\/users\/2"}],"replies":[{"embeddable":true,"href":"https:\/\/periodismodigital.mx\/index.php?rest_route=%2Fwp%2Fv2%2Fcomments&post=78684"}],"version-history":[{"count":1,"href":"https:\/\/periodismodigital.mx\/index.php?rest_route=\/wp\/v2\/posts\/78684\/revisions"}],"predecessor-version":[{"id":78686,"href":"https:\/\/periodismodigital.mx\/index.php?rest_route=\/wp\/v2\/posts\/78684\/revisions\/78686"}],"wp:featuredmedia":[{"embeddable":true,"href":"https:\/\/periodismodigital.mx\/index.php?rest_route=\/wp\/v2\/media\/78685"}],"wp:attachment":[{"href":"https:\/\/periodismodigital.mx\/index.php?rest_route=%2Fwp%2Fv2%2Fmedia&parent=78684"}],"wp:term":[{"taxonomy":"category","embeddable":true,"href":"https:\/\/periodismodigital.mx\/index.php?rest_route=%2Fwp%2Fv2%2Fcategories&post=78684"},{"taxonomy":"post_tag","embeddable":true,"href":"https:\/\/periodismodigital.mx\/index.php?rest_route=%2Fwp%2Fv2%2Ftags&post=78684"}],"curies":[{"name":"wp","href":"https:\/\/api.w.org\/{rel}","templated":true}]}}