{"id":78687,"date":"2026-04-25T03:30:30","date_gmt":"2026-04-25T03:30:30","guid":{"rendered":"https:\/\/periodismodigital.mx\/?p=78687"},"modified":"2026-04-25T03:30:32","modified_gmt":"2026-04-25T03:30:32","slug":"propone-diputada-transicion-a-cableado-subterraneo-para-garantizar-energia-electrica-durante-fenomenos-naturales","status":"publish","type":"post","link":"https:\/\/periodismodigital.mx\/?p=78687","title":{"rendered":"PROPONE DIPUTADA TRANSICI\u00d3N A CABLEADO SUBTERR\u00c1NEO PARA GARANTIZAR ENERG\u00cdA EL\u00c9CTRICA DURANTE FEN\u00d3MENOS NATURALES"},"content":{"rendered":"<div class=\"is-default-size wp-block-site-logo\"><a href=\"https:\/\/periodismodigital.mx\/\" class=\"custom-logo-link\" rel=\"home\"><img loading=\"lazy\" decoding=\"async\" width=\"3442\" height=\"1609\" src=\"https:\/\/periodismodigital.mx\/wp-content\/uploads\/2021\/12\/cropped-Logo-2.png\" class=\"custom-logo\" alt=\"El Implacable\" srcset=\"https:\/\/periodismodigital.mx\/wp-content\/uploads\/2021\/12\/cropped-Logo-2.png 3442w, https:\/\/periodismodigital.mx\/wp-content\/uploads\/2021\/12\/cropped-Logo-2-300x140.png 300w, https:\/\/periodismodigital.mx\/wp-content\/uploads\/2021\/12\/cropped-Logo-2-1024x479.png 1024w, https:\/\/periodismodigital.mx\/wp-content\/uploads\/2021\/12\/cropped-Logo-2-768x359.png 768w, https:\/\/periodismodigital.mx\/wp-content\/uploads\/2021\/12\/cropped-Logo-2-1536x718.png 1536w, https:\/\/periodismodigital.mx\/wp-content\/uploads\/2021\/12\/cropped-Logo-2-2048x957.png 2048w\" sizes=\"auto, (max-width: 3442px) 100vw, 3442px\" \/><\/a><\/div>\n\n\n<p>Chilpancingo, Gro., 25 de abril de 2026.\u2014 La diputada Erika Isabel Guill\u00e9n Rom\u00e1n present\u00f3 una iniciativa con el objetivo de promover la transici\u00f3n gradual del cableado a\u00e9reo a sistemas subterr\u00e1neos de energ\u00eda y telecomunicaciones.<\/p>\n\n\n\n<p>Al exponer el tema en tribuna, se\u00f1al\u00f3 que la propuesta busca proteger la infraestructura cr\u00edtica frente a fen\u00f3menos naturales, garantizar la continuidad de los servicios b\u00e1sicos y fortalecer la seguridad de la poblaci\u00f3n, contribuyendo a un desarrollo urbano m\u00e1s ordenado, resiliente y seguro.<\/p>\n\n\n\n<p>Adem\u00e1s, plantea un enfoque gradual para la implementaci\u00f3n de infraestructura subterr\u00e1nea, priorizando zonas de alto riesgo, \u00e1reas tur\u00edsticas y regiones afectadas por desastres naturales, sin invadir competencias federales, ya que se centra en la planeaci\u00f3n urbana y la protecci\u00f3n de la poblaci\u00f3n. El prop\u00f3sito es impulsar un modelo de desarrollo m\u00e1s seguro y preparado para enfrentar los desaf\u00edos actuales, fortaleciendo la resiliencia de las ciudades en Guerrero.<\/p>\n\n\n\n<p>Erika Guill\u00e9n agreg\u00f3 que actualmente la mayor\u00eda de las redes en el estado son a\u00e9reas, lo que las hace vulnerables a vientos intensos, lluvias, ca\u00edda de \u00e1rboles e incluso actos delictivos, provocando interrupciones constantes y afectaciones a la poblaci\u00f3n. Ante ello, resalt\u00f3 la necesidad de avanzar hacia modelos m\u00e1s seguros y eficientes, tomando como referencia experiencias exitosas en otras ciudades del pa\u00eds y del extranjero, donde el soterramiento del cableado ha mejorado la seguridad, el orden urbano y la continuidad de los servicios.<\/p>\n\n\n\n<p>La iniciativa, por la que se adiciona una fracci\u00f3n VIII \u2014recorri\u00e9ndose la actual fracci\u00f3n VIII para pasar a ser fracci\u00f3n IX\u2014 al art\u00edculo 92 de la Ley de Asentamientos Humanos, Ordenamiento Territorial y Desarrollo Urbano del Estado de Guerrero, fue turnada a la Comisi\u00f3n de Desarrollo Urbano y Obras P\u00fablicas para su an\u00e1lisis y dictaminaci\u00f3n.<\/p>\n\n\n<div class=\"is-default-size wp-block-site-logo\"><a href=\"https:\/\/periodismodigital.mx\/\" class=\"custom-logo-link\" rel=\"home\"><img loading=\"lazy\" decoding=\"async\" width=\"3442\" height=\"1609\" src=\"https:\/\/periodismodigital.mx\/wp-content\/uploads\/2021\/12\/cropped-Logo-2.png\" class=\"custom-logo\" alt=\"El Implacable\" srcset=\"https:\/\/periodismodigital.mx\/wp-content\/uploads\/2021\/12\/cropped-Logo-2.png 3442w, https:\/\/periodismodigital.mx\/wp-content\/uploads\/2021\/12\/cropped-Logo-2-300x140.png 300w, https:\/\/periodismodigital.mx\/wp-content\/uploads\/2021\/12\/cropped-Logo-2-1024x479.png 1024w, https:\/\/periodismodigital.mx\/wp-content\/uploads\/2021\/12\/cropped-Logo-2-768x359.png 768w, https:\/\/periodismodigital.mx\/wp-content\/uploads\/2021\/12\/cropped-Logo-2-1536x718.png 1536w, https:\/\/periodismodigital.mx\/wp-content\/uploads\/2021\/12\/cropped-Logo-2-2048x957.png 2048w\" sizes=\"auto, (max-width: 3442px) 100vw, 3442px\" \/><\/a><\/div>","protected":false},"excerpt":{"rendered":"<p>Al exponer el tema en tribuna, se\u00f1al\u00f3 que la propuesta busca proteger la infraestructura cr\u00edtica frente a fen\u00f3menos naturales, garantizar la continuidad de los servicios b\u00e1sicos y fortalecer la seguridad de la poblaci\u00f3n, contribuyendo a un desarrollo urbano m\u00e1s ordenado, resiliente y seguro.<\/p>\n","protected":false},"author":2,"featured_media":78688,"comment_status":"open","ping_status":"closed","sticky":false,"template":"","format":"standard","meta":{"footnotes":""},"categories":[3],"tags":[36463,36462],"class_list":["post-78687","post","type-post","status-publish","format-standard","has-post-thumbnail","hentry","category-politica","tag-a-cableado-subterraneo-para-garantizar-energia-electrica","tag-propone-diputada-transicion"],"_links":{"self":[{"href":"https:\/\/periodismodigital.mx\/index.php?rest_route=\/wp\/v2\/posts\/78687","targetHints":{"allow":["GET"]}}],"collection":[{"href":"https:\/\/periodismodigital.mx\/index.php?rest_route=\/wp\/v2\/posts"}],"about":[{"href":"https:\/\/periodismodigital.mx\/index.php?rest_route=\/wp\/v2\/types\/post"}],"author":[{"embeddable":true,"href":"https:\/\/periodismodigital.mx\/index.php?rest_route=\/wp\/v2\/users\/2"}],"replies":[{"embeddable":true,"href":"https:\/\/periodismodigital.mx\/index.php?rest_route=%2Fwp%2Fv2%2Fcomments&post=78687"}],"version-history":[{"count":1,"href":"https:\/\/periodismodigital.mx\/index.php?rest_route=\/wp\/v2\/posts\/78687\/revisions"}],"predecessor-version":[{"id":78689,"href":"https:\/\/periodismodigital.mx\/index.php?rest_route=\/wp\/v2\/posts\/78687\/revisions\/78689"}],"wp:featuredmedia":[{"embeddable":true,"href":"https:\/\/periodismodigital.mx\/index.php?rest_route=\/wp\/v2\/media\/78688"}],"wp:attachment":[{"href":"https:\/\/periodismodigital.mx\/index.php?rest_route=%2Fwp%2Fv2%2Fmedia&parent=78687"}],"wp:term":[{"taxonomy":"category","embeddable":true,"href":"https:\/\/periodismodigital.mx\/index.php?rest_route=%2Fwp%2Fv2%2Fcategories&post=78687"},{"taxonomy":"post_tag","embeddable":true,"href":"https:\/\/periodismodigital.mx\/index.php?rest_route=%2Fwp%2Fv2%2Ftags&post=78687"}],"curies":[{"name":"wp","href":"https:\/\/api.w.org\/{rel}","templated":true}]}}