{"id":78694,"date":"2026-04-26T22:35:32","date_gmt":"2026-04-26T22:35:32","guid":{"rendered":"https:\/\/periodismodigital.mx\/?p=78694"},"modified":"2026-04-26T22:35:33","modified_gmt":"2026-04-26T22:35:33","slug":"gobierno-de-guerrero-privilegia-el-dialogo-y-la-paz-social-para-avanzar-en-la-transformacion-de-acapulco","status":"publish","type":"post","link":"https:\/\/periodismodigital.mx\/?p=78694","title":{"rendered":"Gobierno de Guerrero privilegia el di\u00e1logo y la paz social para avanzar en la transformaci\u00f3n de Acapulco"},"content":{"rendered":"<div class=\"is-default-size wp-block-site-logo\"><a href=\"https:\/\/periodismodigital.mx\/\" class=\"custom-logo-link\" rel=\"home\"><img loading=\"lazy\" decoding=\"async\" width=\"3442\" height=\"1609\" src=\"https:\/\/periodismodigital.mx\/wp-content\/uploads\/2021\/12\/cropped-Logo-2.png\" class=\"custom-logo\" alt=\"El Implacable\" srcset=\"https:\/\/periodismodigital.mx\/wp-content\/uploads\/2021\/12\/cropped-Logo-2.png 3442w, https:\/\/periodismodigital.mx\/wp-content\/uploads\/2021\/12\/cropped-Logo-2-300x140.png 300w, https:\/\/periodismodigital.mx\/wp-content\/uploads\/2021\/12\/cropped-Logo-2-1024x479.png 1024w, https:\/\/periodismodigital.mx\/wp-content\/uploads\/2021\/12\/cropped-Logo-2-768x359.png 768w, https:\/\/periodismodigital.mx\/wp-content\/uploads\/2021\/12\/cropped-Logo-2-1536x718.png 1536w, https:\/\/periodismodigital.mx\/wp-content\/uploads\/2021\/12\/cropped-Logo-2-2048x957.png 2048w\" sizes=\"auto, (max-width: 3442px) 100vw, 3442px\" \/><\/a><\/div>\n\n\n<p>\u2022\u2060 \u2060Destaca Francisco Rodr\u00edguez Cisneros que la atenci\u00f3n cercana ha contribuido a disminuir las movilizaciones sociales<\/p>\n\n\n\n<p>Acapulco, Gro., 27 de abril de 2026.\u2014 El subsecretario de Desarrollo Pol\u00edtico y Social, Francisco Rodr\u00edguez Cisneros, destac\u00f3 que en Guerrero se ha consolidado una ruta de di\u00e1logo, atenci\u00f3n directa y construcci\u00f3n de acuerdos, impulsada por la gobernadora Evelyn Salgado Pineda, que ha permitido disminuir las movilizaciones sociales que anteriormente derivaban en bloqueos o afectaciones a la ciudadan\u00eda.<\/p>\n\n\n\n<p>Se\u00f1al\u00f3 que mantener condiciones de movilidad, tranquilidad y confianza es fundamental para destinos tur\u00edsticos como Acapulco, Taxco e Ixtapa-Zihuatanejo, por su importancia econ\u00f3mica y social para las familias guerrerenses.<\/p>\n\n\n\n<p>Rodr\u00edguez Cisneros reconoci\u00f3 que la sociedad ha contribuido a este proceso mediante una nueva cultura de di\u00e1logo, en la que las demandas se plantean por canales institucionales y sin afectar a terceros.<\/p>\n\n\n\n<p>Asimismo, inform\u00f3 que la gobernadora impulsa las Jornadas Comunitarias Transformando Guerrero, orientadas a acercar servicios, programas y acompa\u00f1amiento institucional a colonias, localidades y pol\u00edgonos que requieren atenci\u00f3n directa.<\/p>\n\n\n\n<p>Finalmente, llam\u00f3 a liderazgos pol\u00edticos, sociales y comunitarios a sumar esfuerzos, privilegiar el di\u00e1logo y contribuir a preservar la paz social, la gobernabilidad y la buena imagen de Guerrero.<\/p>\n\n\n<div class=\"is-default-size wp-block-site-logo\"><a href=\"https:\/\/periodismodigital.mx\/\" class=\"custom-logo-link\" rel=\"home\"><img loading=\"lazy\" decoding=\"async\" width=\"3442\" height=\"1609\" src=\"https:\/\/periodismodigital.mx\/wp-content\/uploads\/2021\/12\/cropped-Logo-2.png\" class=\"custom-logo\" alt=\"El Implacable\" srcset=\"https:\/\/periodismodigital.mx\/wp-content\/uploads\/2021\/12\/cropped-Logo-2.png 3442w, https:\/\/periodismodigital.mx\/wp-content\/uploads\/2021\/12\/cropped-Logo-2-300x140.png 300w, https:\/\/periodismodigital.mx\/wp-content\/uploads\/2021\/12\/cropped-Logo-2-1024x479.png 1024w, https:\/\/periodismodigital.mx\/wp-content\/uploads\/2021\/12\/cropped-Logo-2-768x359.png 768w, https:\/\/periodismodigital.mx\/wp-content\/uploads\/2021\/12\/cropped-Logo-2-1536x718.png 1536w, https:\/\/periodismodigital.mx\/wp-content\/uploads\/2021\/12\/cropped-Logo-2-2048x957.png 2048w\" sizes=\"auto, (max-width: 3442px) 100vw, 3442px\" \/><\/a><\/div>","protected":false},"excerpt":{"rendered":"<p>\u2022\u2060 \u2060Destaca Francisco Rodr\u00edguez Cisneros que la atenci\u00f3n cercana ha contribuido a disminuir las movilizaciones sociales<\/p>\n","protected":false},"author":2,"featured_media":78695,"comment_status":"open","ping_status":"closed","sticky":false,"template":"","format":"standard","meta":{"footnotes":""},"categories":[2],"tags":[519,36466],"class_list":["post-78694","post","type-post","status-publish","format-standard","has-post-thumbnail","hentry","category-noticias","tag-gobierno-de-guerrero","tag-privilegia-el-dialogo-y-la-paz-social"],"_links":{"self":[{"href":"https:\/\/periodismodigital.mx\/index.php?rest_route=\/wp\/v2\/posts\/78694","targetHints":{"allow":["GET"]}}],"collection":[{"href":"https:\/\/periodismodigital.mx\/index.php?rest_route=\/wp\/v2\/posts"}],"about":[{"href":"https:\/\/periodismodigital.mx\/index.php?rest_route=\/wp\/v2\/types\/post"}],"author":[{"embeddable":true,"href":"https:\/\/periodismodigital.mx\/index.php?rest_route=\/wp\/v2\/users\/2"}],"replies":[{"embeddable":true,"href":"https:\/\/periodismodigital.mx\/index.php?rest_route=%2Fwp%2Fv2%2Fcomments&post=78694"}],"version-history":[{"count":1,"href":"https:\/\/periodismodigital.mx\/index.php?rest_route=\/wp\/v2\/posts\/78694\/revisions"}],"predecessor-version":[{"id":78696,"href":"https:\/\/periodismodigital.mx\/index.php?rest_route=\/wp\/v2\/posts\/78694\/revisions\/78696"}],"wp:featuredmedia":[{"embeddable":true,"href":"https:\/\/periodismodigital.mx\/index.php?rest_route=\/wp\/v2\/media\/78695"}],"wp:attachment":[{"href":"https:\/\/periodismodigital.mx\/index.php?rest_route=%2Fwp%2Fv2%2Fmedia&parent=78694"}],"wp:term":[{"taxonomy":"category","embeddable":true,"href":"https:\/\/periodismodigital.mx\/index.php?rest_route=%2Fwp%2Fv2%2Fcategories&post=78694"},{"taxonomy":"post_tag","embeddable":true,"href":"https:\/\/periodismodigital.mx\/index.php?rest_route=%2Fwp%2Fv2%2Ftags&post=78694"}],"curies":[{"name":"wp","href":"https:\/\/api.w.org\/{rel}","templated":true}]}}