{"id":78738,"date":"2026-04-27T12:32:21","date_gmt":"2026-04-27T12:32:21","guid":{"rendered":"https:\/\/periodismodigital.mx\/?p=78738"},"modified":"2026-04-27T12:32:23","modified_gmt":"2026-04-27T12:32:23","slug":"proponen-blindar-presupuesto-de-unidades-de-genero-y-sancionar-recortes-injustificados","status":"publish","type":"post","link":"https:\/\/periodismodigital.mx\/?p=78738","title":{"rendered":"PROPONEN BLINDAR PRESUPUESTO DE UNIDADES DE G\u00c9NERO Y SANCIONAR RECORTES INJUSTIFICADOS"},"content":{"rendered":"<div class=\"is-default-size wp-block-site-logo\"><a href=\"https:\/\/periodismodigital.mx\/\" class=\"custom-logo-link\" rel=\"home\"><img loading=\"lazy\" decoding=\"async\" width=\"3442\" height=\"1609\" src=\"https:\/\/periodismodigital.mx\/wp-content\/uploads\/2021\/12\/cropped-Logo-2.png\" class=\"custom-logo\" alt=\"El Implacable\" srcset=\"https:\/\/periodismodigital.mx\/wp-content\/uploads\/2021\/12\/cropped-Logo-2.png 3442w, https:\/\/periodismodigital.mx\/wp-content\/uploads\/2021\/12\/cropped-Logo-2-300x140.png 300w, https:\/\/periodismodigital.mx\/wp-content\/uploads\/2021\/12\/cropped-Logo-2-1024x479.png 1024w, https:\/\/periodismodigital.mx\/wp-content\/uploads\/2021\/12\/cropped-Logo-2-768x359.png 768w, https:\/\/periodismodigital.mx\/wp-content\/uploads\/2021\/12\/cropped-Logo-2-1536x718.png 1536w, https:\/\/periodismodigital.mx\/wp-content\/uploads\/2021\/12\/cropped-Logo-2-2048x957.png 2048w\" sizes=\"auto, (max-width: 3442px) 100vw, 3442px\" \/><\/a><\/div>\n\n\n<p><strong>Chilpancingo, Gro., 27 de abril de 2026.\u2014<\/strong>\u00a0La diputada Luissana Ramos Pineda propuso una iniciativa en materia de protecci\u00f3n, control, responsabilidad y fiscalizaci\u00f3n del presupuesto destinado a las unidades de igualdad de g\u00e9nero, institutos de las mujeres y dem\u00e1s instancias responsables de la pol\u00edtica de igualdad, para garantizar la irreductibilidad de sus recursos y establecer auditor\u00edas espec\u00edficas que impidan recortes injustificados.<\/p>\n\n\n\n<p>Destac\u00f3 que estas unidades son las que previenen la violencia, capacitan, acompa\u00f1an procesos e impulsan cambios dentro de las propias instituciones, adem\u00e1s de constituir el v\u00ednculo m\u00e1s cercano entre las instituciones y las mujeres.<\/p>\n\n\n\n<p>Manifest\u00f3 que actualmente se cuenta con unidades de g\u00e9nero que est\u00e1n en el organigrama, pero que se les debe garantizar presupuesto.<\/p>\n\n\n\n<p>\u201cCuando una unidad de g\u00e9nero no tiene presupuesto, una mujer se queda sin atenci\u00f3n oportuna; se detienen programas de prevenci\u00f3n; se limitan acciones que pueden cambiar realidades. Y entonces, la pol\u00edtica de igualdad deja de ser efectiva\u201d, mencion\u00f3.<\/p>\n\n\n\n<p>Por ello, propuso establecer la obligaci\u00f3n de asignar presupuesto suficiente a las instancias de igualdad, garantizando su operaci\u00f3n y el cumplimiento de sus metas institucionales; prohibir la reducci\u00f3n injustificada de dichos recursos cuando esto comprometa los objetivos en materia de igualdad de g\u00e9nero; y establecer que la reducci\u00f3n injustificada de estos recursos, cuando afecte el cumplimiento de sus fines, constituya una falta administrativa grave.<\/p>\n\n\n\n<p>Adem\u00e1s, plante\u00f3 incorporar la auditor\u00eda con perspectiva de g\u00e9nero de manera transversal en la Auditor\u00eda Superior del Estado de Guerrero, sin generar nuevas estructuras administrativas, y promover la difusi\u00f3n clara, accesible e individualizada del uso de estos recursos, porque la ciudadan\u00eda tiene derecho a saber c\u00f3mo se invierte el presupuesto en materia de igualdad, y esa transparencia es tambi\u00e9n una forma de rendici\u00f3n de cuentas.<\/p>\n\n\n\n<p>La propuesta, por la que se reforman y adicionan diversas disposiciones de las Leyes de Presupuesto y Disciplina Fiscal; de Responsabilidades Administrativas; de Fiscalizaci\u00f3n Superior y Rendici\u00f3n de Cuentas; para la Igualdad entre Mujeres y Hombres; y de Acceso de las Mujeres a una Vida Libre de Violencia, todas del Estado de Guerrero, se turn\u00f3 a las Comisiones de Presupuesto y Cuenta P\u00fablica, de Justicia y Para la Igualdad de G\u00e9nero.<\/p>\n\n\n<div class=\"is-default-size wp-block-site-logo\"><a href=\"https:\/\/periodismodigital.mx\/\" class=\"custom-logo-link\" rel=\"home\"><img loading=\"lazy\" decoding=\"async\" width=\"3442\" height=\"1609\" src=\"https:\/\/periodismodigital.mx\/wp-content\/uploads\/2021\/12\/cropped-Logo-2.png\" class=\"custom-logo\" alt=\"El Implacable\" srcset=\"https:\/\/periodismodigital.mx\/wp-content\/uploads\/2021\/12\/cropped-Logo-2.png 3442w, https:\/\/periodismodigital.mx\/wp-content\/uploads\/2021\/12\/cropped-Logo-2-300x140.png 300w, https:\/\/periodismodigital.mx\/wp-content\/uploads\/2021\/12\/cropped-Logo-2-1024x479.png 1024w, https:\/\/periodismodigital.mx\/wp-content\/uploads\/2021\/12\/cropped-Logo-2-768x359.png 768w, https:\/\/periodismodigital.mx\/wp-content\/uploads\/2021\/12\/cropped-Logo-2-1536x718.png 1536w, https:\/\/periodismodigital.mx\/wp-content\/uploads\/2021\/12\/cropped-Logo-2-2048x957.png 2048w\" sizes=\"auto, (max-width: 3442px) 100vw, 3442px\" \/><\/a><\/div>","protected":false},"excerpt":{"rendered":"<p>Destac\u00f3 que estas unidades son las que previenen la violencia, capacitan, acompa\u00f1an procesos e impulsan cambios dentro de las propias instituciones, adem\u00e1s de constituir el v\u00ednculo m\u00e1s cercano entre las instituciones y las mujeres.<\/p>\n","protected":false},"author":2,"featured_media":78739,"comment_status":"open","ping_status":"closed","sticky":false,"template":"","format":"standard","meta":{"footnotes":""},"categories":[3],"tags":[36496,36495],"class_list":["post-78738","post","type-post","status-publish","format-standard","has-post-thumbnail","hentry","category-politica","tag-de-unidades-de-genero-2","tag-proponen-blindar-presupuesto"],"_links":{"self":[{"href":"https:\/\/periodismodigital.mx\/index.php?rest_route=\/wp\/v2\/posts\/78738","targetHints":{"allow":["GET"]}}],"collection":[{"href":"https:\/\/periodismodigital.mx\/index.php?rest_route=\/wp\/v2\/posts"}],"about":[{"href":"https:\/\/periodismodigital.mx\/index.php?rest_route=\/wp\/v2\/types\/post"}],"author":[{"embeddable":true,"href":"https:\/\/periodismodigital.mx\/index.php?rest_route=\/wp\/v2\/users\/2"}],"replies":[{"embeddable":true,"href":"https:\/\/periodismodigital.mx\/index.php?rest_route=%2Fwp%2Fv2%2Fcomments&post=78738"}],"version-history":[{"count":1,"href":"https:\/\/periodismodigital.mx\/index.php?rest_route=\/wp\/v2\/posts\/78738\/revisions"}],"predecessor-version":[{"id":78740,"href":"https:\/\/periodismodigital.mx\/index.php?rest_route=\/wp\/v2\/posts\/78738\/revisions\/78740"}],"wp:featuredmedia":[{"embeddable":true,"href":"https:\/\/periodismodigital.mx\/index.php?rest_route=\/wp\/v2\/media\/78739"}],"wp:attachment":[{"href":"https:\/\/periodismodigital.mx\/index.php?rest_route=%2Fwp%2Fv2%2Fmedia&parent=78738"}],"wp:term":[{"taxonomy":"category","embeddable":true,"href":"https:\/\/periodismodigital.mx\/index.php?rest_route=%2Fwp%2Fv2%2Fcategories&post=78738"},{"taxonomy":"post_tag","embeddable":true,"href":"https:\/\/periodismodigital.mx\/index.php?rest_route=%2Fwp%2Fv2%2Ftags&post=78738"}],"curies":[{"name":"wp","href":"https:\/\/api.w.org\/{rel}","templated":true}]}}