{"id":78776,"date":"2026-04-28T03:26:39","date_gmt":"2026-04-28T03:26:39","guid":{"rendered":"https:\/\/periodismodigital.mx\/?p=78776"},"modified":"2026-04-28T03:26:40","modified_gmt":"2026-04-28T03:26:40","slug":"arranca-en-guerrero-la-semana-nacional-de-vacunacion-2026","status":"publish","type":"post","link":"https:\/\/periodismodigital.mx\/?p=78776","title":{"rendered":"Arranca en Guerrero la Semana Nacional de Vacunaci\u00f3n 2026"},"content":{"rendered":"<div class=\"is-default-size wp-block-site-logo\"><a href=\"https:\/\/periodismodigital.mx\/\" class=\"custom-logo-link\" rel=\"home\"><img loading=\"lazy\" decoding=\"async\" width=\"3442\" height=\"1609\" src=\"https:\/\/periodismodigital.mx\/wp-content\/uploads\/2021\/12\/cropped-Logo-2.png\" class=\"custom-logo\" alt=\"El Implacable\" srcset=\"https:\/\/periodismodigital.mx\/wp-content\/uploads\/2021\/12\/cropped-Logo-2.png 3442w, https:\/\/periodismodigital.mx\/wp-content\/uploads\/2021\/12\/cropped-Logo-2-300x140.png 300w, https:\/\/periodismodigital.mx\/wp-content\/uploads\/2021\/12\/cropped-Logo-2-1024x479.png 1024w, https:\/\/periodismodigital.mx\/wp-content\/uploads\/2021\/12\/cropped-Logo-2-768x359.png 768w, https:\/\/periodismodigital.mx\/wp-content\/uploads\/2021\/12\/cropped-Logo-2-1536x718.png 1536w, https:\/\/periodismodigital.mx\/wp-content\/uploads\/2021\/12\/cropped-Logo-2-2048x957.png 2048w\" sizes=\"auto, (max-width: 3442px) 100vw, 3442px\" \/><\/a><\/div>\n\n\n<p>\u2022\u2060 \u2060Se aplicar\u00e1n m\u00e1s de 66 mil dosis para fortalecer la prevenci\u00f3n de enfermedades y ampliar la cobertura en la poblaci\u00f3n<\/p>\n\n\n\n<p>Chilpancingo, Gro., 28 de abril de 2026.\u2013 En el marco de la 24\u00aa Semana de Vacunaci\u00f3n en las Am\u00e9ricas y de la Semana Mundial de Inmunizaci\u00f3n 2026, la secretaria de Salud, Alondra Garc\u00eda Carbajal, encabez\u00f3 el arranque de la Semana Nacional de Vacunaci\u00f3n en Guerrero, la cual se desarrolla del 25 de abril al 2 de mayo bajo el lema \u201cVacunar es Amar\u201d, con el objetivo de fortalecer la prevenci\u00f3n de enfermedades y reforzar la protecci\u00f3n comunitaria mediante la aplicaci\u00f3n gratuita de biol\u00f3gicos en toda la entidad.<\/p>\n\n\n\n<p>El acto inaugural tuvo lugar en el Jard\u00edn de Ni\u00f1os \u201cBertha Von Glumer\u201d, con la participaci\u00f3n de autoridades de los sectores salud y educativo, personal m\u00e9dico, as\u00ed como madres y padres de familia, en donde la jefa de la Jurisdicci\u00f3n Sanitaria 03 Centro, Alba Patricia Batani Giles, inform\u00f3 que se busca fortalecer el Programa de Vacunaci\u00f3n Universal a trav\u00e9s de la intensificaci\u00f3n de acciones, con \u00e9nfasis en la recuperaci\u00f3n de esquemas incompletos y el incremento de coberturas en la poblaci\u00f3n objetivo.<\/p>\n\n\n\n<p>Explic\u00f3 que estas medidas permiten garantizar el derecho a la protecci\u00f3n de la salud mediante la vacunaci\u00f3n a lo largo de la vida, adem\u00e1s de contribuir al control epidemiol\u00f3gico y la reducci\u00f3n de enfermedades prevenibles.<\/p>\n\n\n\n<p>En su mensaje, la secretaria de Salud destac\u00f3 la coordinaci\u00f3n entre instituciones y el compromiso de los sectores educativo, municipal y de salud en la implementaci\u00f3n de estrategias nacionales, adem\u00e1s reconoci\u00f3 el respaldo de la Secretar\u00eda de Educaci\u00f3n Guerrero y la participaci\u00f3n de diversas instituciones, as\u00ed como el papel de madres y padres de familia en el cumplimiento de los esquemas de vacunaci\u00f3n.<\/p>\n\n\n\n<p>Reiter\u00f3 que la vacunaci\u00f3n es una de las intervenciones m\u00e1s efectivas para prevenir enfermedades, reducir complicaciones graves y salvar vidas, por lo que llam\u00f3 a la poblaci\u00f3n a acudir a las unidades m\u00e9dicas para verificar y completar sus esquemas, especialmente en ni\u00f1as y ni\u00f1os, mujeres embarazadas, personas adultas mayores y grupos en situaci\u00f3n de vulnerabilidad.<\/p>\n\n\n\n<p>Durante esta jornada se tiene como meta la aplicaci\u00f3n de 66 mil 028 dosis del Programa de Vacunaci\u00f3n Universal, que incluye biol\u00f3gicos como BCG y Hepatitis B para reci\u00e9n nacidos; Hexavalente, Rotavirus y Neumoc\u00f3ccica para menores de cinco a\u00f1os; DPT y SR como refuerzos en la infancia; Hepatitis A en poblaci\u00f3n infantil; as\u00ed como TD y TDPA en adolescentes, personas adultas y mujeres embarazadas. Tambi\u00e9n se contempla la vacuna contra el Virus Sincitial Respiratorio en poblaci\u00f3n vulnerable y contra el Virus del Papiloma Humano en ni\u00f1as y adolescentes, para prevenir el c\u00e1ncer cervicouterino.<\/p>\n\n\n\n<p>Al evento asistieron la subsecretaria de Prevenci\u00f3n y Control de Enfermedades, Jessy Solchaga Rosas; la jefa de la Jurisdicci\u00f3n Sanitaria 03 Centro, Alva Patricia Batani Giles; la jefa de Atenci\u00f3n a la Salud del IMSS-Bienestar, X\u00f3chitl Figueroa Flores; la directora del Jard\u00edn de Ni\u00f1os \u201cBertha Von Glumer\u201d, Rufina Bello Cabrera; la representante del Ayuntamiento de Chilpancingo, Yaret Wendoline Molina Ju\u00e1rez; adem\u00e1s de representantes del DIF Guerrero, SEG, IMSS Ordinario, ISSSTE, DEFENSA&nbsp; y MARINA.<\/p>\n\n\n\n<figure class=\"wp-block-image size-large\"><img loading=\"lazy\" decoding=\"async\" width=\"1024\" height=\"682\" src=\"https:\/\/periodismodigital.mx\/wp-content\/uploads\/2026\/04\/WhatsApp-Image-2026-04-27-at-18.00.43-1024x682.jpeg\" alt=\"\" class=\"wp-image-78778\" srcset=\"https:\/\/periodismodigital.mx\/wp-content\/uploads\/2026\/04\/WhatsApp-Image-2026-04-27-at-18.00.43-1024x682.jpeg 1024w, https:\/\/periodismodigital.mx\/wp-content\/uploads\/2026\/04\/WhatsApp-Image-2026-04-27-at-18.00.43-300x200.jpeg 300w, https:\/\/periodismodigital.mx\/wp-content\/uploads\/2026\/04\/WhatsApp-Image-2026-04-27-at-18.00.43-768x512.jpeg 768w, https:\/\/periodismodigital.mx\/wp-content\/uploads\/2026\/04\/WhatsApp-Image-2026-04-27-at-18.00.43-1536x1023.jpeg 1536w, https:\/\/periodismodigital.mx\/wp-content\/uploads\/2026\/04\/WhatsApp-Image-2026-04-27-at-18.00.43.jpeg 1600w\" sizes=\"auto, (max-width: 1024px) 100vw, 1024px\" \/><\/figure>\n\n\n<div class=\"is-default-size wp-block-site-logo\"><a href=\"https:\/\/periodismodigital.mx\/\" class=\"custom-logo-link\" rel=\"home\"><img loading=\"lazy\" decoding=\"async\" width=\"3442\" height=\"1609\" src=\"https:\/\/periodismodigital.mx\/wp-content\/uploads\/2021\/12\/cropped-Logo-2.png\" class=\"custom-logo\" alt=\"El Implacable\" srcset=\"https:\/\/periodismodigital.mx\/wp-content\/uploads\/2021\/12\/cropped-Logo-2.png 3442w, https:\/\/periodismodigital.mx\/wp-content\/uploads\/2021\/12\/cropped-Logo-2-300x140.png 300w, https:\/\/periodismodigital.mx\/wp-content\/uploads\/2021\/12\/cropped-Logo-2-1024x479.png 1024w, https:\/\/periodismodigital.mx\/wp-content\/uploads\/2021\/12\/cropped-Logo-2-768x359.png 768w, https:\/\/periodismodigital.mx\/wp-content\/uploads\/2021\/12\/cropped-Logo-2-1536x718.png 1536w, https:\/\/periodismodigital.mx\/wp-content\/uploads\/2021\/12\/cropped-Logo-2-2048x957.png 2048w\" sizes=\"auto, (max-width: 3442px) 100vw, 3442px\" \/><\/a><\/div>","protected":false},"excerpt":{"rendered":"<p>\u2022\u2060 \u2060Se aplicar\u00e1n m\u00e1s de 66 mil dosis para fortalecer la prevenci\u00f3n de enfermedades y ampliar la cobertura en la poblaci\u00f3n<\/p>\n","protected":false},"author":2,"featured_media":78777,"comment_status":"open","ping_status":"closed","sticky":false,"template":"","format":"standard","meta":{"footnotes":""},"categories":[43],"tags":[29490,36512],"class_list":["post-78776","post","type-post","status-publish","format-standard","has-post-thumbnail","hentry","category-evivo","tag-arranca-en-guerrero","tag-la-semana-nacional-de-vacunacion-2026"],"_links":{"self":[{"href":"https:\/\/periodismodigital.mx\/index.php?rest_route=\/wp\/v2\/posts\/78776","targetHints":{"allow":["GET"]}}],"collection":[{"href":"https:\/\/periodismodigital.mx\/index.php?rest_route=\/wp\/v2\/posts"}],"about":[{"href":"https:\/\/periodismodigital.mx\/index.php?rest_route=\/wp\/v2\/types\/post"}],"author":[{"embeddable":true,"href":"https:\/\/periodismodigital.mx\/index.php?rest_route=\/wp\/v2\/users\/2"}],"replies":[{"embeddable":true,"href":"https:\/\/periodismodigital.mx\/index.php?rest_route=%2Fwp%2Fv2%2Fcomments&post=78776"}],"version-history":[{"count":1,"href":"https:\/\/periodismodigital.mx\/index.php?rest_route=\/wp\/v2\/posts\/78776\/revisions"}],"predecessor-version":[{"id":78779,"href":"https:\/\/periodismodigital.mx\/index.php?rest_route=\/wp\/v2\/posts\/78776\/revisions\/78779"}],"wp:featuredmedia":[{"embeddable":true,"href":"https:\/\/periodismodigital.mx\/index.php?rest_route=\/wp\/v2\/media\/78777"}],"wp:attachment":[{"href":"https:\/\/periodismodigital.mx\/index.php?rest_route=%2Fwp%2Fv2%2Fmedia&parent=78776"}],"wp:term":[{"taxonomy":"category","embeddable":true,"href":"https:\/\/periodismodigital.mx\/index.php?rest_route=%2Fwp%2Fv2%2Fcategories&post=78776"},{"taxonomy":"post_tag","embeddable":true,"href":"https:\/\/periodismodigital.mx\/index.php?rest_route=%2Fwp%2Fv2%2Ftags&post=78776"}],"curies":[{"name":"wp","href":"https:\/\/api.w.org\/{rel}","templated":true}]}}