{"id":78848,"date":"2026-04-29T01:29:14","date_gmt":"2026-04-29T01:29:14","guid":{"rendered":"https:\/\/periodismodigital.mx\/?p=78848"},"modified":"2026-04-29T01:30:25","modified_gmt":"2026-04-29T01:30:25","slug":"se-instalo-una-mesa-de-trabajo-para-avanzar-en-acuerdos-de-paz-entre-san-jeronimo-palantla-y-alcozacan-francisco-rodriguez","status":"publish","type":"post","link":"https:\/\/periodismodigital.mx\/?p=78848","title":{"rendered":"Se instal\u00f3 una mesa de trabajo para avanzar en acuerdos de paz entre San Jer\u00f3nimo Palantla y Alcozac\u00e1n: Francisco Rodr\u00edguez"},"content":{"rendered":"<div class=\"is-default-size wp-block-site-logo\"><a href=\"https:\/\/periodismodigital.mx\/\" class=\"custom-logo-link\" rel=\"home\"><img loading=\"lazy\" decoding=\"async\" width=\"3442\" height=\"1609\" src=\"https:\/\/periodismodigital.mx\/wp-content\/uploads\/2021\/12\/cropped-Logo-2.png\" class=\"custom-logo\" alt=\"El Implacable\" srcset=\"https:\/\/periodismodigital.mx\/wp-content\/uploads\/2021\/12\/cropped-Logo-2.png 3442w, https:\/\/periodismodigital.mx\/wp-content\/uploads\/2021\/12\/cropped-Logo-2-300x140.png 300w, https:\/\/periodismodigital.mx\/wp-content\/uploads\/2021\/12\/cropped-Logo-2-1024x479.png 1024w, https:\/\/periodismodigital.mx\/wp-content\/uploads\/2021\/12\/cropped-Logo-2-768x359.png 768w, https:\/\/periodismodigital.mx\/wp-content\/uploads\/2021\/12\/cropped-Logo-2-1536x718.png 1536w, https:\/\/periodismodigital.mx\/wp-content\/uploads\/2021\/12\/cropped-Logo-2-2048x957.png 2048w\" sizes=\"auto, (max-width: 3442px) 100vw, 3442px\" \/><\/a><\/div>\n\n\n<p>\u2022\u2060 \u2060Autoridades estatales, federales, municipales y de derechos humanos participaron en un encuentro orientado al di\u00e1logo, la reconciliaci\u00f3n y la construcci\u00f3n de paz social<\/p>\n\n\n\n<p>Chilpancingo, Gro., 29 de abril de 2026.- Como parte de la pol\u00edtica de di\u00e1logo, concertaci\u00f3n y atenci\u00f3n directa que impulsa la gobernadora Evelyn Salgado Pineda, representantes del gobierno del estado encabezaron una mesa de trabajo con autoridades locales de Alcozac\u00e1n, San Jer\u00f3nimo Palantla, Nuevo Amanecer y Xochitempa, para generar condiciones de entendimiento, fortalecer la comunicaci\u00f3n entre comunidades y avanzar en la construcci\u00f3n de acuerdos duraderos de paz.<\/p>\n\n\n\n<p>La reuni\u00f3n fue encabezada por el subsecretario de Desarrollo Pol\u00edtico y Social, Francisco Rodr\u00edguez Cisneros, quien destac\u00f3 la importancia de asumir este encuentro como una oportunidad hist\u00f3rica para privilegiar el di\u00e1logo y anteponer el bienestar de las familias, ni\u00f1as, ni\u00f1os, mujeres y personas adultas mayores.<\/p>\n\n\n\n<p>Rodr\u00edguez Cisneros subray\u00f3 que, bajo el liderazgo de la gobernadora Evelyn Salgado Pineda, el gobierno del estado mantiene una ruta de atenci\u00f3n institucional, cercana y respetuosa, orientada a acompa\u00f1ar a las comunidades no desde la confrontaci\u00f3n, sino desde la construcci\u00f3n de acuerdos, la coordinaci\u00f3n y la paz social.<\/p>\n\n\n\n<p>\u201cEsta reuni\u00f3n es muy importante porque nos permite dialogar en paz, con tranquilidad y con voluntad de encontrar soluciones. La invitaci\u00f3n es a cuidar lo m\u00e1s valioso que tenemos: la vida, la integridad y el patrimonio de las familias\u201d, expres\u00f3, el funcionario estatal.<\/p>\n\n\n\n<p>Durante el desarrollo de la mesa, las y los representantes de las comunidades manifestaron su disposici\u00f3n de mantener una relaci\u00f3n basada en el respeto, la convivencia y la comunicaci\u00f3n, reconociendo la importancia de avanzar por la v\u00eda del di\u00e1logo para atender sus planteamientos.<\/p>\n\n\n\n<p>En el encuentro participaron el secretario de Seguridad P\u00fablica, Daniel Antonio Ledesma Osuna; el subsecretario de Asuntos Agrarios, Gustavo Miranda Gonz\u00e1lez; el secretario t\u00e9cnico de la Mesa de Coordinaci\u00f3n para la Construcci\u00f3n de la Paz, H\u00e9ctor Ocampo Popoca; el jefe del Estado Mayor de la 35 Zona Militar, general brigadier de Estado Mayor Benedicto Santa Mar\u00eda Gonz\u00e1lez; as\u00ed como la presidenta de la Comisi\u00f3n de los Derechos Humanos del Estado de Guerrero, Cecilia Narciso Gayt\u00e1n.<\/p>\n\n\n\n<p>Durante su intervenci\u00f3n, la presidenta de la Comisi\u00f3n de Derechos Humanos, Cecilia Narciso Gayt\u00e1n, reconoci\u00f3 la relevancia de mantener abiertos los canales de comunicaci\u00f3n y convoc\u00f3 a las comunidades a avanzar hacia acuerdos que permitan fortalecer la cordialidad, la confianza y la pacificaci\u00f3n.<\/p>\n\n\n\n<p>Por su parte, el secretario t\u00e9cnico de la Mesa de Coordinaci\u00f3n para la Construcci\u00f3n de la Paz, H\u00e9ctor Ocampo Popoca, reconoci\u00f3 la disposici\u00f3n de las autoridades locales para sentarse a dialogar, al tiempo que reiter\u00f3 que los planteamientos y acuerdos derivados de esta mesa ser\u00e1n informados a las instancias correspondientes del Gobierno de M\u00e9xico, como parte de la coordinaci\u00f3n permanente en materia de paz y gobernabilidad.<\/p>\n\n\n\n<p>El secretario de Seguridad P\u00fablica, Daniel Antonio Ledesma Osuna, se\u00f1al\u00f3 que la paz en las comunidades se construye a partir del respeto, la comunicaci\u00f3n y la capacidad de escuchar todas las voces, por lo que llam\u00f3 a fortalecer la convivencia comunitaria y evitar que las diferencias deriven en nuevas confrontaciones.<\/p>\n\n\n\n<p>Tambi\u00e9n particip\u00f3 la presidenta municipal de Chilapa, Mercedes Carballo Chino, quien manifest\u00f3 la disposici\u00f3n del Ayuntamiento para mantener la atenci\u00f3n a las comunidades sin distinci\u00f3n, as\u00ed como acompa\u00f1ar los acuerdos que contribuyan a la estabilidad social del municipio.<\/p>\n\n\n\n<figure class=\"wp-block-image size-large\"><img loading=\"lazy\" decoding=\"async\" width=\"1024\" height=\"683\" src=\"https:\/\/periodismodigital.mx\/wp-content\/uploads\/2026\/04\/WhatsApp-Image-2026-04-28-at-15.26.06-1024x683.jpeg\" alt=\"\" class=\"wp-image-78850\" srcset=\"https:\/\/periodismodigital.mx\/wp-content\/uploads\/2026\/04\/WhatsApp-Image-2026-04-28-at-15.26.06-1024x683.jpeg 1024w, https:\/\/periodismodigital.mx\/wp-content\/uploads\/2026\/04\/WhatsApp-Image-2026-04-28-at-15.26.06-300x200.jpeg 300w, https:\/\/periodismodigital.mx\/wp-content\/uploads\/2026\/04\/WhatsApp-Image-2026-04-28-at-15.26.06-768x512.jpeg 768w, https:\/\/periodismodigital.mx\/wp-content\/uploads\/2026\/04\/WhatsApp-Image-2026-04-28-at-15.26.06-1536x1024.jpeg 1536w, https:\/\/periodismodigital.mx\/wp-content\/uploads\/2026\/04\/WhatsApp-Image-2026-04-28-at-15.26.06-2048x1365.jpeg 2048w\" sizes=\"auto, (max-width: 1024px) 100vw, 1024px\" \/><\/figure>\n\n\n<div class=\"is-default-size wp-block-site-logo\"><a href=\"https:\/\/periodismodigital.mx\/\" class=\"custom-logo-link\" rel=\"home\"><img loading=\"lazy\" decoding=\"async\" width=\"3442\" height=\"1609\" src=\"https:\/\/periodismodigital.mx\/wp-content\/uploads\/2021\/12\/cropped-Logo-2.png\" class=\"custom-logo\" alt=\"El Implacable\" srcset=\"https:\/\/periodismodigital.mx\/wp-content\/uploads\/2021\/12\/cropped-Logo-2.png 3442w, https:\/\/periodismodigital.mx\/wp-content\/uploads\/2021\/12\/cropped-Logo-2-300x140.png 300w, https:\/\/periodismodigital.mx\/wp-content\/uploads\/2021\/12\/cropped-Logo-2-1024x479.png 1024w, https:\/\/periodismodigital.mx\/wp-content\/uploads\/2021\/12\/cropped-Logo-2-768x359.png 768w, https:\/\/periodismodigital.mx\/wp-content\/uploads\/2021\/12\/cropped-Logo-2-1536x718.png 1536w, https:\/\/periodismodigital.mx\/wp-content\/uploads\/2021\/12\/cropped-Logo-2-2048x957.png 2048w\" sizes=\"auto, (max-width: 3442px) 100vw, 3442px\" \/><\/a><\/div>","protected":false},"excerpt":{"rendered":"<p>\u2022\u2060 \u2060Autoridades estatales, federales, municipales y de derechos humanos participaron en un encuentro orientado al di\u00e1logo, la reconciliaci\u00f3n<\/p>\n","protected":false},"author":2,"featured_media":78849,"comment_status":"open","ping_status":"closed","sticky":false,"template":"","format":"standard","meta":{"footnotes":""},"categories":[43],"tags":[36540,36539],"class_list":["post-78848","post","type-post","status-publish","format-standard","has-post-thumbnail","hentry","category-evivo","tag-para-avanzar-en-acuerdos-de-paz-entre-san-jeronimo-palantla-y-alcozacan","tag-se-instalo-una-mesa-de-trabajo"],"_links":{"self":[{"href":"https:\/\/periodismodigital.mx\/index.php?rest_route=\/wp\/v2\/posts\/78848","targetHints":{"allow":["GET"]}}],"collection":[{"href":"https:\/\/periodismodigital.mx\/index.php?rest_route=\/wp\/v2\/posts"}],"about":[{"href":"https:\/\/periodismodigital.mx\/index.php?rest_route=\/wp\/v2\/types\/post"}],"author":[{"embeddable":true,"href":"https:\/\/periodismodigital.mx\/index.php?rest_route=\/wp\/v2\/users\/2"}],"replies":[{"embeddable":true,"href":"https:\/\/periodismodigital.mx\/index.php?rest_route=%2Fwp%2Fv2%2Fcomments&post=78848"}],"version-history":[{"count":1,"href":"https:\/\/periodismodigital.mx\/index.php?rest_route=\/wp\/v2\/posts\/78848\/revisions"}],"predecessor-version":[{"id":78851,"href":"https:\/\/periodismodigital.mx\/index.php?rest_route=\/wp\/v2\/posts\/78848\/revisions\/78851"}],"wp:featuredmedia":[{"embeddable":true,"href":"https:\/\/periodismodigital.mx\/index.php?rest_route=\/wp\/v2\/media\/78849"}],"wp:attachment":[{"href":"https:\/\/periodismodigital.mx\/index.php?rest_route=%2Fwp%2Fv2%2Fmedia&parent=78848"}],"wp:term":[{"taxonomy":"category","embeddable":true,"href":"https:\/\/periodismodigital.mx\/index.php?rest_route=%2Fwp%2Fv2%2Fcategories&post=78848"},{"taxonomy":"post_tag","embeddable":true,"href":"https:\/\/periodismodigital.mx\/index.php?rest_route=%2Fwp%2Fv2%2Ftags&post=78848"}],"curies":[{"name":"wp","href":"https:\/\/api.w.org\/{rel}","templated":true}]}}