{"id":78855,"date":"2026-04-29T01:38:22","date_gmt":"2026-04-29T01:38:22","guid":{"rendered":"https:\/\/periodismodigital.mx\/?p=78855"},"modified":"2026-04-29T01:38:23","modified_gmt":"2026-04-29T01:38:23","slug":"privilegian-el-dialogo-con-transportistas-para-prevenir-afectaciones-en-carretera-federal-de-tierra-colorada","status":"publish","type":"post","link":"https:\/\/periodismodigital.mx\/?p=78855","title":{"rendered":"Privilegian el di\u00e1logo con transportistas para prevenir afectaciones en carretera federal de Tierra Colorada"},"content":{"rendered":"<div class=\"is-default-size wp-block-site-logo\"><a href=\"https:\/\/periodismodigital.mx\/\" class=\"custom-logo-link\" rel=\"home\"><img loading=\"lazy\" decoding=\"async\" width=\"3442\" height=\"1609\" src=\"https:\/\/periodismodigital.mx\/wp-content\/uploads\/2021\/12\/cropped-Logo-2.png\" class=\"custom-logo\" alt=\"El Implacable\" srcset=\"https:\/\/periodismodigital.mx\/wp-content\/uploads\/2021\/12\/cropped-Logo-2.png 3442w, https:\/\/periodismodigital.mx\/wp-content\/uploads\/2021\/12\/cropped-Logo-2-300x140.png 300w, https:\/\/periodismodigital.mx\/wp-content\/uploads\/2021\/12\/cropped-Logo-2-1024x479.png 1024w, https:\/\/periodismodigital.mx\/wp-content\/uploads\/2021\/12\/cropped-Logo-2-768x359.png 768w, https:\/\/periodismodigital.mx\/wp-content\/uploads\/2021\/12\/cropped-Logo-2-1536x718.png 1536w, https:\/\/periodismodigital.mx\/wp-content\/uploads\/2021\/12\/cropped-Logo-2-2048x957.png 2048w\" sizes=\"auto, (max-width: 3442px) 100vw, 3442px\" \/><\/a><\/div>\n\n\n<p>Chilpancingo, Gro., a 29 de abril de 2026.- Ante la difusi\u00f3n en redes sociales de una posible convocatoria para bloquear la carretera federal Acapulco\u2013Tierra Colorada, a la altura del entronque con la cabecera municipal de Juan R. Escudero, el Gobierno del Estado activ\u00f3 acciones de di\u00e1logo y coordinaci\u00f3n para prevenir afectaciones a la ciudadan\u00eda.<\/p>\n\n\n\n<p>El subsecretario de Desarrollo Pol\u00edtico y Social, Francisco Rodr\u00edguez Cisneros, inform\u00f3 que se estableci\u00f3 comunicaci\u00f3n directa con transportistas y autoridades locales, con el objetivo de atender sus planteamientos por la v\u00eda institucional y privilegiar acuerdos que eviten la interrupci\u00f3n de la circulaci\u00f3n.<\/p>\n\n\n\n<p>Detall\u00f3 que, a trav\u00e9s de la Direcci\u00f3n General de Gobernaci\u00f3n y la Coordinaci\u00f3n T\u00e9cnica de Transporte y Vialidad, se dio seguimiento a una reuni\u00f3n realizada en Tierra Colorada, donde transportistas y representantes locales presentaron a Nancy Chavela Arredondo, ex comisaria municipal de Xaltianguis, como su representante.<\/p>\n\n\n\n<p>Rodr\u00edguez Cisneros reiter\u00f3 la invitaci\u00f3n a mantener el di\u00e1logo, actuar con responsabilidad y dentro del marco legal, as\u00ed como a evitar acciones que perjudiquen a terceros. Subray\u00f3 que existe disposici\u00f3n del Gobierno estatal para sostener una ruta de atenci\u00f3n permanente, respetuosa y cercana.<\/p>\n\n\n\n<p>A\u00f1adi\u00f3 que tambi\u00e9n se establecer\u00e1 coordinaci\u00f3n con el presidente municipal de Juan R. Escudero y con autoridades del municipio de Acapulco, a fin de acompa\u00f1ar este proceso y dar seguimiento puntual a las demandas del sector transportista.<\/p>\n\n\n\n<p>El subsecretario record\u00f3 que las y los presidentes municipales son primeros respondientes en materia pol\u00edtica y social, por lo que su participaci\u00f3n es clave para atender de manera oportuna los asuntos que surgen en sus comunidades.<\/p>\n\n\n\n<p>Finalmente, destac\u00f3 que, en el caso de Juan R. Escudero, existe un compromiso ante la Secretar\u00eda de Gobernaci\u00f3n por parte del presidente municipal para brindar atenci\u00f3n y seguimiento a los comisarios del municipio, en concordancia con la pol\u00edtica de di\u00e1logo y gobernabilidad que impulsa la gobernadora Evelyn Salgado Pineda.<\/p>\n\n\n\n<figure class=\"wp-block-image size-large\"><img loading=\"lazy\" decoding=\"async\" width=\"1024\" height=\"768\" src=\"https:\/\/periodismodigital.mx\/wp-content\/uploads\/2026\/04\/WhatsApp-Image-2026-04-28-at-16.22.16-1024x768.jpeg\" alt=\"\" class=\"wp-image-78857\" srcset=\"https:\/\/periodismodigital.mx\/wp-content\/uploads\/2026\/04\/WhatsApp-Image-2026-04-28-at-16.22.16-1024x768.jpeg 1024w, https:\/\/periodismodigital.mx\/wp-content\/uploads\/2026\/04\/WhatsApp-Image-2026-04-28-at-16.22.16-300x225.jpeg 300w, https:\/\/periodismodigital.mx\/wp-content\/uploads\/2026\/04\/WhatsApp-Image-2026-04-28-at-16.22.16-768x576.jpeg 768w, https:\/\/periodismodigital.mx\/wp-content\/uploads\/2026\/04\/WhatsApp-Image-2026-04-28-at-16.22.16-1536x1152.jpeg 1536w, https:\/\/periodismodigital.mx\/wp-content\/uploads\/2026\/04\/WhatsApp-Image-2026-04-28-at-16.22.16.jpeg 1600w\" sizes=\"auto, (max-width: 1024px) 100vw, 1024px\" \/><\/figure>\n\n\n<div class=\"is-default-size wp-block-site-logo\"><a href=\"https:\/\/periodismodigital.mx\/\" class=\"custom-logo-link\" rel=\"home\"><img loading=\"lazy\" decoding=\"async\" width=\"3442\" height=\"1609\" src=\"https:\/\/periodismodigital.mx\/wp-content\/uploads\/2021\/12\/cropped-Logo-2.png\" class=\"custom-logo\" alt=\"El Implacable\" srcset=\"https:\/\/periodismodigital.mx\/wp-content\/uploads\/2021\/12\/cropped-Logo-2.png 3442w, https:\/\/periodismodigital.mx\/wp-content\/uploads\/2021\/12\/cropped-Logo-2-300x140.png 300w, https:\/\/periodismodigital.mx\/wp-content\/uploads\/2021\/12\/cropped-Logo-2-1024x479.png 1024w, https:\/\/periodismodigital.mx\/wp-content\/uploads\/2021\/12\/cropped-Logo-2-768x359.png 768w, https:\/\/periodismodigital.mx\/wp-content\/uploads\/2021\/12\/cropped-Logo-2-1536x718.png 1536w, https:\/\/periodismodigital.mx\/wp-content\/uploads\/2021\/12\/cropped-Logo-2-2048x957.png 2048w\" sizes=\"auto, (max-width: 3442px) 100vw, 3442px\" \/><\/a><\/div>","protected":false},"excerpt":{"rendered":"<p>Chilpancingo, Gro., a 29 de abril de 2026.- Ante la difusi\u00f3n en redes sociales de una posible convocatoria<\/p>\n","protected":false},"author":2,"featured_media":78856,"comment_status":"open","ping_status":"closed","sticky":false,"template":"","format":"standard","meta":{"footnotes":""},"categories":[43],"tags":[36544,36543],"class_list":["post-78855","post","type-post","status-publish","format-standard","has-post-thumbnail","hentry","category-evivo","tag-para-prevenir-afectaciones-en-carretera-federal","tag-privilegian-el-dialogo-con-transportistas"],"_links":{"self":[{"href":"https:\/\/periodismodigital.mx\/index.php?rest_route=\/wp\/v2\/posts\/78855","targetHints":{"allow":["GET"]}}],"collection":[{"href":"https:\/\/periodismodigital.mx\/index.php?rest_route=\/wp\/v2\/posts"}],"about":[{"href":"https:\/\/periodismodigital.mx\/index.php?rest_route=\/wp\/v2\/types\/post"}],"author":[{"embeddable":true,"href":"https:\/\/periodismodigital.mx\/index.php?rest_route=\/wp\/v2\/users\/2"}],"replies":[{"embeddable":true,"href":"https:\/\/periodismodigital.mx\/index.php?rest_route=%2Fwp%2Fv2%2Fcomments&post=78855"}],"version-history":[{"count":1,"href":"https:\/\/periodismodigital.mx\/index.php?rest_route=\/wp\/v2\/posts\/78855\/revisions"}],"predecessor-version":[{"id":78858,"href":"https:\/\/periodismodigital.mx\/index.php?rest_route=\/wp\/v2\/posts\/78855\/revisions\/78858"}],"wp:featuredmedia":[{"embeddable":true,"href":"https:\/\/periodismodigital.mx\/index.php?rest_route=\/wp\/v2\/media\/78856"}],"wp:attachment":[{"href":"https:\/\/periodismodigital.mx\/index.php?rest_route=%2Fwp%2Fv2%2Fmedia&parent=78855"}],"wp:term":[{"taxonomy":"category","embeddable":true,"href":"https:\/\/periodismodigital.mx\/index.php?rest_route=%2Fwp%2Fv2%2Fcategories&post=78855"},{"taxonomy":"post_tag","embeddable":true,"href":"https:\/\/periodismodigital.mx\/index.php?rest_route=%2Fwp%2Fv2%2Ftags&post=78855"}],"curies":[{"name":"wp","href":"https:\/\/api.w.org\/{rel}","templated":true}]}}