{"id":78859,"date":"2026-04-29T01:45:11","date_gmt":"2026-04-29T01:45:11","guid":{"rendered":"https:\/\/periodismodigital.mx\/?p=78859"},"modified":"2026-04-29T01:45:14","modified_gmt":"2026-04-29T01:45:14","slug":"evelyn-salgado-firma-diversos-convenios-y-alianzas-estrategicas-para-impulsar-el-desarrollo-turistico-de-guerrero","status":"publish","type":"post","link":"https:\/\/periodismodigital.mx\/?p=78859","title":{"rendered":"Evelyn Salgado firma diversos convenios y alianzas estrat\u00e9gicas para impulsar el desarrollo tur\u00edstico de Guerrero\u00a0"},"content":{"rendered":"<div class=\"is-default-size wp-block-site-logo\"><a href=\"https:\/\/periodismodigital.mx\/\" class=\"custom-logo-link\" rel=\"home\"><img loading=\"lazy\" decoding=\"async\" width=\"3442\" height=\"1609\" src=\"https:\/\/periodismodigital.mx\/wp-content\/uploads\/2021\/12\/cropped-Logo-2.png\" class=\"custom-logo\" alt=\"El Implacable\" srcset=\"https:\/\/periodismodigital.mx\/wp-content\/uploads\/2021\/12\/cropped-Logo-2.png 3442w, https:\/\/periodismodigital.mx\/wp-content\/uploads\/2021\/12\/cropped-Logo-2-300x140.png 300w, https:\/\/periodismodigital.mx\/wp-content\/uploads\/2021\/12\/cropped-Logo-2-1024x479.png 1024w, https:\/\/periodismodigital.mx\/wp-content\/uploads\/2021\/12\/cropped-Logo-2-768x359.png 768w, https:\/\/periodismodigital.mx\/wp-content\/uploads\/2021\/12\/cropped-Logo-2-1536x718.png 1536w, https:\/\/periodismodigital.mx\/wp-content\/uploads\/2021\/12\/cropped-Logo-2-2048x957.png 2048w\" sizes=\"auto, (max-width: 3442px) 100vw, 3442px\" \/><\/a><\/div>\n\n\n<p>Acapulco, Gro., 29 de abril de 2026.- En el marco de la 50 edici\u00f3n del Tianguis Tur\u00edstico M\u00e9xico 2026, la gobernadora Evelyn Salgado Pineda firm\u00f3 una serie de convenios para promover la conectividad de los diferentes destinos y se signaron alianzas estrat\u00e9gicas con organismos p\u00fablicos y privados, promoviendo con unidad y con visi\u00f3n de desarrollo la actividad econ\u00f3mica m\u00e1s importante del estado.\u00a0<\/p>\n\n\n\n<p>En un primer momento, la jefa del Ejecutivo estatal firm\u00f3 el convenio de colaboraci\u00f3n con la aerol\u00ednea Mexicana, en donde se anunci\u00f3 que a partir del mes de junio, se contar\u00e1 con el vuelo Aeropuerto Internacional Felipe \u00c1ngeles (AIFA)-Acapulco; en este contexto tambi\u00e9n se inform\u00f3 la ratificaci\u00f3n del vuelo AIFA-Zihuatanejo.&nbsp;<\/p>\n\n\n\n<p>Ante el director general de Mexicana de Aviaci\u00f3n, Leobardo \u00c1vila Boj\u00f3rquez, la gobernadora dijo que con este convenio se ampl\u00edan las opciones de llegada para los visitantes. &nbsp;&#8220;Vamos a seguir trabajando para que Guerrero siga brillando&#8221;, a\u00f1adi\u00f3.&nbsp;<\/p>\n\n\n\n<p>En su participaci\u00f3n, el secretario de Turismo del estado, Sim\u00f3n Qui\u00f1ones Orozco, dijo que con este convenio se refuerza de manera muy importante la conectividad con la Ciudad de M\u00e9xico.<\/p>\n\n\n\n<p>Firman convenio con el estado de Morelos<\/p>\n\n\n\n<p>M\u00e1s tarde, la gobernadora de Guerrero y su hom\u00f3loga de Morelos, Margarita Gonz\u00e1lez Saravia firmaron un convenio para impulsar los destinos tur\u00edsticos de ambas entidades.&nbsp;<\/p>\n\n\n\n<p>Con esta acci\u00f3n se da un paso importante en la consolidaci\u00f3n de alianzas a favor del turismo, mediante el intercambio de espacios de promoci\u00f3n, generaci\u00f3n de campa\u00f1as conjuntas, profesionalizaci\u00f3n del sector, la creaci\u00f3n de paquetes tur\u00edsticos integrados, entre otros.<\/p>\n\n\n\n<p>Al respecto, la jefa del Ejecutivo estatal agradeci\u00f3 esta decisi\u00f3n de fomentar las estrategias compartidas para fortalecer ambos destinos. &#8220;Morelos, al igual que Guerrero, tienen mucho que ofrecer a los visitantes tanto de M\u00e9xico como del mundo. Les invitamos a que conozcan esta regi\u00f3n tan maravillosa, ambos estados son muy bellos&#8221;, dijo.&nbsp;<\/p>\n\n\n\n<p>En tanto, la gobernadora de Morelos destac\u00f3 la importancia de esta vinculaci\u00f3n para consolidar los diversos destinos.<\/p>\n\n\n\n<p>Anuncian la creaci\u00f3n del Cap\u00edtulo Guerrero del CNET<\/p>\n\n\n\n<p>En esta din\u00e1mica, la gobernadora y alcaldes de diversos municipios de la entidad, anunciaron la creaci\u00f3n del Cap\u00edtulo Guerrero del Consejo Nacional Empresarial Tur\u00edstico (CNET), con el que se busca avanzar con mayor capacidad, coordinaci\u00f3n, capacidad de respuesta y con una visi\u00f3n de largo plazo.&nbsp;<\/p>\n\n\n\n<p>&#8220;Este nuevo cap\u00edtulo, nos va a permitir contar con un espacio de coordinaci\u00f3n y di\u00e1logo, entre el gobierno y la iniciativa privada, para poder impulsar la competitividad en nuestros destinos&#8221;, explic\u00f3.&nbsp;<\/p>\n\n\n\n<p>El presidente del CNET, Antonio Cos\u00edo Pando, dijo que la integraci\u00f3n de este cap\u00edtulo tiene el objetivo claro de construir un turismo m\u00e1s fuerte, m\u00e1s unido y comprometido con el pa\u00eds. &#8220;Hoy damos un paso profundamente significativo con la firma del cap\u00edtulo Guerrero en el CNET, porque hablar de Guerrero no es s\u00f3lo hablar de un destino, es hablar de historia y de identidad&#8221;, dijo.&nbsp;<\/p>\n\n\n\n<p>Entregan certificados de registro de la marca Acapulco por parte del IMPI<\/p>\n\n\n\n<p>Para concluir esta serie de actividades, la gobernadora recibi\u00f3 por parte del Instituto Mexicano de la Propiedad Industrial (IMPI), los certificados de registro de la marca Acapulco. A trav\u00e9s de este mecanismo se otorgaron ocho variantes de la marca, con lo que se brinda certeza jur\u00eddica y se fortalece todo lo relacionado con este concepto.<\/p>\n\n\n\n<p>&#8220;Estamos muy contentos por este apoyo que se est\u00e1 dando a nuestro maravilloso estado de Guerrero, especialmente a Acapulco. Poder recibir estos ocho registros ya certificados, que van a proteger jur\u00eddicamente la marca Acapulco y van a fortalecer tambi\u00e9n su aplicaci\u00f3n en las estrategias de promoci\u00f3n tur\u00edstica&#8221;, expres\u00f3 en su mensaje la mandataria.<\/p>\n\n\n\n<p>Agradeci\u00f3 al director del IMPI, Santiago Nieto Castillo, por todo su apoyo a Guerrero.<\/p>\n\n\n\n<p>Acompa\u00f1aron a la gobernadora en esta serie de eventos, el subdirector general de Desarrollo Institucional de Mexicana de Aviaci\u00f3n, Genaro Garc\u00eda Sol\u00eds; el secretario de Turismo de Acapulco, No\u00e9 Peralta; las diputadas locales, &nbsp;Mar\u00eda Irene Montiel Serv\u00edn, Violeta Mart\u00ednez Pacheco, Glafira Meraza Prudente, Mar\u00eda del Pilar Vadillo y Leticia Rodr\u00edguez Armenta; el secretario de Turismo de Morelos, Daniel Altafi Valladares; entre otros.<\/p>\n\n\n\n<p>Los alcaldes de Zihuatanejo, Lizette Tapia Castro; de Acapulco, Abelina L\u00f3pez Rodr\u00edguez; de Taxco, Juan Andr\u00e9s Vega; de Copala, Mar\u00eda del Rosario Z\u00fa\u00f1iga de la Rosa, s\u00f3lo por mencionar algunos.<\/p>\n\n\n\n<figure class=\"wp-block-image size-large\"><img loading=\"lazy\" decoding=\"async\" width=\"1024\" height=\"684\" src=\"https:\/\/periodismodigital.mx\/wp-content\/uploads\/2026\/04\/WhatsApp-Image-2026-04-28-at-17.31.52-1024x684.jpeg\" alt=\"\" class=\"wp-image-78861\" srcset=\"https:\/\/periodismodigital.mx\/wp-content\/uploads\/2026\/04\/WhatsApp-Image-2026-04-28-at-17.31.52-1024x684.jpeg 1024w, https:\/\/periodismodigital.mx\/wp-content\/uploads\/2026\/04\/WhatsApp-Image-2026-04-28-at-17.31.52-300x200.jpeg 300w, https:\/\/periodismodigital.mx\/wp-content\/uploads\/2026\/04\/WhatsApp-Image-2026-04-28-at-17.31.52-768x513.jpeg 768w, https:\/\/periodismodigital.mx\/wp-content\/uploads\/2026\/04\/WhatsApp-Image-2026-04-28-at-17.31.52-1536x1025.jpeg 1536w, https:\/\/periodismodigital.mx\/wp-content\/uploads\/2026\/04\/WhatsApp-Image-2026-04-28-at-17.31.52.jpeg 1600w\" sizes=\"auto, (max-width: 1024px) 100vw, 1024px\" \/><\/figure>\n\n\n<div class=\"is-default-size wp-block-site-logo\"><a href=\"https:\/\/periodismodigital.mx\/\" class=\"custom-logo-link\" rel=\"home\"><img loading=\"lazy\" decoding=\"async\" width=\"3442\" height=\"1609\" src=\"https:\/\/periodismodigital.mx\/wp-content\/uploads\/2021\/12\/cropped-Logo-2.png\" class=\"custom-logo\" alt=\"El Implacable\" srcset=\"https:\/\/periodismodigital.mx\/wp-content\/uploads\/2021\/12\/cropped-Logo-2.png 3442w, https:\/\/periodismodigital.mx\/wp-content\/uploads\/2021\/12\/cropped-Logo-2-300x140.png 300w, https:\/\/periodismodigital.mx\/wp-content\/uploads\/2021\/12\/cropped-Logo-2-1024x479.png 1024w, https:\/\/periodismodigital.mx\/wp-content\/uploads\/2021\/12\/cropped-Logo-2-768x359.png 768w, https:\/\/periodismodigital.mx\/wp-content\/uploads\/2021\/12\/cropped-Logo-2-1536x718.png 1536w, https:\/\/periodismodigital.mx\/wp-content\/uploads\/2021\/12\/cropped-Logo-2-2048x957.png 2048w\" sizes=\"auto, (max-width: 3442px) 100vw, 3442px\" \/><\/a><\/div>","protected":false},"excerpt":{"rendered":"<p>En un primer momento, la jefa del Ejecutivo estatal firm\u00f3 el convenio de colaboraci\u00f3n con la aerol\u00ednea Mexicana, en donde se anunci\u00f3 que a partir del mes de junio, se contar\u00e1 con el vuelo Aeropuerto Internacional Felipe \u00c1ngeles (AIFA)-Acapulco; en este contexto tambi\u00e9n se inform\u00f3 la ratificaci\u00f3n del vuelo AIFA-Zihuatanejo.\u00a0<\/p>\n","protected":false},"author":2,"featured_media":78860,"comment_status":"open","ping_status":"closed","sticky":false,"template":"","format":"standard","meta":{"footnotes":""},"categories":[43],"tags":[36545,36546],"class_list":["post-78859","post","type-post","status-publish","format-standard","has-post-thumbnail","hentry","category-evivo","tag-evelyn-salgado-firma-diversos-convenios","tag-y-alianzas-estrategicas"],"_links":{"self":[{"href":"https:\/\/periodismodigital.mx\/index.php?rest_route=\/wp\/v2\/posts\/78859","targetHints":{"allow":["GET"]}}],"collection":[{"href":"https:\/\/periodismodigital.mx\/index.php?rest_route=\/wp\/v2\/posts"}],"about":[{"href":"https:\/\/periodismodigital.mx\/index.php?rest_route=\/wp\/v2\/types\/post"}],"author":[{"embeddable":true,"href":"https:\/\/periodismodigital.mx\/index.php?rest_route=\/wp\/v2\/users\/2"}],"replies":[{"embeddable":true,"href":"https:\/\/periodismodigital.mx\/index.php?rest_route=%2Fwp%2Fv2%2Fcomments&post=78859"}],"version-history":[{"count":1,"href":"https:\/\/periodismodigital.mx\/index.php?rest_route=\/wp\/v2\/posts\/78859\/revisions"}],"predecessor-version":[{"id":78862,"href":"https:\/\/periodismodigital.mx\/index.php?rest_route=\/wp\/v2\/posts\/78859\/revisions\/78862"}],"wp:featuredmedia":[{"embeddable":true,"href":"https:\/\/periodismodigital.mx\/index.php?rest_route=\/wp\/v2\/media\/78860"}],"wp:attachment":[{"href":"https:\/\/periodismodigital.mx\/index.php?rest_route=%2Fwp%2Fv2%2Fmedia&parent=78859"}],"wp:term":[{"taxonomy":"category","embeddable":true,"href":"https:\/\/periodismodigital.mx\/index.php?rest_route=%2Fwp%2Fv2%2Fcategories&post=78859"},{"taxonomy":"post_tag","embeddable":true,"href":"https:\/\/periodismodigital.mx\/index.php?rest_route=%2Fwp%2Fv2%2Ftags&post=78859"}],"curies":[{"name":"wp","href":"https:\/\/api.w.org\/{rel}","templated":true}]}}