{"id":79003,"date":"2026-04-30T22:30:32","date_gmt":"2026-04-30T22:30:32","guid":{"rendered":"https:\/\/periodismodigital.mx\/?p=79003"},"modified":"2026-04-30T22:30:35","modified_gmt":"2026-04-30T22:30:35","slug":"con-exito-y-gran-asistencia-concluyo-el-5o-festival-regional-cultural-de-la-nina-y-el-nino-calentano","status":"publish","type":"post","link":"https:\/\/periodismodigital.mx\/?p=79003","title":{"rendered":"Con \u00e9xito y gran asistencia concluy\u00f3 el 5\u00ba Festival Regional Cultural de la Ni\u00f1a y el Ni\u00f1o Calentano\u00a0"},"content":{"rendered":"<div class=\"is-default-size wp-block-site-logo\"><a href=\"https:\/\/periodismodigital.mx\/\" class=\"custom-logo-link\" rel=\"home\"><img loading=\"lazy\" decoding=\"async\" width=\"3442\" height=\"1609\" src=\"https:\/\/periodismodigital.mx\/wp-content\/uploads\/2021\/12\/cropped-Logo-2.png\" class=\"custom-logo\" alt=\"El Implacable\" srcset=\"https:\/\/periodismodigital.mx\/wp-content\/uploads\/2021\/12\/cropped-Logo-2.png 3442w, https:\/\/periodismodigital.mx\/wp-content\/uploads\/2021\/12\/cropped-Logo-2-300x140.png 300w, https:\/\/periodismodigital.mx\/wp-content\/uploads\/2021\/12\/cropped-Logo-2-1024x479.png 1024w, https:\/\/periodismodigital.mx\/wp-content\/uploads\/2021\/12\/cropped-Logo-2-768x359.png 768w, https:\/\/periodismodigital.mx\/wp-content\/uploads\/2021\/12\/cropped-Logo-2-1536x718.png 1536w, https:\/\/periodismodigital.mx\/wp-content\/uploads\/2021\/12\/cropped-Logo-2-2048x957.png 2048w\" sizes=\"auto, (max-width: 3442px) 100vw, 3442px\" \/><\/a><\/div>\n\n\n<p>Tlapehuala, Gro.,  01 de mayo del a\u00f1o 2026.-Ni\u00f1as y ni\u00f1os disfrutaron durante tres d\u00edas de actividades culturales y art\u00edsticas en el Quinto Festival Regional Cultural de la Ni\u00f1a y el Ni\u00f1o Calentano \u201cEntre sombreros y huaraches\u201d, impulsado por la gobernadora, Evelyn Salgado Pineda, a trav\u00e9s de la Secretar\u00eda de Cultura, en el municipio de Tlapehuala.\u00a0<\/p>\n\n\n\n<p>En el \u00faltimo d\u00eda de actividades, en Tlapehuala disfrutaron de diversas actividades como talleres de pintura creativa, bordado im\u00e1genes del espacio, elaboraci\u00f3n de diademas, instrumentos musicales, din\u00e1micas l\u00fadicas, pintacaritas y regalos, convirtiendo cada jornada en una experiencia de aprendizaje, creatividad y convivencia.&nbsp;<\/p>\n\n\n\n<p>El festival, tambi\u00e9n ofreci\u00f3 un programa art\u00edstico que incluy\u00f3 la participaci\u00f3n del cuentacuentos \u201cT\u00edo Chalo\u201d, quien despert\u00f3 la imaginaci\u00f3n infantil con relatos llenos de magia y humor; el espect\u00e1culo de \u201cRayco Diversiones\u201d y el cierre musical a cargo de \u201cLos Tripulantes del Ovni\u201d, agrupaci\u00f3n del programa federal Alas y Ra\u00edces, que contagi\u00f3 de entusiasmo al p\u00fablico infantil lleno de ritmo, energ\u00eda y diversi\u00f3n.<\/p>\n\n\n\n<p>La titular de Cultura, A\u00edda Melina Mart\u00ednez Rebolledo, reafirm\u00f3 el compromiso del gobierno del estado de acercar expresiones art\u00edsticas y culturales a las nuevas generaciones, fortaleciendo la convivencia, el aprendizaje colectivo y el tejido social; asimismo agradeci\u00f3 la participaci\u00f3n del ayuntamiento municipal de Tlapehuala que preside Jos\u00e9 Luis Ant\u00fanez Goicochea.<\/p>\n\n\n\n<p>Las actividades se realizaron en Zir\u00e1ndaro; Corral Falso, municipio de Ajuchitl\u00e1n; Villa Madero, municipio de Tlalchapa; Pungarabato y Tlapehuala, de la regi\u00f3n de la Tierra Caliente.<\/p>\n\n\n\n<p>Asistieron, la delegada general de gobierno en Tierra Caliente, Mar\u00eda Asunci\u00f3n Santamar\u00eda Jim\u00e9nez; la delegada regional de la Secretar\u00eda de la Mujer, Eneyda Lara Alvarado; el delegado de Arte y Cultura, Felipe Sixtos Guillermo; la presidenta del DIF municipal, Sarah\u00ed Salvador Flores, as\u00ed como autoridades locales y familias.<\/p>\n\n\n\n<figure class=\"wp-block-image size-large\"><img loading=\"lazy\" decoding=\"async\" width=\"1024\" height=\"682\" src=\"https:\/\/periodismodigital.mx\/wp-content\/uploads\/2026\/04\/WhatsApp-Image-2026-04-30-at-10.40.47-1024x682.jpeg\" alt=\"\" class=\"wp-image-79005\" srcset=\"https:\/\/periodismodigital.mx\/wp-content\/uploads\/2026\/04\/WhatsApp-Image-2026-04-30-at-10.40.47-1024x682.jpeg 1024w, https:\/\/periodismodigital.mx\/wp-content\/uploads\/2026\/04\/WhatsApp-Image-2026-04-30-at-10.40.47-300x200.jpeg 300w, https:\/\/periodismodigital.mx\/wp-content\/uploads\/2026\/04\/WhatsApp-Image-2026-04-30-at-10.40.47-768x512.jpeg 768w, https:\/\/periodismodigital.mx\/wp-content\/uploads\/2026\/04\/WhatsApp-Image-2026-04-30-at-10.40.47-1536x1023.jpeg 1536w, https:\/\/periodismodigital.mx\/wp-content\/uploads\/2026\/04\/WhatsApp-Image-2026-04-30-at-10.40.47.jpeg 1600w\" sizes=\"auto, (max-width: 1024px) 100vw, 1024px\" \/><\/figure>\n\n\n<div class=\"is-default-size wp-block-site-logo\"><a href=\"https:\/\/periodismodigital.mx\/\" class=\"custom-logo-link\" rel=\"home\"><img loading=\"lazy\" decoding=\"async\" width=\"3442\" height=\"1609\" src=\"https:\/\/periodismodigital.mx\/wp-content\/uploads\/2021\/12\/cropped-Logo-2.png\" class=\"custom-logo\" alt=\"El Implacable\" srcset=\"https:\/\/periodismodigital.mx\/wp-content\/uploads\/2021\/12\/cropped-Logo-2.png 3442w, https:\/\/periodismodigital.mx\/wp-content\/uploads\/2021\/12\/cropped-Logo-2-300x140.png 300w, https:\/\/periodismodigital.mx\/wp-content\/uploads\/2021\/12\/cropped-Logo-2-1024x479.png 1024w, https:\/\/periodismodigital.mx\/wp-content\/uploads\/2021\/12\/cropped-Logo-2-768x359.png 768w, https:\/\/periodismodigital.mx\/wp-content\/uploads\/2021\/12\/cropped-Logo-2-1536x718.png 1536w, https:\/\/periodismodigital.mx\/wp-content\/uploads\/2021\/12\/cropped-Logo-2-2048x957.png 2048w\" sizes=\"auto, (max-width: 3442px) 100vw, 3442px\" \/><\/a><\/div>","protected":false},"excerpt":{"rendered":"<p>Tlapehuala, Gro., 01 de mayo del a\u00f1o 2026.-Ni\u00f1as y ni\u00f1os disfrutaron durante tres d\u00edas de actividades culturales y<\/p>\n","protected":false},"author":2,"featured_media":79004,"comment_status":"open","ping_status":"closed","sticky":false,"template":"","format":"standard","meta":{"footnotes":""},"categories":[2],"tags":[36602,36603],"class_list":["post-79003","post","type-post","status-publish","format-standard","has-post-thumbnail","hentry","category-noticias","tag-con-exito-y-gran-asistencia","tag-concluyo-el-5o-festival-regional-cultural-de-la-nina-y-el-nino-calentano"],"_links":{"self":[{"href":"https:\/\/periodismodigital.mx\/index.php?rest_route=\/wp\/v2\/posts\/79003","targetHints":{"allow":["GET"]}}],"collection":[{"href":"https:\/\/periodismodigital.mx\/index.php?rest_route=\/wp\/v2\/posts"}],"about":[{"href":"https:\/\/periodismodigital.mx\/index.php?rest_route=\/wp\/v2\/types\/post"}],"author":[{"embeddable":true,"href":"https:\/\/periodismodigital.mx\/index.php?rest_route=\/wp\/v2\/users\/2"}],"replies":[{"embeddable":true,"href":"https:\/\/periodismodigital.mx\/index.php?rest_route=%2Fwp%2Fv2%2Fcomments&post=79003"}],"version-history":[{"count":1,"href":"https:\/\/periodismodigital.mx\/index.php?rest_route=\/wp\/v2\/posts\/79003\/revisions"}],"predecessor-version":[{"id":79006,"href":"https:\/\/periodismodigital.mx\/index.php?rest_route=\/wp\/v2\/posts\/79003\/revisions\/79006"}],"wp:featuredmedia":[{"embeddable":true,"href":"https:\/\/periodismodigital.mx\/index.php?rest_route=\/wp\/v2\/media\/79004"}],"wp:attachment":[{"href":"https:\/\/periodismodigital.mx\/index.php?rest_route=%2Fwp%2Fv2%2Fmedia&parent=79003"}],"wp:term":[{"taxonomy":"category","embeddable":true,"href":"https:\/\/periodismodigital.mx\/index.php?rest_route=%2Fwp%2Fv2%2Fcategories&post=79003"},{"taxonomy":"post_tag","embeddable":true,"href":"https:\/\/periodismodigital.mx\/index.php?rest_route=%2Fwp%2Fv2%2Ftags&post=79003"}],"curies":[{"name":"wp","href":"https:\/\/api.w.org\/{rel}","templated":true}]}}