{"id":79007,"date":"2026-04-30T22:36:18","date_gmt":"2026-04-30T22:36:18","guid":{"rendered":"https:\/\/periodismodigital.mx\/?p=79007"},"modified":"2026-04-30T22:36:20","modified_gmt":"2026-04-30T22:36:20","slug":"implementan-acciones-preventivas-coordinadas-para-fortalecer-la-seguridad-en-acapulco-francisco-rodriguez","status":"publish","type":"post","link":"https:\/\/periodismodigital.mx\/?p=79007","title":{"rendered":"Implementan acciones preventivas coordinadas para fortalecer la seguridad en Acapulco: Francisco Rodr\u00edguez"},"content":{"rendered":"<div class=\"is-default-size wp-block-site-logo\"><a href=\"https:\/\/periodismodigital.mx\/\" class=\"custom-logo-link\" rel=\"home\"><img loading=\"lazy\" decoding=\"async\" width=\"3442\" height=\"1609\" src=\"https:\/\/periodismodigital.mx\/wp-content\/uploads\/2021\/12\/cropped-Logo-2.png\" class=\"custom-logo\" alt=\"El Implacable\" srcset=\"https:\/\/periodismodigital.mx\/wp-content\/uploads\/2021\/12\/cropped-Logo-2.png 3442w, https:\/\/periodismodigital.mx\/wp-content\/uploads\/2021\/12\/cropped-Logo-2-300x140.png 300w, https:\/\/periodismodigital.mx\/wp-content\/uploads\/2021\/12\/cropped-Logo-2-1024x479.png 1024w, https:\/\/periodismodigital.mx\/wp-content\/uploads\/2021\/12\/cropped-Logo-2-768x359.png 768w, https:\/\/periodismodigital.mx\/wp-content\/uploads\/2021\/12\/cropped-Logo-2-1536x718.png 1536w, https:\/\/periodismodigital.mx\/wp-content\/uploads\/2021\/12\/cropped-Logo-2-2048x957.png 2048w\" sizes=\"auto, (max-width: 3442px) 100vw, 3442px\" \/><\/a><\/div>\n\n\n<p>Acapulco, Gro.,  01 de mayo del a\u00f1o 2026.-Con el prop\u00f3sito de fortalecer la prevenci\u00f3n y brindar mayor seguridad a la poblaci\u00f3n, el subsecretario de Desarrollo Pol\u00edtico y Social, Francisco Rodr\u00edguez Cisneros, inform\u00f3 que se estar\u00e1n instalando puestos de control en distintos puntos estrat\u00e9gicos del municipio de Acapulco.<\/p>\n\n\n\n<p>El funcionario estatal explic\u00f3 que estas acciones forman parte de una estrategia integral impulsada por los tres \u00f3rdenes de gobierno, enfocada en preservar el orden, prevenir incidentes y atender de manera oportuna cualquier situaci\u00f3n que pudiera afectar a la sociedad acapulque\u00f1a.<\/p>\n\n\n\n<p>Rodr\u00edguez Cisneros detall\u00f3 que los puestos de control permitir\u00e1n reforzar la vigilancia y mejorar la capacidad de respuesta de las autoridades, por lo que pidi\u00f3 a la ciudadan\u00eda a que colabore y contribuya a que estos operativos se desarrollen de manera \u00e1gil y ordenada.<\/p>\n\n\n\n<p>Asimismo, subray\u00f3 la importancia de que todas y todos se conduzcan dentro del marco legal, evitando conductas que puedan poner en riesgo la seguridad colectiva, y reiter\u00f3 que la participaci\u00f3n ciudadana es un elemento importante para consolidar entornos m\u00e1s seguros.<\/p>\n\n\n\n<p>Finalmente, el subsecretario destac\u00f3 que estas acciones se realizan en coordinaci\u00f3n permanente con autoridades federales y municipales, como parte de un esfuerzo conjunto que busca generar condiciones de paz, estabilidad y bienestar para las familias de Acapulco.<\/p>\n\n\n<div class=\"is-default-size wp-block-site-logo\"><a href=\"https:\/\/periodismodigital.mx\/\" class=\"custom-logo-link\" rel=\"home\"><img loading=\"lazy\" decoding=\"async\" width=\"3442\" height=\"1609\" src=\"https:\/\/periodismodigital.mx\/wp-content\/uploads\/2021\/12\/cropped-Logo-2.png\" class=\"custom-logo\" alt=\"El Implacable\" srcset=\"https:\/\/periodismodigital.mx\/wp-content\/uploads\/2021\/12\/cropped-Logo-2.png 3442w, https:\/\/periodismodigital.mx\/wp-content\/uploads\/2021\/12\/cropped-Logo-2-300x140.png 300w, https:\/\/periodismodigital.mx\/wp-content\/uploads\/2021\/12\/cropped-Logo-2-1024x479.png 1024w, https:\/\/periodismodigital.mx\/wp-content\/uploads\/2021\/12\/cropped-Logo-2-768x359.png 768w, https:\/\/periodismodigital.mx\/wp-content\/uploads\/2021\/12\/cropped-Logo-2-1536x718.png 1536w, https:\/\/periodismodigital.mx\/wp-content\/uploads\/2021\/12\/cropped-Logo-2-2048x957.png 2048w\" sizes=\"auto, (max-width: 3442px) 100vw, 3442px\" \/><\/a><\/div>","protected":false},"excerpt":{"rendered":"<p>Acapulco, Gro., 01 de mayo del a\u00f1o 2026.-Con el prop\u00f3sito de fortalecer la prevenci\u00f3n y brindar mayor seguridad<\/p>\n","protected":false},"author":2,"featured_media":79008,"comment_status":"open","ping_status":"closed","sticky":false,"template":"","format":"standard","meta":{"footnotes":""},"categories":[2],"tags":[36604,36605],"class_list":["post-79007","post","type-post","status-publish","format-standard","has-post-thumbnail","hentry","category-noticias","tag-implementan-acciones-preventivas","tag-para-fortalecer-la-seguridad"],"_links":{"self":[{"href":"https:\/\/periodismodigital.mx\/index.php?rest_route=\/wp\/v2\/posts\/79007","targetHints":{"allow":["GET"]}}],"collection":[{"href":"https:\/\/periodismodigital.mx\/index.php?rest_route=\/wp\/v2\/posts"}],"about":[{"href":"https:\/\/periodismodigital.mx\/index.php?rest_route=\/wp\/v2\/types\/post"}],"author":[{"embeddable":true,"href":"https:\/\/periodismodigital.mx\/index.php?rest_route=\/wp\/v2\/users\/2"}],"replies":[{"embeddable":true,"href":"https:\/\/periodismodigital.mx\/index.php?rest_route=%2Fwp%2Fv2%2Fcomments&post=79007"}],"version-history":[{"count":1,"href":"https:\/\/periodismodigital.mx\/index.php?rest_route=\/wp\/v2\/posts\/79007\/revisions"}],"predecessor-version":[{"id":79009,"href":"https:\/\/periodismodigital.mx\/index.php?rest_route=\/wp\/v2\/posts\/79007\/revisions\/79009"}],"wp:featuredmedia":[{"embeddable":true,"href":"https:\/\/periodismodigital.mx\/index.php?rest_route=\/wp\/v2\/media\/79008"}],"wp:attachment":[{"href":"https:\/\/periodismodigital.mx\/index.php?rest_route=%2Fwp%2Fv2%2Fmedia&parent=79007"}],"wp:term":[{"taxonomy":"category","embeddable":true,"href":"https:\/\/periodismodigital.mx\/index.php?rest_route=%2Fwp%2Fv2%2Fcategories&post=79007"},{"taxonomy":"post_tag","embeddable":true,"href":"https:\/\/periodismodigital.mx\/index.php?rest_route=%2Fwp%2Fv2%2Ftags&post=79007"}],"curies":[{"name":"wp","href":"https:\/\/api.w.org\/{rel}","templated":true}]}}