{"id":79072,"date":"2026-05-01T03:29:48","date_gmt":"2026-05-01T03:29:48","guid":{"rendered":"https:\/\/periodismodigital.mx\/?p=79072"},"modified":"2026-05-01T03:29:49","modified_gmt":"2026-05-01T03:29:49","slug":"evelyn-salgado-celebra-a-la-ninez-en-chilpancingo","status":"publish","type":"post","link":"https:\/\/periodismodigital.mx\/?p=79072","title":{"rendered":"Evelyn Salgado celebra a la ni\u00f1ez en Chilpancingo\u00a0"},"content":{"rendered":"<div class=\"is-default-size wp-block-site-logo\"><a href=\"https:\/\/periodismodigital.mx\/\" class=\"custom-logo-link\" rel=\"home\"><img loading=\"lazy\" decoding=\"async\" width=\"3442\" height=\"1609\" src=\"https:\/\/periodismodigital.mx\/wp-content\/uploads\/2021\/12\/cropped-Logo-2.png\" class=\"custom-logo\" alt=\"El Implacable\" srcset=\"https:\/\/periodismodigital.mx\/wp-content\/uploads\/2021\/12\/cropped-Logo-2.png 3442w, https:\/\/periodismodigital.mx\/wp-content\/uploads\/2021\/12\/cropped-Logo-2-300x140.png 300w, https:\/\/periodismodigital.mx\/wp-content\/uploads\/2021\/12\/cropped-Logo-2-1024x479.png 1024w, https:\/\/periodismodigital.mx\/wp-content\/uploads\/2021\/12\/cropped-Logo-2-768x359.png 768w, https:\/\/periodismodigital.mx\/wp-content\/uploads\/2021\/12\/cropped-Logo-2-1536x718.png 1536w, https:\/\/periodismodigital.mx\/wp-content\/uploads\/2021\/12\/cropped-Logo-2-2048x957.png 2048w\" sizes=\"auto, (max-width: 3442px) 100vw, 3442px\" \/><\/a><\/div>\n\n\n<p>*Miles de familias disfrutaron del evento en las canchas de la colonia Galeana&nbsp;<\/p>\n\n\n\n<p>Chilpancingo, Gro., 01 de mayo  de 2026.\u2013 Entre regalos, juegos y mucha alegr\u00eda, la gobernadora Evelyn Salgado Pineda encabez\u00f3 el tradicional festejo del D\u00eda de la Ni\u00f1a y el Ni\u00f1o en las canchas de la colonia Galeana, donde cientos de familias se dieron cita para consentir a los m\u00e1s peque\u00f1os del hogar.\u00a0<\/p>\n\n\n\n<p>Con inflables, comida, rifas, regalos, aguinaldos y el espect\u00e1culo de las Guerreras K-POP, ni\u00f1as y ni\u00f1os de distintas colonias disfrutaron una tarde, a partir de las 2 de la tarde, en un ambiente totalmente familiar que reafirma el compromiso de mantener vivas las tradiciones y festejos hacia la ni\u00f1ez guerrerense.&nbsp;<\/p>\n\n\n\n<p>Este festejo, que a\u00f1o con a\u00f1o re\u00fane a miles, no solo celebra a las ni\u00f1as y ni\u00f1os, sino que tambi\u00e9n fortalece el tejido social, afirm\u00f3 la mandataria estatal.&nbsp;<\/p>\n\n\n\n<p>Durante el evento, el gobernador infantil Alexander Cortez Navarrete, junto con la gobernadora Evelyn Salgado, llamaron a las ni\u00f1as y ni\u00f1os a disfrutar plenamente esta etapa \u00fanica de la vida y a luchar por sus sue\u00f1os.&nbsp;<\/p>\n\n\n\n<p>Acompa\u00f1ada por el diputado Jes\u00fas Uri\u00f3stegui Garc\u00eda, la presidenta del DIF Guerrero Liz Salgado Pineda y el senador F\u00e9lix Salgado Macedonio, la mandataria estatal parti\u00f3 el tradicional pastel conmemorativo, al tiempo de refrendar su compromiso de seguir impulsando pol\u00edticas p\u00fablicas donde la ni\u00f1ez est\u00e9 al centro de su gobierno como tema prioritario.<\/p>\n\n\n\n<figure class=\"wp-block-image size-large\"><img loading=\"lazy\" decoding=\"async\" width=\"1024\" height=\"682\" src=\"https:\/\/periodismodigital.mx\/wp-content\/uploads\/2026\/05\/WhatsApp-Image-2026-04-30-at-21.06.06-1024x682.jpeg\" alt=\"\" class=\"wp-image-79074\" srcset=\"https:\/\/periodismodigital.mx\/wp-content\/uploads\/2026\/05\/WhatsApp-Image-2026-04-30-at-21.06.06-1024x682.jpeg 1024w, https:\/\/periodismodigital.mx\/wp-content\/uploads\/2026\/05\/WhatsApp-Image-2026-04-30-at-21.06.06-300x200.jpeg 300w, https:\/\/periodismodigital.mx\/wp-content\/uploads\/2026\/05\/WhatsApp-Image-2026-04-30-at-21.06.06-768x512.jpeg 768w, https:\/\/periodismodigital.mx\/wp-content\/uploads\/2026\/05\/WhatsApp-Image-2026-04-30-at-21.06.06.jpeg 1280w\" sizes=\"auto, (max-width: 1024px) 100vw, 1024px\" \/><\/figure>\n\n\n<div class=\"is-default-size wp-block-site-logo\"><a href=\"https:\/\/periodismodigital.mx\/\" class=\"custom-logo-link\" rel=\"home\"><img loading=\"lazy\" decoding=\"async\" width=\"3442\" height=\"1609\" src=\"https:\/\/periodismodigital.mx\/wp-content\/uploads\/2021\/12\/cropped-Logo-2.png\" class=\"custom-logo\" alt=\"El Implacable\" srcset=\"https:\/\/periodismodigital.mx\/wp-content\/uploads\/2021\/12\/cropped-Logo-2.png 3442w, https:\/\/periodismodigital.mx\/wp-content\/uploads\/2021\/12\/cropped-Logo-2-300x140.png 300w, https:\/\/periodismodigital.mx\/wp-content\/uploads\/2021\/12\/cropped-Logo-2-1024x479.png 1024w, https:\/\/periodismodigital.mx\/wp-content\/uploads\/2021\/12\/cropped-Logo-2-768x359.png 768w, https:\/\/periodismodigital.mx\/wp-content\/uploads\/2021\/12\/cropped-Logo-2-1536x718.png 1536w, https:\/\/periodismodigital.mx\/wp-content\/uploads\/2021\/12\/cropped-Logo-2-2048x957.png 2048w\" sizes=\"auto, (max-width: 3442px) 100vw, 3442px\" \/><\/a><\/div>","protected":false},"excerpt":{"rendered":"<p>*Miles de familias disfrutaron del evento en las canchas de la colonia Galeana\u00a0<\/p>\n","protected":false},"author":2,"featured_media":79073,"comment_status":"open","ping_status":"closed","sticky":false,"template":"","format":"standard","meta":{"footnotes":""},"categories":[43],"tags":[644,36630],"class_list":["post-79072","post","type-post","status-publish","format-standard","has-post-thumbnail","hentry","category-evivo","tag-en-chilpancingo","tag-evelyn-salgado-celebra-a-la-ninez"],"_links":{"self":[{"href":"https:\/\/periodismodigital.mx\/index.php?rest_route=\/wp\/v2\/posts\/79072","targetHints":{"allow":["GET"]}}],"collection":[{"href":"https:\/\/periodismodigital.mx\/index.php?rest_route=\/wp\/v2\/posts"}],"about":[{"href":"https:\/\/periodismodigital.mx\/index.php?rest_route=\/wp\/v2\/types\/post"}],"author":[{"embeddable":true,"href":"https:\/\/periodismodigital.mx\/index.php?rest_route=\/wp\/v2\/users\/2"}],"replies":[{"embeddable":true,"href":"https:\/\/periodismodigital.mx\/index.php?rest_route=%2Fwp%2Fv2%2Fcomments&post=79072"}],"version-history":[{"count":1,"href":"https:\/\/periodismodigital.mx\/index.php?rest_route=\/wp\/v2\/posts\/79072\/revisions"}],"predecessor-version":[{"id":79075,"href":"https:\/\/periodismodigital.mx\/index.php?rest_route=\/wp\/v2\/posts\/79072\/revisions\/79075"}],"wp:featuredmedia":[{"embeddable":true,"href":"https:\/\/periodismodigital.mx\/index.php?rest_route=\/wp\/v2\/media\/79073"}],"wp:attachment":[{"href":"https:\/\/periodismodigital.mx\/index.php?rest_route=%2Fwp%2Fv2%2Fmedia&parent=79072"}],"wp:term":[{"taxonomy":"category","embeddable":true,"href":"https:\/\/periodismodigital.mx\/index.php?rest_route=%2Fwp%2Fv2%2Fcategories&post=79072"},{"taxonomy":"post_tag","embeddable":true,"href":"https:\/\/periodismodigital.mx\/index.php?rest_route=%2Fwp%2Fv2%2Ftags&post=79072"}],"curies":[{"name":"wp","href":"https:\/\/api.w.org\/{rel}","templated":true}]}}