{"id":79082,"date":"2026-05-01T21:46:00","date_gmt":"2026-05-01T21:46:00","guid":{"rendered":"https:\/\/periodismodigital.mx\/?p=79082"},"modified":"2026-05-01T21:46:02","modified_gmt":"2026-05-01T21:46:02","slug":"prevalece-clima-muy-soleado-y-caluroso-en-guerrero-debido-a-onda-de-calor","status":"publish","type":"post","link":"https:\/\/periodismodigital.mx\/?p=79082","title":{"rendered":"Prevalece clima muy soleado y caluroso en Guerrero debido a onda de calor"},"content":{"rendered":"<div class=\"is-default-size wp-block-site-logo\"><a href=\"https:\/\/periodismodigital.mx\/\" class=\"custom-logo-link\" rel=\"home\"><img loading=\"lazy\" decoding=\"async\" width=\"3442\" height=\"1609\" src=\"https:\/\/periodismodigital.mx\/wp-content\/uploads\/2021\/12\/cropped-Logo-2.png\" class=\"custom-logo\" alt=\"El Implacable\" srcset=\"https:\/\/periodismodigital.mx\/wp-content\/uploads\/2021\/12\/cropped-Logo-2.png 3442w, https:\/\/periodismodigital.mx\/wp-content\/uploads\/2021\/12\/cropped-Logo-2-300x140.png 300w, https:\/\/periodismodigital.mx\/wp-content\/uploads\/2021\/12\/cropped-Logo-2-1024x479.png 1024w, https:\/\/periodismodigital.mx\/wp-content\/uploads\/2021\/12\/cropped-Logo-2-768x359.png 768w, https:\/\/periodismodigital.mx\/wp-content\/uploads\/2021\/12\/cropped-Logo-2-1536x718.png 1536w, https:\/\/periodismodigital.mx\/wp-content\/uploads\/2021\/12\/cropped-Logo-2-2048x957.png 2048w\" sizes=\"auto, (max-width: 3442px) 100vw, 3442px\" \/><\/a><\/div>\n\n\n<p>Chilpancingo, Gro., 02 de mayo de 2026.- Este viernes se prev\u00e9 en Guerrero un d\u00eda escasamente nublado y fresco durante la ma\u00f1ana, pero muy soleado y caluroso a partir del mediod\u00eda, debido a una onda de calor, inform\u00f3 la Secretar\u00eda de Gesti\u00f3n Integral de Riesgos y Protecci\u00f3n Civil Guerrero (SGIRPCGRO).<\/p>\n\n\n\n<p>En su reporte meteorol\u00f3gico de hoy, la SGIRPCGRO indic\u00f3 que esto se debe a que una circulaci\u00f3n anticicl\u00f3nica en 5.5 kil\u00f3metros de altitud, que se ubica frente a las costas de Jalisco, mantendr\u00e1 el d\u00eda mayormente soleado en Guerrero, dando continuidad a una onda de calor.<\/p>\n\n\n\n<p>Sin embargo, un canal de baja presi\u00f3n que se extiende al noroeste del Valle de M\u00e9xico podr\u00e1 favorecer el desarrollo de nubosidad al final de la tarde.<\/p>\n\n\n\n<p>Se informa a la poblaci\u00f3n que la radiaci\u00f3n UV en Guerrero es de moderada a alta entre las12:00 y 14:00 horas, por lo que se recomienda utilizar protecci\u00f3n para la piel y ojos e hidratarse.<\/p>\n\n\n<div class=\"is-default-size wp-block-site-logo\"><a href=\"https:\/\/periodismodigital.mx\/\" class=\"custom-logo-link\" rel=\"home\"><img loading=\"lazy\" decoding=\"async\" width=\"3442\" height=\"1609\" src=\"https:\/\/periodismodigital.mx\/wp-content\/uploads\/2021\/12\/cropped-Logo-2.png\" class=\"custom-logo\" alt=\"El Implacable\" srcset=\"https:\/\/periodismodigital.mx\/wp-content\/uploads\/2021\/12\/cropped-Logo-2.png 3442w, https:\/\/periodismodigital.mx\/wp-content\/uploads\/2021\/12\/cropped-Logo-2-300x140.png 300w, https:\/\/periodismodigital.mx\/wp-content\/uploads\/2021\/12\/cropped-Logo-2-1024x479.png 1024w, https:\/\/periodismodigital.mx\/wp-content\/uploads\/2021\/12\/cropped-Logo-2-768x359.png 768w, https:\/\/periodismodigital.mx\/wp-content\/uploads\/2021\/12\/cropped-Logo-2-1536x718.png 1536w, https:\/\/periodismodigital.mx\/wp-content\/uploads\/2021\/12\/cropped-Logo-2-2048x957.png 2048w\" sizes=\"auto, (max-width: 3442px) 100vw, 3442px\" \/><\/a><\/div>","protected":false},"excerpt":{"rendered":"<p>Chilpancingo, Gro., 02 de mayo de 2026.- Este viernes se prev\u00e9 en Guerrero un d\u00eda escasamente nublado y<\/p>\n","protected":false},"author":2,"featured_media":79083,"comment_status":"open","ping_status":"closed","sticky":false,"template":"","format":"standard","meta":{"footnotes":""},"categories":[2],"tags":[36634,36633],"class_list":["post-79082","post","type-post","status-publish","format-standard","has-post-thumbnail","hentry","category-noticias","tag-en-guerrero-debido-a-onda-de-calor","tag-prevalece-clima-muy-soleado-y-caluroso"],"_links":{"self":[{"href":"https:\/\/periodismodigital.mx\/index.php?rest_route=\/wp\/v2\/posts\/79082","targetHints":{"allow":["GET"]}}],"collection":[{"href":"https:\/\/periodismodigital.mx\/index.php?rest_route=\/wp\/v2\/posts"}],"about":[{"href":"https:\/\/periodismodigital.mx\/index.php?rest_route=\/wp\/v2\/types\/post"}],"author":[{"embeddable":true,"href":"https:\/\/periodismodigital.mx\/index.php?rest_route=\/wp\/v2\/users\/2"}],"replies":[{"embeddable":true,"href":"https:\/\/periodismodigital.mx\/index.php?rest_route=%2Fwp%2Fv2%2Fcomments&post=79082"}],"version-history":[{"count":1,"href":"https:\/\/periodismodigital.mx\/index.php?rest_route=\/wp\/v2\/posts\/79082\/revisions"}],"predecessor-version":[{"id":79084,"href":"https:\/\/periodismodigital.mx\/index.php?rest_route=\/wp\/v2\/posts\/79082\/revisions\/79084"}],"wp:featuredmedia":[{"embeddable":true,"href":"https:\/\/periodismodigital.mx\/index.php?rest_route=\/wp\/v2\/media\/79083"}],"wp:attachment":[{"href":"https:\/\/periodismodigital.mx\/index.php?rest_route=%2Fwp%2Fv2%2Fmedia&parent=79082"}],"wp:term":[{"taxonomy":"category","embeddable":true,"href":"https:\/\/periodismodigital.mx\/index.php?rest_route=%2Fwp%2Fv2%2Fcategories&post=79082"},{"taxonomy":"post_tag","embeddable":true,"href":"https:\/\/periodismodigital.mx\/index.php?rest_route=%2Fwp%2Fv2%2Ftags&post=79082"}],"curies":[{"name":"wp","href":"https:\/\/api.w.org\/{rel}","templated":true}]}}