{"id":79085,"date":"2026-05-01T21:49:11","date_gmt":"2026-05-01T21:49:11","guid":{"rendered":"https:\/\/periodismodigital.mx\/?p=79085"},"modified":"2026-05-01T21:49:12","modified_gmt":"2026-05-01T21:49:12","slug":"continuan-recorridos-y-vigilancia-huitzapula-norte-y-comunidades-de-la-region-montana","status":"publish","type":"post","link":"https:\/\/periodismodigital.mx\/?p=79085","title":{"rendered":"Contin\u00faan recorridos y vigilancia Huitzapula Norte y comunidades de la regi\u00f3n Monta\u00f1a"},"content":{"rendered":"<div class=\"is-default-size wp-block-site-logo\"><a href=\"https:\/\/periodismodigital.mx\/\" class=\"custom-logo-link\" rel=\"home\"><img loading=\"lazy\" decoding=\"async\" width=\"3442\" height=\"1609\" src=\"https:\/\/periodismodigital.mx\/wp-content\/uploads\/2021\/12\/cropped-Logo-2.png\" class=\"custom-logo\" alt=\"El Implacable\" srcset=\"https:\/\/periodismodigital.mx\/wp-content\/uploads\/2021\/12\/cropped-Logo-2.png 3442w, https:\/\/periodismodigital.mx\/wp-content\/uploads\/2021\/12\/cropped-Logo-2-300x140.png 300w, https:\/\/periodismodigital.mx\/wp-content\/uploads\/2021\/12\/cropped-Logo-2-1024x479.png 1024w, https:\/\/periodismodigital.mx\/wp-content\/uploads\/2021\/12\/cropped-Logo-2-768x359.png 768w, https:\/\/periodismodigital.mx\/wp-content\/uploads\/2021\/12\/cropped-Logo-2-1536x718.png 1536w, https:\/\/periodismodigital.mx\/wp-content\/uploads\/2021\/12\/cropped-Logo-2-2048x957.png 2048w\" sizes=\"auto, (max-width: 3442px) 100vw, 3442px\" \/><\/a><\/div>\n\n\n<p>Chilpancingo, Gro., 02 de mayo de 2026. La presencia operativa de fuerzas de seguridad permanece activa en la comunidad de San Pedro Huitzapula Norte y localidades aleda\u00f1as de la regi\u00f3n Monta\u00f1a, donde elementos de la Polic\u00eda Estatal y del Ej\u00e9rcito Mexicano realizan patrullajes y acciones de vigilancia para brindar atenci\u00f3n a la poblaci\u00f3n.<\/p>\n\n\n\n<p>A trav\u00e9s de la Base de Operaciones Interinstitucional establecida en la localidad de Lucerito, el personal mantiene recorridos motorizados y pie tierra en caminos y distintos puntos de la zona, fortaleciendo las condiciones de seguridad y la capacidad de respuesta ante cualquier reporte ciudadano.<\/p>\n\n\n\n<p>Las acciones se desarrollan de manera coordinada, priorizando la atenci\u00f3n inmediata a solicitudes de apoyo y el acompa\u00f1amiento a las familias de las comunidades de esta regi\u00f3n.<\/p>\n\n\n\n<p>La Secretar\u00eda de Seguridad P\u00fablica del Estado de Guerrero reitera que las labores de vigilancia y proximidad social contin\u00faan de forma permanente en esta zona de la entidad.<\/p>\n\n\n\n<figure class=\"wp-block-image size-large\"><img loading=\"lazy\" decoding=\"async\" width=\"1024\" height=\"768\" src=\"https:\/\/periodismodigital.mx\/wp-content\/uploads\/2026\/05\/WhatsApp-Image-2026-05-01-at-13.57.43-1024x768.jpeg\" alt=\"\" class=\"wp-image-79087\" srcset=\"https:\/\/periodismodigital.mx\/wp-content\/uploads\/2026\/05\/WhatsApp-Image-2026-05-01-at-13.57.43-1024x768.jpeg 1024w, https:\/\/periodismodigital.mx\/wp-content\/uploads\/2026\/05\/WhatsApp-Image-2026-05-01-at-13.57.43-300x225.jpeg 300w, https:\/\/periodismodigital.mx\/wp-content\/uploads\/2026\/05\/WhatsApp-Image-2026-05-01-at-13.57.43-768x576.jpeg 768w, https:\/\/periodismodigital.mx\/wp-content\/uploads\/2026\/05\/WhatsApp-Image-2026-05-01-at-13.57.43.jpeg 1280w\" sizes=\"auto, (max-width: 1024px) 100vw, 1024px\" \/><\/figure>\n\n\n<div class=\"is-default-size wp-block-site-logo\"><a href=\"https:\/\/periodismodigital.mx\/\" class=\"custom-logo-link\" rel=\"home\"><img loading=\"lazy\" decoding=\"async\" width=\"3442\" height=\"1609\" src=\"https:\/\/periodismodigital.mx\/wp-content\/uploads\/2021\/12\/cropped-Logo-2.png\" class=\"custom-logo\" alt=\"El Implacable\" srcset=\"https:\/\/periodismodigital.mx\/wp-content\/uploads\/2021\/12\/cropped-Logo-2.png 3442w, https:\/\/periodismodigital.mx\/wp-content\/uploads\/2021\/12\/cropped-Logo-2-300x140.png 300w, https:\/\/periodismodigital.mx\/wp-content\/uploads\/2021\/12\/cropped-Logo-2-1024x479.png 1024w, https:\/\/periodismodigital.mx\/wp-content\/uploads\/2021\/12\/cropped-Logo-2-768x359.png 768w, https:\/\/periodismodigital.mx\/wp-content\/uploads\/2021\/12\/cropped-Logo-2-1536x718.png 1536w, https:\/\/periodismodigital.mx\/wp-content\/uploads\/2021\/12\/cropped-Logo-2-2048x957.png 2048w\" sizes=\"auto, (max-width: 3442px) 100vw, 3442px\" \/><\/a><\/div>","protected":false},"excerpt":{"rendered":"<p>Chilpancingo, Gro., 02 de mayo de 2026. La presencia operativa de fuerzas de seguridad permanece activa en la<\/p>\n","protected":false},"author":2,"featured_media":79086,"comment_status":"open","ping_status":"closed","sticky":false,"template":"","format":"standard","meta":{"footnotes":""},"categories":[2],"tags":[36635,36636],"class_list":["post-79085","post","type-post","status-publish","format-standard","has-post-thumbnail","hentry","category-noticias","tag-continuan-recorridos-y-vigilancia","tag-huitzapula-norte-y-comunidades-de-la-region-montana"],"_links":{"self":[{"href":"https:\/\/periodismodigital.mx\/index.php?rest_route=\/wp\/v2\/posts\/79085","targetHints":{"allow":["GET"]}}],"collection":[{"href":"https:\/\/periodismodigital.mx\/index.php?rest_route=\/wp\/v2\/posts"}],"about":[{"href":"https:\/\/periodismodigital.mx\/index.php?rest_route=\/wp\/v2\/types\/post"}],"author":[{"embeddable":true,"href":"https:\/\/periodismodigital.mx\/index.php?rest_route=\/wp\/v2\/users\/2"}],"replies":[{"embeddable":true,"href":"https:\/\/periodismodigital.mx\/index.php?rest_route=%2Fwp%2Fv2%2Fcomments&post=79085"}],"version-history":[{"count":1,"href":"https:\/\/periodismodigital.mx\/index.php?rest_route=\/wp\/v2\/posts\/79085\/revisions"}],"predecessor-version":[{"id":79088,"href":"https:\/\/periodismodigital.mx\/index.php?rest_route=\/wp\/v2\/posts\/79085\/revisions\/79088"}],"wp:featuredmedia":[{"embeddable":true,"href":"https:\/\/periodismodigital.mx\/index.php?rest_route=\/wp\/v2\/media\/79086"}],"wp:attachment":[{"href":"https:\/\/periodismodigital.mx\/index.php?rest_route=%2Fwp%2Fv2%2Fmedia&parent=79085"}],"wp:term":[{"taxonomy":"category","embeddable":true,"href":"https:\/\/periodismodigital.mx\/index.php?rest_route=%2Fwp%2Fv2%2Fcategories&post=79085"},{"taxonomy":"post_tag","embeddable":true,"href":"https:\/\/periodismodigital.mx\/index.php?rest_route=%2Fwp%2Fv2%2Ftags&post=79085"}],"curies":[{"name":"wp","href":"https:\/\/api.w.org\/{rel}","templated":true}]}}