{"id":79093,"date":"2026-05-02T00:50:15","date_gmt":"2026-05-02T00:50:15","guid":{"rendered":"https:\/\/periodismodigital.mx\/?p=79093"},"modified":"2026-05-02T00:51:13","modified_gmt":"2026-05-02T00:51:13","slug":"con-enfoque-en-igualdad-evelyn-salgado-lanza-convocatoria-para-la-gubernatura-infantil-2026","status":"publish","type":"post","link":"https:\/\/periodismodigital.mx\/?p=79093","title":{"rendered":"Con enfoque en igualdad, Evelyn Salgado lanza convocatoria para la Gubernatura Infantil 2026"},"content":{"rendered":"<div class=\"is-default-size wp-block-site-logo\"><a href=\"https:\/\/periodismodigital.mx\/\" class=\"custom-logo-link\" rel=\"home\"><img loading=\"lazy\" decoding=\"async\" width=\"3442\" height=\"1609\" src=\"https:\/\/periodismodigital.mx\/wp-content\/uploads\/2021\/12\/cropped-Logo-2.png\" class=\"custom-logo\" alt=\"El Implacable\" srcset=\"https:\/\/periodismodigital.mx\/wp-content\/uploads\/2021\/12\/cropped-Logo-2.png 3442w, https:\/\/periodismodigital.mx\/wp-content\/uploads\/2021\/12\/cropped-Logo-2-300x140.png 300w, https:\/\/periodismodigital.mx\/wp-content\/uploads\/2021\/12\/cropped-Logo-2-1024x479.png 1024w, https:\/\/periodismodigital.mx\/wp-content\/uploads\/2021\/12\/cropped-Logo-2-768x359.png 768w, https:\/\/periodismodigital.mx\/wp-content\/uploads\/2021\/12\/cropped-Logo-2-1536x718.png 1536w, https:\/\/periodismodigital.mx\/wp-content\/uploads\/2021\/12\/cropped-Logo-2-2048x957.png 2048w\" sizes=\"auto, (max-width: 3442px) 100vw, 3442px\" \/><\/a><\/div>\n\n\n<p>*Con un proceso democr\u00e1tico se elegir\u00e1 en Guerrero a la primera ni\u00f1a gobernadora, promoviendo liderazgo e igualdad desde la infancia<\/p>\n\n\n\n<p>Chilpancingo, Gro. 02 de mayo del 2026. &#8211; La gobernadora Evelyn Salgado Pineda dio a conocer la convocatoria para la Gubernatura Infantil Guerrero 2026, que para esta edici\u00f3n ser\u00e1 exclusiva para una ni\u00f1a, en un ejercicio que busca fomentar la participaci\u00f3n democr\u00e1tica de la ni\u00f1ez en Guerrero.\u00a0<\/p>\n\n\n\n<p>La titular del Poder Ejecutivo estatal destac\u00f3 que este espacio abre las puertas para que las infancias hagan escuchar su voz, presenten sus ideas y participen en la vida democr\u00e1tica de Guerrero.&nbsp;<\/p>\n\n\n\n<p>Acompa\u00f1ada por el actual ni\u00f1o gobernador, Alexander Cortez Navarrete, la mandataria explic\u00f3 que, en esta edici\u00f3n, y como parte de la pol\u00edtica de paridad, el cargo ser\u00e1 exclusivamente por una ni\u00f1a, con el objetivo de fortalecer la igualdad sustantiva y reducir brechas de g\u00e9nero.<\/p>\n\n\n\n<p>El proceso se realizar\u00e1 en coordinaci\u00f3n con el Instituto Electoral y de Participaci\u00f3n Ciudadana del Estado de Guerrero, garantizando transparencia y legalidad en cada etapa.<\/p>\n\n\n\n<p>La convocatoria est\u00e1 dirigida a estudiantes de quinto y sexto grado de primaria de las ocho regiones de Guerrero. Cada escuela podr\u00e1 registrar a una o un alumno que destaque por su desempe\u00f1o acad\u00e9mico, as\u00ed como en actividades deportivas, culturales o sociales.<\/p>\n\n\n\n<p>Como parte del enfoque inclusivo, se reservar\u00e1n espacios dentro del Gabinete Estatal Infantil para ni\u00f1as y ni\u00f1os de pueblos ind\u00edgenas, afromexicanos y con discapacidad, promoviendo condiciones de igualdad y representaci\u00f3n dentro del gabinete infantil.&nbsp;<\/p>\n\n\n\n<p>El secretario de la Juventud y la Ni\u00f1ez, Carlos S\u00e1nchez Garc\u00eda, dijo que las y los participantes deber\u00e1n enviar un video de hasta tres minutos donde expongan sus propuestas sobre temas como educaci\u00f3n, salud, seguridad, igualdad y protecci\u00f3n en Internet. El proceso de selecci\u00f3n se llevar\u00e1 a cabo en dos etapas: primero, un jurado elegir\u00e1 a 24 finalistas; posteriormente, entre las 13 ni\u00f1as seleccionadas se elegir\u00e1 a la Gobernadora Infantil mediante un mecanismo democr\u00e1tico implementado por el \u00f3rgano electoral.<\/p>\n\n\n\n<p>La convocatoria permanecer\u00e1 abierta hasta el 30 de junio de 2026, y el registro deber\u00e1 realizarse a trav\u00e9s de un formulario oficial, afirm\u00f3 la titular del IEPC, Luz Fabiola Matildes Gama.&nbsp;<\/p>\n\n\n\n<p>La gobernadora Evelyn Salgado, dijo que quien resulte electa como Gobernadora Infantil, junto con su gabinete, asumir\u00e1 el cargo de manera honor\u00edfica, participando en actividades institucionales y conociendo de cerca el funcionamiento del gobierno estatal.<\/p>\n\n\n\n<p>Con este ejercicio, Evelyn Salgado dijo que se busca sembrar en la ni\u00f1ez valores c\u00edvicos, participaci\u00f3n democr\u00e1tica y la convicci\u00f3n de que \u201cno hay sue\u00f1os imposibles\u201d, afirm\u00f3 la mandataria estatal durante la transmisi\u00f3n en vivo.<\/p>\n\n\n\n<figure class=\"wp-block-image size-large\"><img loading=\"lazy\" decoding=\"async\" width=\"1024\" height=\"682\" src=\"https:\/\/periodismodigital.mx\/wp-content\/uploads\/2026\/05\/WhatsApp-Image-2026-05-01-at-17.34.52-1-1024x682.jpeg\" alt=\"\" class=\"wp-image-79095\" srcset=\"https:\/\/periodismodigital.mx\/wp-content\/uploads\/2026\/05\/WhatsApp-Image-2026-05-01-at-17.34.52-1-1024x682.jpeg 1024w, https:\/\/periodismodigital.mx\/wp-content\/uploads\/2026\/05\/WhatsApp-Image-2026-05-01-at-17.34.52-1-300x200.jpeg 300w, https:\/\/periodismodigital.mx\/wp-content\/uploads\/2026\/05\/WhatsApp-Image-2026-05-01-at-17.34.52-1-768x512.jpeg 768w, https:\/\/periodismodigital.mx\/wp-content\/uploads\/2026\/05\/WhatsApp-Image-2026-05-01-at-17.34.52-1.jpeg 1280w\" sizes=\"auto, (max-width: 1024px) 100vw, 1024px\" \/><\/figure>\n\n\n<div class=\"is-default-size wp-block-site-logo\"><a href=\"https:\/\/periodismodigital.mx\/\" class=\"custom-logo-link\" rel=\"home\"><img loading=\"lazy\" decoding=\"async\" width=\"3442\" height=\"1609\" src=\"https:\/\/periodismodigital.mx\/wp-content\/uploads\/2021\/12\/cropped-Logo-2.png\" class=\"custom-logo\" alt=\"El Implacable\" srcset=\"https:\/\/periodismodigital.mx\/wp-content\/uploads\/2021\/12\/cropped-Logo-2.png 3442w, https:\/\/periodismodigital.mx\/wp-content\/uploads\/2021\/12\/cropped-Logo-2-300x140.png 300w, https:\/\/periodismodigital.mx\/wp-content\/uploads\/2021\/12\/cropped-Logo-2-1024x479.png 1024w, https:\/\/periodismodigital.mx\/wp-content\/uploads\/2021\/12\/cropped-Logo-2-768x359.png 768w, https:\/\/periodismodigital.mx\/wp-content\/uploads\/2021\/12\/cropped-Logo-2-1536x718.png 1536w, https:\/\/periodismodigital.mx\/wp-content\/uploads\/2021\/12\/cropped-Logo-2-2048x957.png 2048w\" sizes=\"auto, (max-width: 3442px) 100vw, 3442px\" \/><\/a><\/div>","protected":false},"excerpt":{"rendered":"<p>*Con un proceso democr\u00e1tico se elegir\u00e1 en Guerrero a la primera ni\u00f1a gobernadora, promoviendo liderazgo e igualdad desde la infancia<\/p>\n","protected":false},"author":2,"featured_media":79094,"comment_status":"open","ping_status":"closed","sticky":false,"template":"","format":"standard","meta":{"footnotes":""},"categories":[2],"tags":[36639,35307,36640],"class_list":["post-79093","post","type-post","status-publish","format-standard","has-post-thumbnail","hentry","category-noticias","tag-con-enfoque-en-igualdad","tag-evelyn-salgado-lanza-convocatoria","tag-para-la-gubernatura-infantil-2026"],"_links":{"self":[{"href":"https:\/\/periodismodigital.mx\/index.php?rest_route=\/wp\/v2\/posts\/79093","targetHints":{"allow":["GET"]}}],"collection":[{"href":"https:\/\/periodismodigital.mx\/index.php?rest_route=\/wp\/v2\/posts"}],"about":[{"href":"https:\/\/periodismodigital.mx\/index.php?rest_route=\/wp\/v2\/types\/post"}],"author":[{"embeddable":true,"href":"https:\/\/periodismodigital.mx\/index.php?rest_route=\/wp\/v2\/users\/2"}],"replies":[{"embeddable":true,"href":"https:\/\/periodismodigital.mx\/index.php?rest_route=%2Fwp%2Fv2%2Fcomments&post=79093"}],"version-history":[{"count":1,"href":"https:\/\/periodismodigital.mx\/index.php?rest_route=\/wp\/v2\/posts\/79093\/revisions"}],"predecessor-version":[{"id":79096,"href":"https:\/\/periodismodigital.mx\/index.php?rest_route=\/wp\/v2\/posts\/79093\/revisions\/79096"}],"wp:featuredmedia":[{"embeddable":true,"href":"https:\/\/periodismodigital.mx\/index.php?rest_route=\/wp\/v2\/media\/79094"}],"wp:attachment":[{"href":"https:\/\/periodismodigital.mx\/index.php?rest_route=%2Fwp%2Fv2%2Fmedia&parent=79093"}],"wp:term":[{"taxonomy":"category","embeddable":true,"href":"https:\/\/periodismodigital.mx\/index.php?rest_route=%2Fwp%2Fv2%2Fcategories&post=79093"},{"taxonomy":"post_tag","embeddable":true,"href":"https:\/\/periodismodigital.mx\/index.php?rest_route=%2Fwp%2Fv2%2Ftags&post=79093"}],"curies":[{"name":"wp","href":"https:\/\/api.w.org\/{rel}","templated":true}]}}