{"id":79098,"date":"2026-05-02T00:59:30","date_gmt":"2026-05-02T00:59:30","guid":{"rendered":"https:\/\/periodismodigital.mx\/?p=79098"},"modified":"2026-05-02T00:59:32","modified_gmt":"2026-05-02T00:59:32","slug":"%f0%9f%8c%ae-continua-la-fiesta-en-el-segundo-dia-del-festival-del-gran-taco-en-taxco","status":"publish","type":"post","link":"https:\/\/periodismodigital.mx\/?p=79098","title":{"rendered":"\ud83c\udf2e Contin\u00faa la fiesta en el segundo d\u00eda del Festival del Gran Taco en Taxco"},"content":{"rendered":"<div class=\"is-default-size wp-block-site-logo\"><a href=\"https:\/\/periodismodigital.mx\/\" class=\"custom-logo-link\" rel=\"home\"><img loading=\"lazy\" decoding=\"async\" width=\"3442\" height=\"1609\" src=\"https:\/\/periodismodigital.mx\/wp-content\/uploads\/2021\/12\/cropped-Logo-2.png\" class=\"custom-logo\" alt=\"El Implacable\" srcset=\"https:\/\/periodismodigital.mx\/wp-content\/uploads\/2021\/12\/cropped-Logo-2.png 3442w, https:\/\/periodismodigital.mx\/wp-content\/uploads\/2021\/12\/cropped-Logo-2-300x140.png 300w, https:\/\/periodismodigital.mx\/wp-content\/uploads\/2021\/12\/cropped-Logo-2-1024x479.png 1024w, https:\/\/periodismodigital.mx\/wp-content\/uploads\/2021\/12\/cropped-Logo-2-768x359.png 768w, https:\/\/periodismodigital.mx\/wp-content\/uploads\/2021\/12\/cropped-Logo-2-1536x718.png 1536w, https:\/\/periodismodigital.mx\/wp-content\/uploads\/2021\/12\/cropped-Logo-2-2048x957.png 2048w\" sizes=\"auto, (max-width: 3442px) 100vw, 3442px\" \/><\/a><\/div>\n\n\n<p>El ambiente sigue lleno de sabor, tradici\u00f3n y orgullo nacional con la participaci\u00f3n de expositores de todo el pa\u00eds<\/p>\n\n\n\n<p>Los participantes han expresado su agradecimiento al Gobierno de Guerrero por impulsar este encuentro que celebra la riqueza gastron\u00f3mica de M\u00e9xico y fortalece el turismo en la regi\u00f3n.<\/p>\n\n\n\n<p>\u00a1La fiesta sigue conquistando paladares! \ud83c\udf2e\u2728<\/p>\n\n\n\n<p>El sabor de M\u00e9xico se hace presente en el segundo d\u00eda del Festival del Gran Taco en Taxco<\/p>\n\n\n\n<p>Entre aromas, colores y tradici\u00f3n, familias de visitantes y locales se dan cita para disfrutar de esta muestra gastron\u00f3mica que re\u00fane a las 32 entidades del pa\u00eds en un solo lugar.<\/p>\n\n\n\n<figure class=\"wp-block-image size-large\"><img loading=\"lazy\" decoding=\"async\" width=\"1024\" height=\"576\" src=\"https:\/\/periodismodigital.mx\/wp-content\/uploads\/2026\/05\/WhatsApp-Image-2026-05-01-at-18.25.38-1024x576.jpeg\" alt=\"\" class=\"wp-image-79100\" srcset=\"https:\/\/periodismodigital.mx\/wp-content\/uploads\/2026\/05\/WhatsApp-Image-2026-05-01-at-18.25.38-1024x576.jpeg 1024w, https:\/\/periodismodigital.mx\/wp-content\/uploads\/2026\/05\/WhatsApp-Image-2026-05-01-at-18.25.38-300x169.jpeg 300w, https:\/\/periodismodigital.mx\/wp-content\/uploads\/2026\/05\/WhatsApp-Image-2026-05-01-at-18.25.38-768x432.jpeg 768w, https:\/\/periodismodigital.mx\/wp-content\/uploads\/2026\/05\/WhatsApp-Image-2026-05-01-at-18.25.38-1536x864.jpeg 1536w, https:\/\/periodismodigital.mx\/wp-content\/uploads\/2026\/05\/WhatsApp-Image-2026-05-01-at-18.25.38-2048x1152.jpeg 2048w\" sizes=\"auto, (max-width: 1024px) 100vw, 1024px\" \/><\/figure>\n\n\n<div class=\"is-default-size wp-block-site-logo\"><a href=\"https:\/\/periodismodigital.mx\/\" class=\"custom-logo-link\" rel=\"home\"><img loading=\"lazy\" decoding=\"async\" width=\"3442\" height=\"1609\" src=\"https:\/\/periodismodigital.mx\/wp-content\/uploads\/2021\/12\/cropped-Logo-2.png\" class=\"custom-logo\" alt=\"El Implacable\" srcset=\"https:\/\/periodismodigital.mx\/wp-content\/uploads\/2021\/12\/cropped-Logo-2.png 3442w, https:\/\/periodismodigital.mx\/wp-content\/uploads\/2021\/12\/cropped-Logo-2-300x140.png 300w, https:\/\/periodismodigital.mx\/wp-content\/uploads\/2021\/12\/cropped-Logo-2-1024x479.png 1024w, https:\/\/periodismodigital.mx\/wp-content\/uploads\/2021\/12\/cropped-Logo-2-768x359.png 768w, https:\/\/periodismodigital.mx\/wp-content\/uploads\/2021\/12\/cropped-Logo-2-1536x718.png 1536w, https:\/\/periodismodigital.mx\/wp-content\/uploads\/2021\/12\/cropped-Logo-2-2048x957.png 2048w\" sizes=\"auto, (max-width: 3442px) 100vw, 3442px\" \/><\/a><\/div>","protected":false},"excerpt":{"rendered":"<p>El ambiente sigue lleno de sabor, tradici\u00f3n y orgullo nacional con la participaci\u00f3n de expositores de todo el<\/p>\n","protected":false},"author":2,"featured_media":79099,"comment_status":"open","ping_status":"closed","sticky":false,"template":"","format":"standard","meta":{"footnotes":""},"categories":[43],"tags":[36641,36642],"class_list":["post-79098","post","type-post","status-publish","format-standard","has-post-thumbnail","hentry","category-evivo","tag-continua-la-fiesta-en-el-segundo-dia","tag-del-festival-del-gran-taco-en-taxco"],"_links":{"self":[{"href":"https:\/\/periodismodigital.mx\/index.php?rest_route=\/wp\/v2\/posts\/79098","targetHints":{"allow":["GET"]}}],"collection":[{"href":"https:\/\/periodismodigital.mx\/index.php?rest_route=\/wp\/v2\/posts"}],"about":[{"href":"https:\/\/periodismodigital.mx\/index.php?rest_route=\/wp\/v2\/types\/post"}],"author":[{"embeddable":true,"href":"https:\/\/periodismodigital.mx\/index.php?rest_route=\/wp\/v2\/users\/2"}],"replies":[{"embeddable":true,"href":"https:\/\/periodismodigital.mx\/index.php?rest_route=%2Fwp%2Fv2%2Fcomments&post=79098"}],"version-history":[{"count":1,"href":"https:\/\/periodismodigital.mx\/index.php?rest_route=\/wp\/v2\/posts\/79098\/revisions"}],"predecessor-version":[{"id":79101,"href":"https:\/\/periodismodigital.mx\/index.php?rest_route=\/wp\/v2\/posts\/79098\/revisions\/79101"}],"wp:featuredmedia":[{"embeddable":true,"href":"https:\/\/periodismodigital.mx\/index.php?rest_route=\/wp\/v2\/media\/79099"}],"wp:attachment":[{"href":"https:\/\/periodismodigital.mx\/index.php?rest_route=%2Fwp%2Fv2%2Fmedia&parent=79098"}],"wp:term":[{"taxonomy":"category","embeddable":true,"href":"https:\/\/periodismodigital.mx\/index.php?rest_route=%2Fwp%2Fv2%2Fcategories&post=79098"},{"taxonomy":"post_tag","embeddable":true,"href":"https:\/\/periodismodigital.mx\/index.php?rest_route=%2Fwp%2Fv2%2Ftags&post=79098"}],"curies":[{"name":"wp","href":"https:\/\/api.w.org\/{rel}","templated":true}]}}