{"id":79102,"date":"2026-05-02T01:27:02","date_gmt":"2026-05-02T01:27:02","guid":{"rendered":"https:\/\/periodismodigital.mx\/?p=79102"},"modified":"2026-05-02T01:27:03","modified_gmt":"2026-05-02T01:27:03","slug":"ceteg-irrumpe-en-mitin-del-snte-y-toma-templete-en-chilpancingo","status":"publish","type":"post","link":"https:\/\/periodismodigital.mx\/?p=79102","title":{"rendered":"CETEG irrumpe en mitin del SNTE y toma templete en Chilpancingo"},"content":{"rendered":"<div class=\"is-default-size wp-block-site-logo\"><a href=\"https:\/\/periodismodigital.mx\/\" class=\"custom-logo-link\" rel=\"home\"><img loading=\"lazy\" decoding=\"async\" width=\"3442\" height=\"1609\" src=\"https:\/\/periodismodigital.mx\/wp-content\/uploads\/2021\/12\/cropped-Logo-2.png\" class=\"custom-logo\" alt=\"El Implacable\" srcset=\"https:\/\/periodismodigital.mx\/wp-content\/uploads\/2021\/12\/cropped-Logo-2.png 3442w, https:\/\/periodismodigital.mx\/wp-content\/uploads\/2021\/12\/cropped-Logo-2-300x140.png 300w, https:\/\/periodismodigital.mx\/wp-content\/uploads\/2021\/12\/cropped-Logo-2-1024x479.png 1024w, https:\/\/periodismodigital.mx\/wp-content\/uploads\/2021\/12\/cropped-Logo-2-768x359.png 768w, https:\/\/periodismodigital.mx\/wp-content\/uploads\/2021\/12\/cropped-Logo-2-1536x718.png 1536w, https:\/\/periodismodigital.mx\/wp-content\/uploads\/2021\/12\/cropped-Logo-2-2048x957.png 2048w\" sizes=\"auto, (max-width: 3442px) 100vw, 3442px\" \/><\/a><\/div>\n\n\n<p>Chilpancingo Gro., 02 de mayo del a\u00f1o 2026.-En el marco de la conmemoraci\u00f3n del D\u00eda del Trabajo, maestros afiliados a la Coordinadora Estatal de Trabajadores de la Educaci\u00f3n (CETEG) marcharon por calles de Chilpancingo y arribaron al Z\u00f3calo de la ciudad, donde retiraron del templete a integrantes del sindicato oficial que realizaban un mitin por la misma conmemoraci\u00f3n.<\/p>\n\n\n\n<p>Los docentes cetegistas iniciaron a partir de este d\u00eda un plan de acci\u00f3n que tendr\u00e1 su punto m\u00e1s \u00e1lgido el 15 de mayo, cuando lleven a cabo una marcha nacional en la Ciudad de M\u00e9xico, misma que se replicar\u00e1 en algunas entidades federativas. Posteriormente, definir\u00e1n el lugar donde instalar\u00e1n un plant\u00f3n como parte de una huelga nacional.<\/p>\n\n\n\n<p>Asimismo, los maestros han advertido la posibilidad de boicotear actividades relacionadas con el Mundial de F\u00fatbol, del cual M\u00e9xico ser\u00e1 sede.<br><\/p>\n\n\n\n<p>Originalmente, la dirigencia de la CETEG hab\u00eda anunciado que marchar\u00edan hacia el Palacio de Gobierno para entregar su pliego de demandas; sin embargo, al pasar por el Z\u00f3calo y observar que a\u00fan se desarrollaba el mitin de la Secci\u00f3n 14 del Sindicato Nacional de Trabajadores de la Educaci\u00f3n (SNTE), decidieron ingresar y solicitar que los dirigentes oficiales descendieran del templete para ocuparlo.<\/p>\n\n\n\n<p>La acci\u00f3n gener\u00f3 momentos de tensi\u00f3n, debido a que al frente del contingente cetegista participaban al menos una decena de maestros con garrotes de gran tama\u00f1o, algunos disfrazados como banderas, lo que evidenciaba una posible intenci\u00f3n de confrontaci\u00f3n con los afiliados al SNTE.<\/p>\n\n\n\n<p>Ante esta situaci\u00f3n, los dirigentes del sindicato oficial optaron por no confrontarse, descendieron del templete y se retiraron por la parte posterior, mientras que el equipo de sonido fue apagado, quedando \u00fanicamente el audio que los disidentes llevaban a bordo de un veh\u00edculo.<\/p>\n\n\n\n<p>Durante aproximadamente una hora, los maestros de la CETEG pronunciaron discursos en los que reiteraron que los jubilados del sector educativo enfrentan condiciones de vida precarias, debido a que las pensiones resultan insuficientes para cubrir sus necesidades b\u00e1sicas. Se\u00f1alaron que esta situaci\u00f3n deriva de la reforma a la Ley del ISSSTE aplicada en 2007, la cual elimin\u00f3 el sistema de pensiones solidarias y dio paso a las cuentas individuales o Afores.<\/p>\n\n\n\n<figure class=\"wp-block-image size-large\"><img loading=\"lazy\" decoding=\"async\" width=\"1024\" height=\"773\" src=\"https:\/\/periodismodigital.mx\/wp-content\/uploads\/2026\/05\/WhatsApp-Image-2026-05-01-at-10.07.19-1024x773.jpeg\" alt=\"\" class=\"wp-image-79104\" srcset=\"https:\/\/periodismodigital.mx\/wp-content\/uploads\/2026\/05\/WhatsApp-Image-2026-05-01-at-10.07.19-1024x773.jpeg 1024w, https:\/\/periodismodigital.mx\/wp-content\/uploads\/2026\/05\/WhatsApp-Image-2026-05-01-at-10.07.19-300x226.jpeg 300w, https:\/\/periodismodigital.mx\/wp-content\/uploads\/2026\/05\/WhatsApp-Image-2026-05-01-at-10.07.19-768x580.jpeg 768w, https:\/\/periodismodigital.mx\/wp-content\/uploads\/2026\/05\/WhatsApp-Image-2026-05-01-at-10.07.19.jpeg 1057w\" sizes=\"auto, (max-width: 1024px) 100vw, 1024px\" \/><\/figure>\n\n\n<div class=\"is-default-size wp-block-site-logo\"><a href=\"https:\/\/periodismodigital.mx\/\" class=\"custom-logo-link\" rel=\"home\"><img loading=\"lazy\" decoding=\"async\" width=\"3442\" height=\"1609\" src=\"https:\/\/periodismodigital.mx\/wp-content\/uploads\/2021\/12\/cropped-Logo-2.png\" class=\"custom-logo\" alt=\"El Implacable\" srcset=\"https:\/\/periodismodigital.mx\/wp-content\/uploads\/2021\/12\/cropped-Logo-2.png 3442w, https:\/\/periodismodigital.mx\/wp-content\/uploads\/2021\/12\/cropped-Logo-2-300x140.png 300w, https:\/\/periodismodigital.mx\/wp-content\/uploads\/2021\/12\/cropped-Logo-2-1024x479.png 1024w, https:\/\/periodismodigital.mx\/wp-content\/uploads\/2021\/12\/cropped-Logo-2-768x359.png 768w, https:\/\/periodismodigital.mx\/wp-content\/uploads\/2021\/12\/cropped-Logo-2-1536x718.png 1536w, https:\/\/periodismodigital.mx\/wp-content\/uploads\/2021\/12\/cropped-Logo-2-2048x957.png 2048w\" sizes=\"auto, (max-width: 3442px) 100vw, 3442px\" \/><\/a><\/div>","protected":false},"excerpt":{"rendered":"<p>Chilpancingo Gro., 02 de mayo del a\u00f1o 2026.-En el marco de la conmemoraci\u00f3n del D\u00eda del Trabajo, maestros<\/p>\n","protected":false},"author":2,"featured_media":79103,"comment_status":"open","ping_status":"closed","sticky":false,"template":"","format":"standard","meta":{"footnotes":""},"categories":[43],"tags":[36643,36644],"class_list":["post-79102","post","type-post","status-publish","format-standard","has-post-thumbnail","hentry","category-evivo","tag-ceteg-irrumpe-en-mitin-del-snte","tag-y-toma-templete-en-chilpancingo"],"_links":{"self":[{"href":"https:\/\/periodismodigital.mx\/index.php?rest_route=\/wp\/v2\/posts\/79102","targetHints":{"allow":["GET"]}}],"collection":[{"href":"https:\/\/periodismodigital.mx\/index.php?rest_route=\/wp\/v2\/posts"}],"about":[{"href":"https:\/\/periodismodigital.mx\/index.php?rest_route=\/wp\/v2\/types\/post"}],"author":[{"embeddable":true,"href":"https:\/\/periodismodigital.mx\/index.php?rest_route=\/wp\/v2\/users\/2"}],"replies":[{"embeddable":true,"href":"https:\/\/periodismodigital.mx\/index.php?rest_route=%2Fwp%2Fv2%2Fcomments&post=79102"}],"version-history":[{"count":1,"href":"https:\/\/periodismodigital.mx\/index.php?rest_route=\/wp\/v2\/posts\/79102\/revisions"}],"predecessor-version":[{"id":79105,"href":"https:\/\/periodismodigital.mx\/index.php?rest_route=\/wp\/v2\/posts\/79102\/revisions\/79105"}],"wp:featuredmedia":[{"embeddable":true,"href":"https:\/\/periodismodigital.mx\/index.php?rest_route=\/wp\/v2\/media\/79103"}],"wp:attachment":[{"href":"https:\/\/periodismodigital.mx\/index.php?rest_route=%2Fwp%2Fv2%2Fmedia&parent=79102"}],"wp:term":[{"taxonomy":"category","embeddable":true,"href":"https:\/\/periodismodigital.mx\/index.php?rest_route=%2Fwp%2Fv2%2Fcategories&post=79102"},{"taxonomy":"post_tag","embeddable":true,"href":"https:\/\/periodismodigital.mx\/index.php?rest_route=%2Fwp%2Fv2%2Ftags&post=79102"}],"curies":[{"name":"wp","href":"https:\/\/api.w.org\/{rel}","templated":true}]}}