{"id":79111,"date":"2026-05-02T03:35:11","date_gmt":"2026-05-02T03:35:11","guid":{"rendered":"https:\/\/periodismodigital.mx\/?p=79111"},"modified":"2026-05-02T03:35:13","modified_gmt":"2026-05-02T03:35:13","slug":"ultiman-a-dueno-de-taller-de-motos-y-hieren-a-una-mujer-en-acapulco","status":"publish","type":"post","link":"https:\/\/periodismodigital.mx\/?p=79111","title":{"rendered":"Ultiman a due\u00f1o de taller de motos y hieren a una mujer en Acapulco"},"content":{"rendered":"<div class=\"is-default-size wp-block-site-logo\"><a href=\"https:\/\/periodismodigital.mx\/\" class=\"custom-logo-link\" rel=\"home\"><img loading=\"lazy\" decoding=\"async\" width=\"3442\" height=\"1609\" src=\"https:\/\/periodismodigital.mx\/wp-content\/uploads\/2021\/12\/cropped-Logo-2.png\" class=\"custom-logo\" alt=\"El Implacable\" srcset=\"https:\/\/periodismodigital.mx\/wp-content\/uploads\/2021\/12\/cropped-Logo-2.png 3442w, https:\/\/periodismodigital.mx\/wp-content\/uploads\/2021\/12\/cropped-Logo-2-300x140.png 300w, https:\/\/periodismodigital.mx\/wp-content\/uploads\/2021\/12\/cropped-Logo-2-1024x479.png 1024w, https:\/\/periodismodigital.mx\/wp-content\/uploads\/2021\/12\/cropped-Logo-2-768x359.png 768w, https:\/\/periodismodigital.mx\/wp-content\/uploads\/2021\/12\/cropped-Logo-2-1536x718.png 1536w, https:\/\/periodismodigital.mx\/wp-content\/uploads\/2021\/12\/cropped-Logo-2-2048x957.png 2048w\" sizes=\"auto, (max-width: 3442px) 100vw, 3442px\" \/><\/a><\/div>\n\n\n<p>Acapulco Gro., 02 de mayo del a\u00f1o 2026.-Un ataque armado contra taller de motocicletas dej\u00f3 como saldo un hombre sin vida y una mujer lesionada en la colonia Cuauht\u00e9moc, en Acapulco.<br>El incidente se registr\u00f3 la ma\u00f1ana de este jueves 1 de mayo en un establecimiento ubicado sobre la calle 10, en el tramo comprendido entre las avenidas Ejido y Emiliano Zapata.<br>De acuerdo con los primeros reportes sujetos armados arribaron al negocio ubicado frente al plantel del CECATI 77 y abrieron fuego contra las personas presentes.<br>Ante la urgencia de las heridas, las v\u00edctimas fueron trasladadas por sus propios medios a un hospital para su atenci\u00f3n m\u00e9dica.<br>Fuentes policiales confirmaron que la v\u00edctima mortal fue identificada como Jairo quien era due\u00f1o del establecimiento, quien presentaba impactos de proyectil de arma de fuego en la zona abdominal.<br>A pesar de los esfuerzos m\u00e9dicos, se report\u00f3 su deceso minutos despu\u00e9s de haber ingresado a la unidad de salud.<br>Por su parte, su pareja sentimental, quien tambi\u00e9n result\u00f3 alcanzada por las balas durante la agresi\u00f3n, permanece bajo observaci\u00f3n m\u00e9dica.<br>Elementos de diversas corporaciones de seguridad delimitaron la zona donde quedaron esparcidos casquillos percutidos entre las motocicletas que se encontraban en reparaci\u00f3n.<br><\/p>\n\n\n\n<p><\/p>\n\n\n\n<p>Arrojan cuerpo con huellas de tortura desde un veh\u00edculo en la colonia Zapata<\/p>\n\n\n\n<p>El cuerpo de un hombre sin vida con visibles huellas de tortura fue localizado la tarde de este viernes en la colonia Emiliano Zapata, en la zona suburbana de Acapulco.<br>El hallazgo se report\u00f3 minutos despu\u00e9s del mediod\u00eda en la intersecci\u00f3n de las calles 13 y 32, en las inmediaciones de la cancha deportiva del Sector 6.<br>De acuerdo con reportes policiales sujetos desconocidos arribaron al lugar a bordo de un veh\u00edculo en movimiento, desde el cual arrojaron el cuerpo antes de huir con rumbo desconocido.<br>Al lugar arribaron agentes policiales de los tres \u00f3rdenes de gobierno quienes confirmaron que la v\u00edctima ya no contaba con signos vitales y que el ataque se habr\u00eda perpetrado con piedras, por lo que acordonaron la zona.<\/p>\n\n\n<div class=\"is-default-size wp-block-site-logo\"><a href=\"https:\/\/periodismodigital.mx\/\" class=\"custom-logo-link\" rel=\"home\"><img loading=\"lazy\" decoding=\"async\" width=\"3442\" height=\"1609\" src=\"https:\/\/periodismodigital.mx\/wp-content\/uploads\/2021\/12\/cropped-Logo-2.png\" class=\"custom-logo\" alt=\"El Implacable\" srcset=\"https:\/\/periodismodigital.mx\/wp-content\/uploads\/2021\/12\/cropped-Logo-2.png 3442w, https:\/\/periodismodigital.mx\/wp-content\/uploads\/2021\/12\/cropped-Logo-2-300x140.png 300w, https:\/\/periodismodigital.mx\/wp-content\/uploads\/2021\/12\/cropped-Logo-2-1024x479.png 1024w, https:\/\/periodismodigital.mx\/wp-content\/uploads\/2021\/12\/cropped-Logo-2-768x359.png 768w, https:\/\/periodismodigital.mx\/wp-content\/uploads\/2021\/12\/cropped-Logo-2-1536x718.png 1536w, https:\/\/periodismodigital.mx\/wp-content\/uploads\/2021\/12\/cropped-Logo-2-2048x957.png 2048w\" sizes=\"auto, (max-width: 3442px) 100vw, 3442px\" \/><\/a><\/div>","protected":false},"excerpt":{"rendered":"<p>Acapulco Gro., 02 de mayo del a\u00f1o 2026.-Un ataque armado contra taller de motocicletas dej\u00f3 como saldo un<\/p>\n","protected":false},"author":2,"featured_media":79112,"comment_status":"open","ping_status":"closed","sticky":false,"template":"","format":"standard","meta":{"footnotes":""},"categories":[4],"tags":[36646,36647],"class_list":["post-79111","post","type-post","status-publish","format-standard","has-post-thumbnail","hentry","category-policiaca","tag-ultiman-a-dueno-de-taller-de-motos","tag-y-hieren-a-una-mujer-en-acapulco"],"_links":{"self":[{"href":"https:\/\/periodismodigital.mx\/index.php?rest_route=\/wp\/v2\/posts\/79111","targetHints":{"allow":["GET"]}}],"collection":[{"href":"https:\/\/periodismodigital.mx\/index.php?rest_route=\/wp\/v2\/posts"}],"about":[{"href":"https:\/\/periodismodigital.mx\/index.php?rest_route=\/wp\/v2\/types\/post"}],"author":[{"embeddable":true,"href":"https:\/\/periodismodigital.mx\/index.php?rest_route=\/wp\/v2\/users\/2"}],"replies":[{"embeddable":true,"href":"https:\/\/periodismodigital.mx\/index.php?rest_route=%2Fwp%2Fv2%2Fcomments&post=79111"}],"version-history":[{"count":1,"href":"https:\/\/periodismodigital.mx\/index.php?rest_route=\/wp\/v2\/posts\/79111\/revisions"}],"predecessor-version":[{"id":79113,"href":"https:\/\/periodismodigital.mx\/index.php?rest_route=\/wp\/v2\/posts\/79111\/revisions\/79113"}],"wp:featuredmedia":[{"embeddable":true,"href":"https:\/\/periodismodigital.mx\/index.php?rest_route=\/wp\/v2\/media\/79112"}],"wp:attachment":[{"href":"https:\/\/periodismodigital.mx\/index.php?rest_route=%2Fwp%2Fv2%2Fmedia&parent=79111"}],"wp:term":[{"taxonomy":"category","embeddable":true,"href":"https:\/\/periodismodigital.mx\/index.php?rest_route=%2Fwp%2Fv2%2Fcategories&post=79111"},{"taxonomy":"post_tag","embeddable":true,"href":"https:\/\/periodismodigital.mx\/index.php?rest_route=%2Fwp%2Fv2%2Ftags&post=79111"}],"curies":[{"name":"wp","href":"https:\/\/api.w.org\/{rel}","templated":true}]}}