{"id":79114,"date":"2026-05-02T03:49:02","date_gmt":"2026-05-02T03:49:02","guid":{"rendered":"https:\/\/periodismodigital.mx\/?p=79114"},"modified":"2026-05-02T03:49:03","modified_gmt":"2026-05-02T03:49:03","slug":"imprudencia-del-presidente-municipal-de-chilpancingo-saul-alarcon-herrera-cobra-una-vida-en-la-autopista-del-sol","status":"publish","type":"post","link":"https:\/\/periodismodigital.mx\/?p=79114","title":{"rendered":"Imprudencia del Presidente municipal de Chilpancingo, Sa\u00fal Alarc\u00f3n Herrera cobra una vida en la autopista del Sol."},"content":{"rendered":"<div class=\"is-default-size wp-block-site-logo\"><a href=\"https:\/\/periodismodigital.mx\/\" class=\"custom-logo-link\" rel=\"home\"><img loading=\"lazy\" decoding=\"async\" width=\"3442\" height=\"1609\" src=\"https:\/\/periodismodigital.mx\/wp-content\/uploads\/2021\/12\/cropped-Logo-2.png\" class=\"custom-logo\" alt=\"El Implacable\" srcset=\"https:\/\/periodismodigital.mx\/wp-content\/uploads\/2021\/12\/cropped-Logo-2.png 3442w, https:\/\/periodismodigital.mx\/wp-content\/uploads\/2021\/12\/cropped-Logo-2-300x140.png 300w, https:\/\/periodismodigital.mx\/wp-content\/uploads\/2021\/12\/cropped-Logo-2-1024x479.png 1024w, https:\/\/periodismodigital.mx\/wp-content\/uploads\/2021\/12\/cropped-Logo-2-768x359.png 768w, https:\/\/periodismodigital.mx\/wp-content\/uploads\/2021\/12\/cropped-Logo-2-1536x718.png 1536w, https:\/\/periodismodigital.mx\/wp-content\/uploads\/2021\/12\/cropped-Logo-2-2048x957.png 2048w\" sizes=\"auto, (max-width: 3442px) 100vw, 3442px\" \/><\/a><\/div>\n\n\n<p>Los hechos se registraron en la ma\u00f1ana de hoy sobre el carril de baja velocidad del Boulevar donde el ayuntamiento desde hace un mes y medio abri\u00f3 un socavon para destapar un tubo del drenaje, pero no colocaron se\u00f1alamientos y ni luces en el lugar lo que ocasion\u00f3 que un conductor cayera a ocho metros de profundidad y perdiera la vida.<\/p>\n\n\n\n<p>Mientras que el irresponsable que gobierna Chilpancingo anda de puente vacacional, aun cuando los comerciantes establecidos en el lugar donde se realiza la obra le est\u00e1n exigiendo que agilice los trabajos que van a paso de tortuga y que pudieran empeorar na la llegada de las lluvias porque ah\u00ed se vuelve una laguna, lo que cobrar\u00eda m\u00e1s vidas humanas.<\/p>\n\n\n\n<figure class=\"wp-block-image size-large\"><img loading=\"lazy\" decoding=\"async\" width=\"853\" height=\"1024\" src=\"https:\/\/periodismodigital.mx\/wp-content\/uploads\/2026\/05\/WhatsApp-Image-2026-05-01-at-07.51.01-853x1024.jpeg\" alt=\"\" class=\"wp-image-79116\" srcset=\"https:\/\/periodismodigital.mx\/wp-content\/uploads\/2026\/05\/WhatsApp-Image-2026-05-01-at-07.51.01-853x1024.jpeg 853w, https:\/\/periodismodigital.mx\/wp-content\/uploads\/2026\/05\/WhatsApp-Image-2026-05-01-at-07.51.01-250x300.jpeg 250w, https:\/\/periodismodigital.mx\/wp-content\/uploads\/2026\/05\/WhatsApp-Image-2026-05-01-at-07.51.01-768x922.jpeg 768w, https:\/\/periodismodigital.mx\/wp-content\/uploads\/2026\/05\/WhatsApp-Image-2026-05-01-at-07.51.01-1024x1229.jpeg 1024w, https:\/\/periodismodigital.mx\/wp-content\/uploads\/2026\/05\/WhatsApp-Image-2026-05-01-at-07.51.01.jpeg 1029w\" sizes=\"auto, (max-width: 853px) 100vw, 853px\" \/><\/figure>\n\n\n<div class=\"is-default-size wp-block-site-logo\"><a href=\"https:\/\/periodismodigital.mx\/\" class=\"custom-logo-link\" rel=\"home\"><img loading=\"lazy\" decoding=\"async\" width=\"3442\" height=\"1609\" src=\"https:\/\/periodismodigital.mx\/wp-content\/uploads\/2021\/12\/cropped-Logo-2.png\" class=\"custom-logo\" alt=\"El Implacable\" srcset=\"https:\/\/periodismodigital.mx\/wp-content\/uploads\/2021\/12\/cropped-Logo-2.png 3442w, https:\/\/periodismodigital.mx\/wp-content\/uploads\/2021\/12\/cropped-Logo-2-300x140.png 300w, https:\/\/periodismodigital.mx\/wp-content\/uploads\/2021\/12\/cropped-Logo-2-1024x479.png 1024w, https:\/\/periodismodigital.mx\/wp-content\/uploads\/2021\/12\/cropped-Logo-2-768x359.png 768w, https:\/\/periodismodigital.mx\/wp-content\/uploads\/2021\/12\/cropped-Logo-2-1536x718.png 1536w, https:\/\/periodismodigital.mx\/wp-content\/uploads\/2021\/12\/cropped-Logo-2-2048x957.png 2048w\" sizes=\"auto, (max-width: 3442px) 100vw, 3442px\" \/><\/a><\/div>\n\n\n<p>Hallan restos humanos en bolsas en Olinal\u00e1; investigan si corresponden a uno o dos cuerpos<\/p>\n\n\n\n<p>El hallazgo se registr\u00f3 en el crucero de Papalutla; autoridades localizaron cuatro bolsas con restos humanos en la regi\u00f3n de La Monta\u00f1a<\/p>\n\n\n\n<p>Chilpancingo, Gro., 01 de mayo de 2026.\u2013 Restos humanos contenidos en bolsas fueron localizados la tarde de este viernes en el municipio de Olinal\u00e1, en la regi\u00f3n de La Monta\u00f1a de Guerrero, informaron autoridades de seguridad.<\/p>\n\n\n\n<p>De acuerdo con reportes oficiales, el hallazgo se registr\u00f3 alrededor de las 14:00 horas en el crucero de la localidad de Papalutla, donde se alert\u00f3 sobre la presencia de varias bolsas con restos humanos.<\/p>\n\n\n\n<p>Al arribar al sitio, elementos ministeriales localizaron dos bolsas de gran tama\u00f1o y dos m\u00e1s peque\u00f1as, por lo que de manera preliminar se investiga si los restos corresponden a una o dos personas.<\/p>\n\n\n\n<p>Personal de la Fiscal\u00eda General del Estado realiz\u00f3 las diligencias de ley y el levantamiento de los restos, que fueron trasladados al Servicio M\u00e9dico Forense para los estudios correspondientes que permitan su identificaci\u00f3n.<\/p>\n\n\n\n<p>Las autoridades no han proporcionado m\u00e1s detalles sobre la identidad de las v\u00edctimas ni sobre posibles responsables, mientras contin\u00faan las investigaciones.<\/p>\n\n\n\n<figure class=\"wp-block-image size-full\"><img loading=\"lazy\" decoding=\"async\" width=\"1002\" height=\"565\" src=\"https:\/\/periodismodigital.mx\/wp-content\/uploads\/2023\/06\/WhatsApp-Image-2023-06-27-at-7.01.55-AM.jpeg\" alt=\"\" class=\"wp-image-28426\" srcset=\"https:\/\/periodismodigital.mx\/wp-content\/uploads\/2023\/06\/WhatsApp-Image-2023-06-27-at-7.01.55-AM.jpeg 1002w, https:\/\/periodismodigital.mx\/wp-content\/uploads\/2023\/06\/WhatsApp-Image-2023-06-27-at-7.01.55-AM-300x169.jpeg 300w, https:\/\/periodismodigital.mx\/wp-content\/uploads\/2023\/06\/WhatsApp-Image-2023-06-27-at-7.01.55-AM-768x433.jpeg 768w\" sizes=\"auto, (max-width: 1002px) 100vw, 1002px\" \/><\/figure>\n\n\n<div class=\"is-default-size wp-block-site-logo\"><a href=\"https:\/\/periodismodigital.mx\/\" class=\"custom-logo-link\" rel=\"home\"><img loading=\"lazy\" decoding=\"async\" width=\"3442\" height=\"1609\" src=\"https:\/\/periodismodigital.mx\/wp-content\/uploads\/2021\/12\/cropped-Logo-2.png\" class=\"custom-logo\" alt=\"El Implacable\" srcset=\"https:\/\/periodismodigital.mx\/wp-content\/uploads\/2021\/12\/cropped-Logo-2.png 3442w, https:\/\/periodismodigital.mx\/wp-content\/uploads\/2021\/12\/cropped-Logo-2-300x140.png 300w, https:\/\/periodismodigital.mx\/wp-content\/uploads\/2021\/12\/cropped-Logo-2-1024x479.png 1024w, https:\/\/periodismodigital.mx\/wp-content\/uploads\/2021\/12\/cropped-Logo-2-768x359.png 768w, https:\/\/periodismodigital.mx\/wp-content\/uploads\/2021\/12\/cropped-Logo-2-1536x718.png 1536w, https:\/\/periodismodigital.mx\/wp-content\/uploads\/2021\/12\/cropped-Logo-2-2048x957.png 2048w\" sizes=\"auto, (max-width: 3442px) 100vw, 3442px\" \/><\/a><\/div>","protected":false},"excerpt":{"rendered":"<p>A la altura del Restaurant el 30.<\/p>\n","protected":false},"author":2,"featured_media":79115,"comment_status":"open","ping_status":"closed","sticky":false,"template":"","format":"standard","meta":{"footnotes":""},"categories":[4],"tags":[36650,36648,36649],"class_list":["post-79114","post","type-post","status-publish","format-standard","has-post-thumbnail","hentry","category-policiaca","tag-cobra-una-vida-en-la-autopista-del-sol","tag-imprudencia-del-presidente-municipal-de-chilpancingo","tag-saul-alarcon-herrera"],"_links":{"self":[{"href":"https:\/\/periodismodigital.mx\/index.php?rest_route=\/wp\/v2\/posts\/79114","targetHints":{"allow":["GET"]}}],"collection":[{"href":"https:\/\/periodismodigital.mx\/index.php?rest_route=\/wp\/v2\/posts"}],"about":[{"href":"https:\/\/periodismodigital.mx\/index.php?rest_route=\/wp\/v2\/types\/post"}],"author":[{"embeddable":true,"href":"https:\/\/periodismodigital.mx\/index.php?rest_route=\/wp\/v2\/users\/2"}],"replies":[{"embeddable":true,"href":"https:\/\/periodismodigital.mx\/index.php?rest_route=%2Fwp%2Fv2%2Fcomments&post=79114"}],"version-history":[{"count":1,"href":"https:\/\/periodismodigital.mx\/index.php?rest_route=\/wp\/v2\/posts\/79114\/revisions"}],"predecessor-version":[{"id":79117,"href":"https:\/\/periodismodigital.mx\/index.php?rest_route=\/wp\/v2\/posts\/79114\/revisions\/79117"}],"wp:featuredmedia":[{"embeddable":true,"href":"https:\/\/periodismodigital.mx\/index.php?rest_route=\/wp\/v2\/media\/79115"}],"wp:attachment":[{"href":"https:\/\/periodismodigital.mx\/index.php?rest_route=%2Fwp%2Fv2%2Fmedia&parent=79114"}],"wp:term":[{"taxonomy":"category","embeddable":true,"href":"https:\/\/periodismodigital.mx\/index.php?rest_route=%2Fwp%2Fv2%2Fcategories&post=79114"},{"taxonomy":"post_tag","embeddable":true,"href":"https:\/\/periodismodigital.mx\/index.php?rest_route=%2Fwp%2Fv2%2Ftags&post=79114"}],"curies":[{"name":"wp","href":"https:\/\/api.w.org\/{rel}","templated":true}]}}