{"id":8813,"date":"2022-07-21T09:18:14","date_gmt":"2022-07-21T09:18:14","guid":{"rendered":"https:\/\/periodismodigital.mx\/?p=8813"},"modified":"2022-07-21T09:18:16","modified_gmt":"2022-07-21T09:18:16","slug":"las-efemerides-por-los-hermanos-pastenes-109","status":"publish","type":"post","link":"https:\/\/periodismodigital.mx\/?p=8813","title":{"rendered":"Las efem\u00e9rides: por los hermanos Pastenes"},"content":{"rendered":"\n<p>\u201cEL AMOR A LA PATRIA COMPRENDE TODOS LOS AMORES HUMANOS, ESE AMOR SE SIENTE PRIMERO Y SE EXPLICA LUEGO.\u201d Justo Sierra M\u00e9ndez (Escritor y Pol\u00edtico mexicano, llamado \u201cEl Maestro de Am\u00e9rica\u201d).<\/p>\n\n\n\n<p>Seg\u00fan el fecundo Investigador de nuestra Historia Regional Guerrerense, Maestro ERNESTO PASTENES HERN\u00c1NDEZ, Cronista del Municipio de Tixtla de Guerrero, Gro; y estudioso infatigable de nuestra Historia Guerrerense, se\u00f1ala que hoy, VEINTIUNO DE JULIO DEL DOS MIL VEINTID\u00d3S se celebra a Lorenzo de Brindis, presb\u00edtero y doctor; Abam\u00f3n, Adri\u00e1n, Elio, V\u00edctor, Pr\u00e1xedes, Julia, Claudio, Justo, m\u00e1rtires; Arbogasto, abad; Domnino, Ignacio, Crimoaldo, Gondulfo, confesores; Z\u00f3tico, obispo; Reinilda, virgen; Juan, monje; Daniel, profeta y, destaca SIETE acontecimientos hist\u00f3ricos de VEINTICUATRO sucesos consignados en sus escritos&gt; que se estiman, relevantes y que relacionamos a continuaci\u00f3n:<\/p>\n\n\n\n<p>1732.- Nace en la hacienda de Acevedotla (hoy municipio de Tetipac, Gro.) el cient\u00edfico Joaqu\u00edn Vel\u00e1zquez de Le\u00f3n y C\u00e1rdenas, astr\u00f3nomo y cient\u00edfico, fundador y primer director del Tribunal de Miner\u00eda y de la Escuela de Minas. Es autor de los trabajos: \u201cArco triunfal\u201d, \u201cInformes al virrey Croix, sobre las minas, 1771\u201d, y \u201cArco del triunfo del virrey Bucareli\u201d. Otras versiones se\u00f1alan que naci\u00f3 el 12 de junio, y otras el 21 de junio de 1732.<\/p>\n\n\n\n<p>1822.- Durante la investidura de Agust\u00edn de Iturbide como emperador, el general Vicente Guerrero se hallaba en la Ciudad de M\u00e9xico, m\u00e1s que para acudir al grotesco acto, asist\u00eda para que le pagaran los salarios propios y de su tropa; pues a pesar de los continuos cobros de Guerrero, s\u00f3lo le daban largas (Iturbide adeudaba a Guerrero 20 mil pesos ; adem\u00e1s deb\u00eda a otros oficiales surianos m\u00e1s de 100 mil pesos). Pero lo m\u00e1s absurdo que hizo Iturbide fue impedir que Guerrero regresara a su capitan\u00eda, dando sinf\u00edn de evasivas, como esperar su entrega de pagos, o que era precisa su presencia para X cosa. Total, que desde estas fechas, el general Guerrero y su tropa estuvieron pr\u00e1cticamente secuestrados, con una r\u00edgida vigilancia que les imped\u00eda salir de la capital. Este arraigo forzado de Guerrero, le permiti\u00f3 mantener reuniones, pl\u00e1ticas, con republicanos de la talla de Nicol\u00e1s Bravo, y diputados encabezados por fray Servando Teresa de Mier.<\/p>\n\n\n\n<p>1911.- En La Laja, municipio de Ajuchitl\u00e1n, Gro., nace el m\u00e9dico y profesor Abel Olea Borja, quien, como director del hospital de Arcelia, Gro., dirigiera campa\u00f1as m\u00e9dicas de erradicaci\u00f3n del paludismo y del pinto. Fue presidente municipal de Arcelia.<\/p>\n\n\n\n<p>1949.- Nace en Tlapa de Comonfort, Gro., el escritor, contador p\u00fablico Daniel Garc\u00eda Fern\u00e1ndez, autor de las novelas: \u201cLos l\u00edmites del Sur\u201d y \u201cEl hept\u00f3logo\u201d; y de los cuentos: \u201cA pesar de los aviones\u201d, \u201cAtanor\u201d y \u201cYo, pr\u00edncipe cuateco\u201d.<\/p>\n\n\n\n<p>1983.- En la Ciudad de M\u00e9xico, es reprimido el movimiento democr\u00e1tico de la Escuela Normal Superior de M\u00e9xico.<\/p>\n\n\n\n<p>1995.- Muere en Colotlipa, municipio de Quechultenango, Gro., Andr\u00e9s Ortega Casarrubias \u201cEl Chivo\u201d, guardi\u00e1n oficial y descubridor de ramales de las grutas de Juxtlahuaca, Gro.<\/p>\n\n\n\n<p>2017.- En la casa de la familia Mojica Morga, en Huehuet\u00e1n, municipio de Azoy\u00fa, Gro., ante la presencia de los embajadores de Jamaica, Belice y Nigeria, y de la coordinadora nacional de Antropolog\u00eda del INAH, Mar\u00eda Elisa Vel\u00e1zquez Guti\u00e9rrez, es inaugurado el Museo Comunitario Afromexicano, con m\u00e1s de 150 piezas arqueol\u00f3gicas<\/p>\n\n\n\n<p>Desde el Hermoso y Prol\u00edfero Valle de Tixtla, Gro; \u201cSantuario del Hero\u00edsmo Nacional\u201d.<br>Su Servidor.<\/p>\n\n\n\n<p>J. Jes\u00fas Pastenes Hern\u00e1ndez.<br>(Fuente: Pastenes Hern\u00e1ndez, Ernesto. \u201cCr\u00f3nicas Guerrerenses\u201d, Tomo II. 2020. M\u00e9xico).<\/p>\n","protected":false},"excerpt":{"rendered":"<p>\u201cEL AMOR A LA PATRIA COMPRENDE TODOS LOS AMORES HUMANOS, ESE AMOR SE SIENTE PRIMERO Y SE EXPLICA LUEGO.\u201d Justo Sierra M\u00e9ndez (Escritor y Pol\u00edtico mexicano, llamado \u201cEl Maestro de Am\u00e9rica\u201d).<\/p>\n","protected":false},"author":2,"featured_media":7812,"comment_status":"open","ping_status":"closed","sticky":false,"template":"","format":"standard","meta":{"footnotes":""},"categories":[5],"tags":[3769],"class_list":["post-8813","post","type-post","status-publish","format-standard","has-post-thumbnail","hentry","category-social","tag-las-efemerides-por-los-ernesto-y-jesus-pastenes-hernandez"],"_links":{"self":[{"href":"https:\/\/periodismodigital.mx\/index.php?rest_route=\/wp\/v2\/posts\/8813","targetHints":{"allow":["GET"]}}],"collection":[{"href":"https:\/\/periodismodigital.mx\/index.php?rest_route=\/wp\/v2\/posts"}],"about":[{"href":"https:\/\/periodismodigital.mx\/index.php?rest_route=\/wp\/v2\/types\/post"}],"author":[{"embeddable":true,"href":"https:\/\/periodismodigital.mx\/index.php?rest_route=\/wp\/v2\/users\/2"}],"replies":[{"embeddable":true,"href":"https:\/\/periodismodigital.mx\/index.php?rest_route=%2Fwp%2Fv2%2Fcomments&post=8813"}],"version-history":[{"count":1,"href":"https:\/\/periodismodigital.mx\/index.php?rest_route=\/wp\/v2\/posts\/8813\/revisions"}],"predecessor-version":[{"id":8815,"href":"https:\/\/periodismodigital.mx\/index.php?rest_route=\/wp\/v2\/posts\/8813\/revisions\/8815"}],"wp:featuredmedia":[{"embeddable":true,"href":"https:\/\/periodismodigital.mx\/index.php?rest_route=\/wp\/v2\/media\/7812"}],"wp:attachment":[{"href":"https:\/\/periodismodigital.mx\/index.php?rest_route=%2Fwp%2Fv2%2Fmedia&parent=8813"}],"wp:term":[{"taxonomy":"category","embeddable":true,"href":"https:\/\/periodismodigital.mx\/index.php?rest_route=%2Fwp%2Fv2%2Fcategories&post=8813"},{"taxonomy":"post_tag","embeddable":true,"href":"https:\/\/periodismodigital.mx\/index.php?rest_route=%2Fwp%2Fv2%2Ftags&post=8813"}],"curies":[{"name":"wp","href":"https:\/\/api.w.org\/{rel}","templated":true}]}}